{"id":13338,"date":"2021-04-29T20:55:13","date_gmt":"2021-04-30T01:55:13","guid":{"rendered":"https:\/\/thepueblatimes.mx\/?p=13338"},"modified":"2021-04-29T20:55:13","modified_gmt":"2021-04-30T01:55:13","slug":"tras-operativo-atrapan-a-dos-presuntos-delincuentes-en-atlixco","status":"publish","type":"post","link":"https:\/\/thepueblatimes.mx\/index.php\/2021\/04\/29\/tras-operativo-atrapan-a-dos-presuntos-delincuentes-en-atlixco\/","title":{"rendered":"Tras operativo atrapan a dos presuntos delincuentes en Atlixco"},"content":{"rendered":"<div class=\"content-body clearfix \">\n<div id=\"content-body-225-6657917\">\n<p>ATLIXCO, Pue. Un presunto vendedor de estupefacientes y el portador de un arma de fuego de alto calibre sin licencia fueron detenidos por corporaciones de los tres niveles de gobierno en diversas zonas de este municipio.<\/p>\n<p>En el primer caso, elementos de la direcci\u00f3n de Seguridad P\u00fablica de Atlixco realizaban un operativo en conjunto con la Guardia Nacional y vialidad local cerca de las 9 de la noche de este mi\u00e9rcoles sobre la calle Rep\u00fablica de Hait\u00ed de la colonia San Alfonso, al norte de la mancha urbana.<\/p>\n<\/div>\n<\/div>\n<div class=\"advertisment \">Ah\u00ed observaron a un sujeto sobre una motocicleta color verde sin placas de circulaci\u00f3n y con estrobos de color azul y rojo. \u201cAl notar la presencia del convoy, el conductor se dio la vuelta a gran velocidad mostrando una actitud evasiva. En consecuencia, agentes solicitaron detener su marcha para realizarle una inspecci\u00f3n\u201d, destacaron testigos.<\/div>\n<div><\/div>\n<div>\n<p>El hombre dijo llamarse Israel N., de 31 a\u00f1os de edad, quien tra\u00eda consigo una mochila tipo militar caf\u00e9. En su interior hab\u00eda cinco envoltorios met\u00e1licos con una sustancia en forma de piedra con caracter\u00edsticas similares a la droga conocida como coca\u00edna.<\/p>\n<p>De igual manera portaba un casco t\u00e1ctico beige de uso exclusivo de las fuerzas de Seguridad P\u00fablica. El presunto delincuente qued\u00f3 detenido y puesto a disposici\u00f3n de la Fiscal\u00eda General del Estado (FGE) por presuntos delitos contra la salud en la modalidad de posesi\u00f3n simple.<\/p>\n<p>En la segunda historia, uniformados de la polic\u00eda estatal en coordinaci\u00f3n con sus similares de Atlixco realizaban un recorrido preventivo sobre el Libramiento Sur de la ciudad, en los l\u00edmites con Huaquechula. En la zona vislumbraron a un veh\u00edculo el cual tras descubrirlos tom\u00f3 una actitud evasiva e inusual incrementando la velocidad.<\/p>\n<p>Luego de alcanzarlo y detenerlo, los uniformados esculcan a Juan \u00c1ngel N., de 21 a\u00f1os de edad. La sorpresa es encontrarle un arma de fuego tipo revolver abastecida con nueve cartuchos \u00fatiles calibre 22 mil\u00edmetros. El involucrado dijo no contar con los permisos necesarios. Est\u00e1 a disposici\u00f3n de la Fiscal\u00eda General de la Rep\u00fablica (FGR) por el posible delito de portaci\u00f3n de arma de fuego sin licencia.<\/p>\n<\/div>\n","protected":false},"excerpt":{"rendered":"<p>ATLIXCO, Pue. Un presunto vendedor de estupefacientes y el portador de un arma de fuego de alto calibre sin licencia fueron detenidos por corporaciones de los tres niveles de gobierno en diversas zonas de este municipio. En el primer caso, elementos de la direcci\u00f3n de Seguridad P\u00fablica de Atlixco realizaban un operativo en conjunto con&#8230;<\/p>\n","protected":false},"author":15,"featured_media":13339,"comment_status":"open","ping_status":"open","sticky":false,"template":"","format":"standard","meta":[],"categories":[20],"tags":[45,414],"yoast_head":"<!-- This site is optimized with the Yoast SEO plugin v20.8 - https:\/\/yoast.com\/wordpress\/plugins\/seo\/ -->\n<title>Tras operativo atrapan a dos presuntos delincuentes en Atlixco - The Puebla Times<\/title>\n<meta name=\"robots\" content=\"index, follow, max-snippet:-1, max-image-preview:large, max-video-preview:-1\" \/>\n<link rel=\"canonical\" href=\"https:\/\/thepueblatimes.mx\/index.php\/2021\/04\/29\/tras-operativo-atrapan-a-dos-presuntos-delincuentes-en-atlixco\/\" \/>\n<meta property=\"og:locale\" content=\"es_ES\" \/>\n<meta property=\"og:type\" content=\"article\" \/>\n<meta property=\"og:title\" content=\"Tras operativo atrapan a dos presuntos delincuentes en Atlixco - The Puebla Times\" \/>\n<meta property=\"og:description\" content=\"ATLIXCO, Pue. Un presunto vendedor de estupefacientes y el portador de un arma de fuego de alto calibre sin licencia fueron detenidos por corporaciones de los tres niveles de gobierno en diversas zonas de este municipio. En el primer caso, elementos de la direcci\u00f3n de Seguridad P\u00fablica de Atlixco realizaban un operativo en conjunto con...\" \/>\n<meta property=\"og:url\" content=\"https:\/\/thepueblatimes.mx\/index.php\/2021\/04\/29\/tras-operativo-atrapan-a-dos-presuntos-delincuentes-en-atlixco\/\" \/>\n<meta property=\"og:site_name\" content=\"The Puebla Times\" \/>\n<meta property=\"article:published_time\" content=\"2021-04-30T01:55:13+00:00\" \/>\n<meta property=\"og:image\" content=\"https:\/\/thepueblatimes.mx\/wp-content\/uploads\/2021\/04\/DETENIDO-EN-ATLIXCO.jpg\" \/>\n\t<meta property=\"og:image:width\" content=\"768\" \/>\n\t<meta property=\"og:image:height\" content=\"479\" \/>\n\t<meta property=\"og:image:type\" content=\"image\/jpeg\" \/>\n<meta name=\"author\" content=\"Francisco S\u00e1nchez Nolasco\" \/>\n<meta name=\"twitter:card\" content=\"summary_large_image\" \/>\n<meta name=\"twitter:label1\" content=\"Escrito por\" \/>\n\t<meta name=\"twitter:data1\" content=\"Francisco S\u00e1nchez Nolasco\" \/>\n\t<meta name=\"twitter:label2\" content=\"Tiempo de lectura\" \/>\n\t<meta name=\"twitter:data2\" content=\"2 minutos\" \/>\n<script type=\"application\/ld+json\" class=\"yoast-schema-graph\">{\"@context\":\"https:\/\/schema.org\",\"@graph\":[{\"@type\":\"WebPage\",\"@id\":\"https:\/\/thepueblatimes.mx\/index.php\/2021\/04\/29\/tras-operativo-atrapan-a-dos-presuntos-delincuentes-en-atlixco\/\",\"url\":\"https:\/\/thepueblatimes.mx\/index.php\/2021\/04\/29\/tras-operativo-atrapan-a-dos-presuntos-delincuentes-en-atlixco\/\",\"name\":\"Tras operativo atrapan a dos presuntos delincuentes en Atlixco - The Puebla Times\",\"isPartOf\":{\"@id\":\"https:\/\/thepueblatimes.mx\/#website\"},\"datePublished\":\"2021-04-30T01:55:13+00:00\",\"dateModified\":\"2021-04-30T01:55:13+00:00\",\"author\":{\"@id\":\"https:\/\/thepueblatimes.mx\/#\/schema\/person\/7bdf2adbc50078b104bba72b5612f774\"},\"breadcrumb\":{\"@id\":\"https:\/\/thepueblatimes.mx\/index.php\/2021\/04\/29\/tras-operativo-atrapan-a-dos-presuntos-delincuentes-en-atlixco\/#breadcrumb\"},\"inLanguage\":\"es\",\"potentialAction\":[{\"@type\":\"ReadAction\",\"target\":[\"https:\/\/thepueblatimes.mx\/index.php\/2021\/04\/29\/tras-operativo-atrapan-a-dos-presuntos-delincuentes-en-atlixco\/\"]}]},{\"@type\":\"BreadcrumbList\",\"@id\":\"https:\/\/thepueblatimes.mx\/index.php\/2021\/04\/29\/tras-operativo-atrapan-a-dos-presuntos-delincuentes-en-atlixco\/#breadcrumb\",\"itemListElement\":[{\"@type\":\"ListItem\",\"position\":1,\"name\":\"Portada\",\"item\":\"https:\/\/thepueblatimes.mx\/\"},{\"@type\":\"ListItem\",\"position\":2,\"name\":\"Tras operativo atrapan a dos presuntos delincuentes en Atlixco\"}]},{\"@type\":\"WebSite\",\"@id\":\"https:\/\/thepueblatimes.mx\/#website\",\"url\":\"https:\/\/thepueblatimes.mx\/\",\"name\":\"The Puebla Times\",\"description\":\"Noticias del Estado de Puebla\",\"potentialAction\":[{\"@type\":\"SearchAction\",\"target\":{\"@type\":\"EntryPoint\",\"urlTemplate\":\"https:\/\/thepueblatimes.mx\/?s={search_term_string}\"},\"query-input\":\"required name=search_term_string\"}],\"inLanguage\":\"es\"},{\"@type\":\"Person\",\"@id\":\"https:\/\/thepueblatimes.mx\/#\/schema\/person\/7bdf2adbc50078b104bba72b5612f774\",\"name\":\"Francisco S\u00e1nchez Nolasco\",\"image\":{\"@type\":\"ImageObject\",\"inLanguage\":\"es\",\"@id\":\"https:\/\/thepueblatimes.mx\/#\/schema\/person\/image\/\",\"url\":\"https:\/\/secure.gravatar.com\/avatar\/6061d7d20b38bc2742a5218401b198d2?s=96&d=mm&r=g\",\"contentUrl\":\"https:\/\/secure.gravatar.com\/avatar\/6061d7d20b38bc2742a5218401b198d2?s=96&d=mm&r=g\",\"caption\":\"Francisco S\u00e1nchez Nolasco\"},\"url\":\"https:\/\/thepueblatimes.mx\/index.php\/author\/marianitha-reyes\/\"}]}<\/script>\n<!-- \/ Yoast SEO plugin. -->","yoast_head_json":{"title":"Tras operativo atrapan a dos presuntos delincuentes en Atlixco - The Puebla Times","robots":{"index":"index","follow":"follow","max-snippet":"max-snippet:-1","max-image-preview":"max-image-preview:large","max-video-preview":"max-video-preview:-1"},"canonical":"https:\/\/thepueblatimes.mx\/index.php\/2021\/04\/29\/tras-operativo-atrapan-a-dos-presuntos-delincuentes-en-atlixco\/","og_locale":"es_ES","og_type":"article","og_title":"Tras operativo atrapan a dos presuntos delincuentes en Atlixco - The Puebla Times","og_description":"ATLIXCO, Pue. Un presunto vendedor de estupefacientes y el portador de un arma de fuego de alto calibre sin licencia fueron detenidos por corporaciones de los tres niveles de gobierno en diversas zonas de este municipio. En el primer caso, elementos de la direcci\u00f3n de Seguridad P\u00fablica de Atlixco realizaban un operativo en conjunto con...","og_url":"https:\/\/thepueblatimes.mx\/index.php\/2021\/04\/29\/tras-operativo-atrapan-a-dos-presuntos-delincuentes-en-atlixco\/","og_site_name":"The Puebla Times","article_published_time":"2021-04-30T01:55:13+00:00","og_image":[{"width":768,"height":479,"url":"https:\/\/thepueblatimes.mx\/wp-content\/uploads\/2021\/04\/DETENIDO-EN-ATLIXCO.jpg","type":"image\/jpeg"}],"author":"Francisco S\u00e1nchez Nolasco","twitter_card":"summary_large_image","twitter_misc":{"Escrito por":"Francisco S\u00e1nchez Nolasco","Tiempo de lectura":"2 minutos"},"schema":{"@context":"https:\/\/schema.org","@graph":[{"@type":"WebPage","@id":"https:\/\/thepueblatimes.mx\/index.php\/2021\/04\/29\/tras-operativo-atrapan-a-dos-presuntos-delincuentes-en-atlixco\/","url":"https:\/\/thepueblatimes.mx\/index.php\/2021\/04\/29\/tras-operativo-atrapan-a-dos-presuntos-delincuentes-en-atlixco\/","name":"Tras operativo atrapan a dos presuntos delincuentes en Atlixco - The Puebla Times","isPartOf":{"@id":"https:\/\/thepueblatimes.mx\/#website"},"datePublished":"2021-04-30T01:55:13+00:00","dateModified":"2021-04-30T01:55:13+00:00","author":{"@id":"https:\/\/thepueblatimes.mx\/#\/schema\/person\/7bdf2adbc50078b104bba72b5612f774"},"breadcrumb":{"@id":"https:\/\/thepueblatimes.mx\/index.php\/2021\/04\/29\/tras-operativo-atrapan-a-dos-presuntos-delincuentes-en-atlixco\/#breadcrumb"},"inLanguage":"es","potentialAction":[{"@type":"ReadAction","target":["https:\/\/thepueblatimes.mx\/index.php\/2021\/04\/29\/tras-operativo-atrapan-a-dos-presuntos-delincuentes-en-atlixco\/"]}]},{"@type":"BreadcrumbList","@id":"https:\/\/thepueblatimes.mx\/index.php\/2021\/04\/29\/tras-operativo-atrapan-a-dos-presuntos-delincuentes-en-atlixco\/#breadcrumb","itemListElement":[{"@type":"ListItem","position":1,"name":"Portada","item":"https:\/\/thepueblatimes.mx\/"},{"@type":"ListItem","position":2,"name":"Tras operativo atrapan a dos presuntos delincuentes en Atlixco"}]},{"@type":"WebSite","@id":"https:\/\/thepueblatimes.mx\/#website","url":"https:\/\/thepueblatimes.mx\/","name":"The Puebla Times","description":"Noticias del Estado de Puebla","potentialAction":[{"@type":"SearchAction","target":{"@type":"EntryPoint","urlTemplate":"https:\/\/thepueblatimes.mx\/?s={search_term_string}"},"query-input":"required name=search_term_string"}],"inLanguage":"es"},{"@type":"Person","@id":"https:\/\/thepueblatimes.mx\/#\/schema\/person\/7bdf2adbc50078b104bba72b5612f774","name":"Francisco S\u00e1nchez Nolasco","image":{"@type":"ImageObject","inLanguage":"es","@id":"https:\/\/thepueblatimes.mx\/#\/schema\/person\/image\/","url":"https:\/\/secure.gravatar.com\/avatar\/6061d7d20b38bc2742a5218401b198d2?s=96&d=mm&r=g","contentUrl":"https:\/\/secure.gravatar.com\/avatar\/6061d7d20b38bc2742a5218401b198d2?s=96&d=mm&r=g","caption":"Francisco S\u00e1nchez Nolasco"},"url":"https:\/\/thepueblatimes.mx\/index.php\/author\/marianitha-reyes\/"}]}},"jetpack_featured_media_url":"https:\/\/thepueblatimes.mx\/wp-content\/uploads\/2021\/04\/DETENIDO-EN-ATLIXCO.jpg","_links":{"self":[{"href":"https:\/\/thepueblatimes.mx\/index.php\/wp-json\/wp\/v2\/posts\/13338"}],"collection":[{"href":"https:\/\/thepueblatimes.mx\/index.php\/wp-json\/wp\/v2\/posts"}],"about":[{"href":"https:\/\/thepueblatimes.mx\/index.php\/wp-json\/wp\/v2\/types\/post"}],"author":[{"embeddable":true,"href":"https:\/\/thepueblatimes.mx\/index.php\/wp-json\/wp\/v2\/users\/15"}],"replies":[{"embeddable":true,"href":"https:\/\/thepueblatimes.mx\/index.php\/wp-json\/wp\/v2\/comments?post=13338"}],"version-history":[{"count":1,"href":"https:\/\/thepueblatimes.mx\/index.php\/wp-json\/wp\/v2\/posts\/13338\/revisions"}],"predecessor-version":[{"id":13340,"href":"https:\/\/thepueblatimes.mx\/index.php\/wp-json\/wp\/v2\/posts\/13338\/revisions\/13340"}],"wp:featuredmedia":[{"embeddable":true,"href":"https:\/\/thepueblatimes.mx\/index.php\/wp-json\/wp\/v2\/media\/13339"}],"wp:attachment":[{"href":"https:\/\/thepueblatimes.mx\/index.php\/wp-json\/wp\/v2\/media?parent=13338"}],"wp:term":[{"taxonomy":"category","embeddable":true,"href":"https:\/\/thepueblatimes.mx\/index.php\/wp-json\/wp\/v2\/categories?post=13338"},{"taxonomy":"post_tag","embeddable":true,"href":"https:\/\/thepueblatimes.mx\/index.php\/wp-json\/wp\/v2\/tags?post=13338"}],"curies":[{"name":"wp","href":"https:\/\/api.w.org\/{rel}","templated":true}]}}