{"id":13329,"date":"2021-04-29T12:50:51","date_gmt":"2021-04-29T17:50:51","guid":{"rendered":"https:\/\/thepueblatimes.mx\/?p=13329"},"modified":"2021-04-29T12:50:51","modified_gmt":"2021-04-29T17:50:51","slug":"muere-al-impactarse-con-todo-y-moto-contra-un-remolque-en-chietla","status":"publish","type":"post","link":"https:\/\/thepueblatimes.mx\/index.php\/2021\/04\/29\/muere-al-impactarse-con-todo-y-moto-contra-un-remolque-en-chietla\/","title":{"rendered":"Muere al impactarse con todo y moto contra un remolque en Chietla"},"content":{"rendered":"<div class=\"content-body clearfix \">\n<div id=\"content-body-225-6656733\">\n<p>Chietla, Pue.- Un hombre, de aproximadamente 30 a\u00f1os de edad, muri\u00f3 tras impactarse a bordo de su motocicleta contra los remolques de ca\u00f1a de un tractor, sobre la carretera Atencingo-Escape de Lagunillas, a la altura de la unidad deportiva abandonada de Chietla.<\/p>\n<p>De acuerdo con los primeros datos, los hechos ocurrieron la noche de este mi\u00e9rcoles 28 de abril, se sabe que el sujeto presentaba estallamiento de cr\u00e1neo, por lo que perdi\u00f3 la vida de manera instant\u00e1nea, en tanto al lugar arribaron elementos de Seguridad P\u00fablica del Estado para acordonar el \u00e1rea.<\/p>\n<\/div>\n<\/div>\n<article class=\"content-continued-body clearfix \">\n<div id=\"content-body-5851641-6656733\">\n<p>Informaci\u00f3n extraoficial indic\u00f3 en su momento que el hombre fue identificado como Sebasti\u00e1n E., quien al parecer perdi\u00f3 el control de su veh\u00edculo al manillar por lo que termin\u00f3 por impactarse contra un remolque de un tractor cargado de ca\u00f1a, quedando sin vida en las segundas llantas de la unidad pesada.<\/p>\n<p>Cabe mencionar, que la vialidad qued\u00f3 suspendida por un par de horas, mientras se realizaban las maniobras y las diligencias correspondientes por parte del Servicio M\u00e9dico Forense (Semefo) y agentes de la Fiscal\u00eda General del Estado (FGE), quienes entablaron di\u00e1logo con los familiares del hoy occiso, pues se negaban a entregar el cad\u00e1ver a las autoridades.<\/p>\n<p>Finalmente, el cuerpo sin vida fue trasladado al anfiteatro del municipio de Iz\u00facar de Matamoros, para la necropsia de ley y dar inicio con la carpeta de investigaci\u00f3n bajo el n\u00famero FGEP\/CDI\/FIR\/ATENCINGO-I\/004869\/2021.<\/p>\n<\/div>\n<\/article>\n","protected":false},"excerpt":{"rendered":"<p>Chietla, Pue.- Un hombre, de aproximadamente 30 a\u00f1os de edad, muri\u00f3 tras impactarse a bordo de su motocicleta contra los remolques de ca\u00f1a de un tractor, sobre la carretera Atencingo-Escape de Lagunillas, a la altura de la unidad deportiva abandonada de Chietla. De acuerdo con los primeros datos, los hechos ocurrieron la noche de este&#8230;<\/p>\n","protected":false},"author":15,"featured_media":13330,"comment_status":"open","ping_status":"open","sticky":false,"template":"","format":"standard","meta":[],"categories":[20],"tags":[226,49],"yoast_head":"<!-- This site is optimized with the Yoast SEO plugin v20.8 - https:\/\/yoast.com\/wordpress\/plugins\/seo\/ -->\n<title>Muere al impactarse con todo y moto contra un remolque en Chietla - The Puebla Times<\/title>\n<meta name=\"robots\" content=\"index, follow, max-snippet:-1, max-image-preview:large, max-video-preview:-1\" \/>\n<link rel=\"canonical\" href=\"https:\/\/thepueblatimes.mx\/index.php\/2021\/04\/29\/muere-al-impactarse-con-todo-y-moto-contra-un-remolque-en-chietla\/\" \/>\n<meta property=\"og:locale\" content=\"es_ES\" \/>\n<meta property=\"og:type\" content=\"article\" \/>\n<meta property=\"og:title\" content=\"Muere al impactarse con todo y moto contra un remolque en Chietla - The Puebla Times\" \/>\n<meta property=\"og:description\" content=\"Chietla, Pue.- Un hombre, de aproximadamente 30 a\u00f1os de edad, muri\u00f3 tras impactarse a bordo de su motocicleta contra los remolques de ca\u00f1a de un tractor, sobre la carretera Atencingo-Escape de Lagunillas, a la altura de la unidad deportiva abandonada de Chietla. De acuerdo con los primeros datos, los hechos ocurrieron la noche de este...\" \/>\n<meta property=\"og:url\" content=\"https:\/\/thepueblatimes.mx\/index.php\/2021\/04\/29\/muere-al-impactarse-con-todo-y-moto-contra-un-remolque-en-chietla\/\" \/>\n<meta property=\"og:site_name\" content=\"The Puebla Times\" \/>\n<meta property=\"article:published_time\" content=\"2021-04-29T17:50:51+00:00\" \/>\n<meta property=\"og:image\" content=\"https:\/\/thepueblatimes.mx\/wp-content\/uploads\/2021\/04\/MUERE-TRAS-IMPACTO-EN-MOTO-EN-CHIETLA.jpg\" \/>\n\t<meta property=\"og:image:width\" content=\"768\" \/>\n\t<meta property=\"og:image:height\" content=\"479\" \/>\n\t<meta property=\"og:image:type\" content=\"image\/jpeg\" \/>\n<meta name=\"author\" content=\"Francisco S\u00e1nchez Nolasco\" \/>\n<meta name=\"twitter:card\" content=\"summary_large_image\" \/>\n<meta name=\"twitter:label1\" content=\"Escrito por\" \/>\n\t<meta name=\"twitter:data1\" content=\"Francisco S\u00e1nchez Nolasco\" \/>\n\t<meta name=\"twitter:label2\" content=\"Tiempo de lectura\" \/>\n\t<meta name=\"twitter:data2\" content=\"1 minuto\" \/>\n<script type=\"application\/ld+json\" class=\"yoast-schema-graph\">{\"@context\":\"https:\/\/schema.org\",\"@graph\":[{\"@type\":\"WebPage\",\"@id\":\"https:\/\/thepueblatimes.mx\/index.php\/2021\/04\/29\/muere-al-impactarse-con-todo-y-moto-contra-un-remolque-en-chietla\/\",\"url\":\"https:\/\/thepueblatimes.mx\/index.php\/2021\/04\/29\/muere-al-impactarse-con-todo-y-moto-contra-un-remolque-en-chietla\/\",\"name\":\"Muere al impactarse con todo y moto contra un remolque en Chietla - The Puebla Times\",\"isPartOf\":{\"@id\":\"https:\/\/thepueblatimes.mx\/#website\"},\"datePublished\":\"2021-04-29T17:50:51+00:00\",\"dateModified\":\"2021-04-29T17:50:51+00:00\",\"author\":{\"@id\":\"https:\/\/thepueblatimes.mx\/#\/schema\/person\/7bdf2adbc50078b104bba72b5612f774\"},\"breadcrumb\":{\"@id\":\"https:\/\/thepueblatimes.mx\/index.php\/2021\/04\/29\/muere-al-impactarse-con-todo-y-moto-contra-un-remolque-en-chietla\/#breadcrumb\"},\"inLanguage\":\"es\",\"potentialAction\":[{\"@type\":\"ReadAction\",\"target\":[\"https:\/\/thepueblatimes.mx\/index.php\/2021\/04\/29\/muere-al-impactarse-con-todo-y-moto-contra-un-remolque-en-chietla\/\"]}]},{\"@type\":\"BreadcrumbList\",\"@id\":\"https:\/\/thepueblatimes.mx\/index.php\/2021\/04\/29\/muere-al-impactarse-con-todo-y-moto-contra-un-remolque-en-chietla\/#breadcrumb\",\"itemListElement\":[{\"@type\":\"ListItem\",\"position\":1,\"name\":\"Portada\",\"item\":\"https:\/\/thepueblatimes.mx\/\"},{\"@type\":\"ListItem\",\"position\":2,\"name\":\"Muere al impactarse con todo y moto contra un remolque en Chietla\"}]},{\"@type\":\"WebSite\",\"@id\":\"https:\/\/thepueblatimes.mx\/#website\",\"url\":\"https:\/\/thepueblatimes.mx\/\",\"name\":\"The Puebla Times\",\"description\":\"Noticias del Estado de Puebla\",\"potentialAction\":[{\"@type\":\"SearchAction\",\"target\":{\"@type\":\"EntryPoint\",\"urlTemplate\":\"https:\/\/thepueblatimes.mx\/?s={search_term_string}\"},\"query-input\":\"required name=search_term_string\"}],\"inLanguage\":\"es\"},{\"@type\":\"Person\",\"@id\":\"https:\/\/thepueblatimes.mx\/#\/schema\/person\/7bdf2adbc50078b104bba72b5612f774\",\"name\":\"Francisco S\u00e1nchez Nolasco\",\"image\":{\"@type\":\"ImageObject\",\"inLanguage\":\"es\",\"@id\":\"https:\/\/thepueblatimes.mx\/#\/schema\/person\/image\/\",\"url\":\"https:\/\/secure.gravatar.com\/avatar\/6061d7d20b38bc2742a5218401b198d2?s=96&d=mm&r=g\",\"contentUrl\":\"https:\/\/secure.gravatar.com\/avatar\/6061d7d20b38bc2742a5218401b198d2?s=96&d=mm&r=g\",\"caption\":\"Francisco S\u00e1nchez Nolasco\"},\"url\":\"https:\/\/thepueblatimes.mx\/index.php\/author\/marianitha-reyes\/\"}]}<\/script>\n<!-- \/ Yoast SEO plugin. -->","yoast_head_json":{"title":"Muere al impactarse con todo y moto contra un remolque en Chietla - The Puebla Times","robots":{"index":"index","follow":"follow","max-snippet":"max-snippet:-1","max-image-preview":"max-image-preview:large","max-video-preview":"max-video-preview:-1"},"canonical":"https:\/\/thepueblatimes.mx\/index.php\/2021\/04\/29\/muere-al-impactarse-con-todo-y-moto-contra-un-remolque-en-chietla\/","og_locale":"es_ES","og_type":"article","og_title":"Muere al impactarse con todo y moto contra un remolque en Chietla - The Puebla Times","og_description":"Chietla, Pue.- Un hombre, de aproximadamente 30 a\u00f1os de edad, muri\u00f3 tras impactarse a bordo de su motocicleta contra los remolques de ca\u00f1a de un tractor, sobre la carretera Atencingo-Escape de Lagunillas, a la altura de la unidad deportiva abandonada de Chietla. De acuerdo con los primeros datos, los hechos ocurrieron la noche de este...","og_url":"https:\/\/thepueblatimes.mx\/index.php\/2021\/04\/29\/muere-al-impactarse-con-todo-y-moto-contra-un-remolque-en-chietla\/","og_site_name":"The Puebla Times","article_published_time":"2021-04-29T17:50:51+00:00","og_image":[{"width":768,"height":479,"url":"https:\/\/thepueblatimes.mx\/wp-content\/uploads\/2021\/04\/MUERE-TRAS-IMPACTO-EN-MOTO-EN-CHIETLA.jpg","type":"image\/jpeg"}],"author":"Francisco S\u00e1nchez Nolasco","twitter_card":"summary_large_image","twitter_misc":{"Escrito por":"Francisco S\u00e1nchez Nolasco","Tiempo de lectura":"1 minuto"},"schema":{"@context":"https:\/\/schema.org","@graph":[{"@type":"WebPage","@id":"https:\/\/thepueblatimes.mx\/index.php\/2021\/04\/29\/muere-al-impactarse-con-todo-y-moto-contra-un-remolque-en-chietla\/","url":"https:\/\/thepueblatimes.mx\/index.php\/2021\/04\/29\/muere-al-impactarse-con-todo-y-moto-contra-un-remolque-en-chietla\/","name":"Muere al impactarse con todo y moto contra un remolque en Chietla - The Puebla Times","isPartOf":{"@id":"https:\/\/thepueblatimes.mx\/#website"},"datePublished":"2021-04-29T17:50:51+00:00","dateModified":"2021-04-29T17:50:51+00:00","author":{"@id":"https:\/\/thepueblatimes.mx\/#\/schema\/person\/7bdf2adbc50078b104bba72b5612f774"},"breadcrumb":{"@id":"https:\/\/thepueblatimes.mx\/index.php\/2021\/04\/29\/muere-al-impactarse-con-todo-y-moto-contra-un-remolque-en-chietla\/#breadcrumb"},"inLanguage":"es","potentialAction":[{"@type":"ReadAction","target":["https:\/\/thepueblatimes.mx\/index.php\/2021\/04\/29\/muere-al-impactarse-con-todo-y-moto-contra-un-remolque-en-chietla\/"]}]},{"@type":"BreadcrumbList","@id":"https:\/\/thepueblatimes.mx\/index.php\/2021\/04\/29\/muere-al-impactarse-con-todo-y-moto-contra-un-remolque-en-chietla\/#breadcrumb","itemListElement":[{"@type":"ListItem","position":1,"name":"Portada","item":"https:\/\/thepueblatimes.mx\/"},{"@type":"ListItem","position":2,"name":"Muere al impactarse con todo y moto contra un remolque en Chietla"}]},{"@type":"WebSite","@id":"https:\/\/thepueblatimes.mx\/#website","url":"https:\/\/thepueblatimes.mx\/","name":"The Puebla Times","description":"Noticias del Estado de Puebla","potentialAction":[{"@type":"SearchAction","target":{"@type":"EntryPoint","urlTemplate":"https:\/\/thepueblatimes.mx\/?s={search_term_string}"},"query-input":"required name=search_term_string"}],"inLanguage":"es"},{"@type":"Person","@id":"https:\/\/thepueblatimes.mx\/#\/schema\/person\/7bdf2adbc50078b104bba72b5612f774","name":"Francisco S\u00e1nchez Nolasco","image":{"@type":"ImageObject","inLanguage":"es","@id":"https:\/\/thepueblatimes.mx\/#\/schema\/person\/image\/","url":"https:\/\/secure.gravatar.com\/avatar\/6061d7d20b38bc2742a5218401b198d2?s=96&d=mm&r=g","contentUrl":"https:\/\/secure.gravatar.com\/avatar\/6061d7d20b38bc2742a5218401b198d2?s=96&d=mm&r=g","caption":"Francisco S\u00e1nchez Nolasco"},"url":"https:\/\/thepueblatimes.mx\/index.php\/author\/marianitha-reyes\/"}]}},"jetpack_featured_media_url":"https:\/\/thepueblatimes.mx\/wp-content\/uploads\/2021\/04\/MUERE-TRAS-IMPACTO-EN-MOTO-EN-CHIETLA.jpg","_links":{"self":[{"href":"https:\/\/thepueblatimes.mx\/index.php\/wp-json\/wp\/v2\/posts\/13329"}],"collection":[{"href":"https:\/\/thepueblatimes.mx\/index.php\/wp-json\/wp\/v2\/posts"}],"about":[{"href":"https:\/\/thepueblatimes.mx\/index.php\/wp-json\/wp\/v2\/types\/post"}],"author":[{"embeddable":true,"href":"https:\/\/thepueblatimes.mx\/index.php\/wp-json\/wp\/v2\/users\/15"}],"replies":[{"embeddable":true,"href":"https:\/\/thepueblatimes.mx\/index.php\/wp-json\/wp\/v2\/comments?post=13329"}],"version-history":[{"count":1,"href":"https:\/\/thepueblatimes.mx\/index.php\/wp-json\/wp\/v2\/posts\/13329\/revisions"}],"predecessor-version":[{"id":13331,"href":"https:\/\/thepueblatimes.mx\/index.php\/wp-json\/wp\/v2\/posts\/13329\/revisions\/13331"}],"wp:featuredmedia":[{"embeddable":true,"href":"https:\/\/thepueblatimes.mx\/index.php\/wp-json\/wp\/v2\/media\/13330"}],"wp:attachment":[{"href":"https:\/\/thepueblatimes.mx\/index.php\/wp-json\/wp\/v2\/media?parent=13329"}],"wp:term":[{"taxonomy":"category","embeddable":true,"href":"https:\/\/thepueblatimes.mx\/index.php\/wp-json\/wp\/v2\/categories?post=13329"},{"taxonomy":"post_tag","embeddable":true,"href":"https:\/\/thepueblatimes.mx\/index.php\/wp-json\/wp\/v2\/tags?post=13329"}],"curies":[{"name":"wp","href":"https:\/\/api.w.org\/{rel}","templated":true}]}}