{"id":13320,"date":"2021-04-29T11:20:27","date_gmt":"2021-04-29T16:20:27","guid":{"rendered":"https:\/\/thepueblatimes.mx\/?p=13320"},"modified":"2021-04-29T11:38:27","modified_gmt":"2021-04-29T16:38:27","slug":"identifican-a-joven-abatido-tras-asalto-en-san-juan-colon","status":"publish","type":"post","link":"https:\/\/thepueblatimes.mx\/index.php\/2021\/04\/29\/identifican-a-joven-abatido-tras-asalto-en-san-juan-colon\/","title":{"rendered":"Identifican a joven abatido tras asalto en San Juan Col\u00f3n"},"content":{"rendered":"<div class=\"o9v6fnle cxmmr5t8 oygrvhab hcukyx3x c1et5uql ii04i59q\">\n<div dir=\"auto\"><strong>Iz\u00facar de Matamoros, Pue.-<\/strong> La Fiscal\u00eda General del Estado identifico al joven trabajador de la empresa Sabritas que fue abatido durante la tarde de ayer en San Juan Colon, perteneciente al municipio de Iz\u00facar de Matamoros, tras sufrir un asalto.<\/div>\n<\/div>\n<div class=\"o9v6fnle cxmmr5t8 oygrvhab hcukyx3x c1et5uql ii04i59q\">\n<div dir=\"auto\"><\/div>\n<div dir=\"auto\"><\/div>\n<div dir=\"auto\">De acuerdo al reporte policiaco, se trata del joven Jovanny Guti\u00e9rrez Tapia de 28 a\u00f1os de edad, originario del municipio de Atlixco, quien fue asaltado por sujetos desconocidos que lo asesinaron y se dieron a la fuga con direcci\u00f3n desconocida.<\/div>\n<\/div>\n<div class=\"o9v6fnle cxmmr5t8 oygrvhab hcukyx3x c1et5uql ii04i59q\">\n<div dir=\"auto\">Hasta el momento se desconoce el motivo que gener\u00f3 dicho ataque armado, por lo que agentes investigadores se encuentran recabando la informaci\u00f3n necesaria para dar con los presuntos responsables de este nuevo homicidio.<\/div>\n<\/div>\n<div dir=\"auto\">\n<figure class=\"contenedor-ImagenArticulo\">\n<div class=\"copyprevention-transparent-gif\"><img decoding=\"async\" src=\"https:\/\/tribunanoticias.mx\/wp-content\/uploads\/2021\/04\/IMG-20210428-WA0037-1-680x360.jpg\" alt=\"Matan a repartidor en violento asalto en Iz\u00facar de Matamoros - Tribuna Noticias\" \/><\/div>\n<\/figure>\n<\/div>\n<div dir=\"auto\"><\/div>\n<div dir=\"auto\"><img decoding=\"async\" src=\"https:\/\/scontent.fpbc2-2.fna.fbcdn.net\/v\/t1.6435-9\/180937113_141852194617778_166814580803079501_n.jpg?_nc_cat=102&amp;ccb=1-3&amp;_nc_sid=8bfeb9&amp;_nc_ohc=ClVrxBkMk3QAX-PbtKL&amp;_nc_ht=scontent.fpbc2-2.fna&amp;oh=74f49275d710933554fd949d3a27adbb&amp;oe=60B13EAD\" alt=\"Puede ser una imagen de 8 personas, personas de pie y c\u00e9sped\" \/><\/div>\n<div dir=\"auto\"><img decoding=\"async\" src=\"https:\/\/scontent.fpbc2-2.fna.fbcdn.net\/v\/t1.6435-9\/179626008_141852221284442_8162451231388318510_n.jpg?_nc_cat=110&amp;ccb=1-3&amp;_nc_sid=8bfeb9&amp;_nc_ohc=qFiFK_ph_CMAX9Iqk3M&amp;tn=twTzwvu7Iywb5i_e&amp;_nc_ht=scontent.fpbc2-2.fna&amp;oh=cc96dd07147177c9ed74491c532e46f2&amp;oe=60AECD4C\" alt=\"Puede ser una imagen de una o varias personas y texto que dice &quot;LIGA DOMINICAL MUNICIPAL DE F\u00daTBOL DE ATLIXCO Se une a la pena que embarga a la familia Guti\u00e9rrez Tapia por el sensible fallecimiento de nuestro compa\u00f1ero \u00e1rbitro Jiovanni Guti\u00e9rrez Tapia Pedimos a Dios por el eterno descanso de su alma y rogamos al Creador les conceda pronta resignaci\u00f3n por tan irreparable p\u00e9rdida. Atlixco Puebla 28\/04\/2021 \u4eba&quot;\" \/><\/div>\n<div dir=\"auto\"><img decoding=\"async\" src=\"https:\/\/scontent.fpbc2-2.fna.fbcdn.net\/v\/t1.6435-9\/179826006_141852187951112_4651445088339965436_n.jpg?_nc_cat=106&amp;ccb=1-3&amp;_nc_sid=8bfeb9&amp;_nc_ohc=AcsVXXHavJYAX8UL6Va&amp;_nc_ht=scontent.fpbc2-2.fna&amp;oh=0c8c94d6daaa96e0936d1b77123dedac&amp;oe=60B13496\" alt=\"Puede ser una imagen de 1 persona y de pie\" \/><\/div>\n","protected":false},"excerpt":{"rendered":"<p>Iz\u00facar de Matamoros, Pue.- La Fiscal\u00eda General del Estado identifico al joven trabajador de la empresa Sabritas que fue abatido durante la tarde de ayer en San Juan Colon, perteneciente al municipio de Iz\u00facar de Matamoros, tras sufrir un asalto. De acuerdo al reporte policiaco, se trata del joven Jovanny Guti\u00e9rrez Tapia de 28 a\u00f1os&#8230;<\/p>\n","protected":false},"author":15,"featured_media":13327,"comment_status":"open","ping_status":"open","sticky":false,"template":"","format":"standard","meta":[],"categories":[16],"tags":[38,180,591],"yoast_head":"<!-- This site is optimized with the Yoast SEO plugin v20.8 - https:\/\/yoast.com\/wordpress\/plugins\/seo\/ -->\n<title>Identifican a joven abatido tras asalto en San Juan Col\u00f3n - The Puebla Times<\/title>\n<meta name=\"robots\" content=\"index, follow, max-snippet:-1, max-image-preview:large, max-video-preview:-1\" \/>\n<link rel=\"canonical\" href=\"https:\/\/thepueblatimes.mx\/index.php\/2021\/04\/29\/identifican-a-joven-abatido-tras-asalto-en-san-juan-colon\/\" \/>\n<meta property=\"og:locale\" content=\"es_ES\" \/>\n<meta property=\"og:type\" content=\"article\" \/>\n<meta property=\"og:title\" content=\"Identifican a joven abatido tras asalto en San Juan Col\u00f3n - The Puebla Times\" \/>\n<meta property=\"og:description\" content=\"Iz\u00facar de Matamoros, Pue.- La Fiscal\u00eda General del Estado identifico al joven trabajador de la empresa Sabritas que fue abatido durante la tarde de ayer en San Juan Colon, perteneciente al municipio de Iz\u00facar de Matamoros, tras sufrir un asalto. De acuerdo al reporte policiaco, se trata del joven Jovanny Guti\u00e9rrez Tapia de 28 a\u00f1os...\" \/>\n<meta property=\"og:url\" content=\"https:\/\/thepueblatimes.mx\/index.php\/2021\/04\/29\/identifican-a-joven-abatido-tras-asalto-en-san-juan-colon\/\" \/>\n<meta property=\"og:site_name\" content=\"The Puebla Times\" \/>\n<meta property=\"article:published_time\" content=\"2021-04-29T16:20:27+00:00\" \/>\n<meta property=\"article:modified_time\" content=\"2021-04-29T16:38:27+00:00\" \/>\n<meta property=\"og:image\" content=\"https:\/\/thepueblatimes.mx\/wp-content\/uploads\/2021\/04\/WhatsApp-Image-2021-04-29-at-11.33.18.jpeg\" \/>\n\t<meta property=\"og:image:width\" content=\"718\" \/>\n\t<meta property=\"og:image:height\" content=\"520\" \/>\n\t<meta property=\"og:image:type\" content=\"image\/jpeg\" \/>\n<meta name=\"author\" content=\"Francisco S\u00e1nchez Nolasco\" \/>\n<meta name=\"twitter:card\" content=\"summary_large_image\" \/>\n<meta name=\"twitter:label1\" content=\"Escrito por\" \/>\n\t<meta name=\"twitter:data1\" content=\"Francisco S\u00e1nchez Nolasco\" \/>\n\t<meta name=\"twitter:label2\" content=\"Tiempo de lectura\" \/>\n\t<meta name=\"twitter:data2\" content=\"1 minuto\" \/>\n<script type=\"application\/ld+json\" class=\"yoast-schema-graph\">{\"@context\":\"https:\/\/schema.org\",\"@graph\":[{\"@type\":\"WebPage\",\"@id\":\"https:\/\/thepueblatimes.mx\/index.php\/2021\/04\/29\/identifican-a-joven-abatido-tras-asalto-en-san-juan-colon\/\",\"url\":\"https:\/\/thepueblatimes.mx\/index.php\/2021\/04\/29\/identifican-a-joven-abatido-tras-asalto-en-san-juan-colon\/\",\"name\":\"Identifican a joven abatido tras asalto en San Juan Col\u00f3n - The Puebla Times\",\"isPartOf\":{\"@id\":\"https:\/\/thepueblatimes.mx\/#website\"},\"datePublished\":\"2021-04-29T16:20:27+00:00\",\"dateModified\":\"2021-04-29T16:38:27+00:00\",\"author\":{\"@id\":\"https:\/\/thepueblatimes.mx\/#\/schema\/person\/7bdf2adbc50078b104bba72b5612f774\"},\"breadcrumb\":{\"@id\":\"https:\/\/thepueblatimes.mx\/index.php\/2021\/04\/29\/identifican-a-joven-abatido-tras-asalto-en-san-juan-colon\/#breadcrumb\"},\"inLanguage\":\"es\",\"potentialAction\":[{\"@type\":\"ReadAction\",\"target\":[\"https:\/\/thepueblatimes.mx\/index.php\/2021\/04\/29\/identifican-a-joven-abatido-tras-asalto-en-san-juan-colon\/\"]}]},{\"@type\":\"BreadcrumbList\",\"@id\":\"https:\/\/thepueblatimes.mx\/index.php\/2021\/04\/29\/identifican-a-joven-abatido-tras-asalto-en-san-juan-colon\/#breadcrumb\",\"itemListElement\":[{\"@type\":\"ListItem\",\"position\":1,\"name\":\"Portada\",\"item\":\"https:\/\/thepueblatimes.mx\/\"},{\"@type\":\"ListItem\",\"position\":2,\"name\":\"Identifican a joven abatido tras asalto en San Juan Col\u00f3n\"}]},{\"@type\":\"WebSite\",\"@id\":\"https:\/\/thepueblatimes.mx\/#website\",\"url\":\"https:\/\/thepueblatimes.mx\/\",\"name\":\"The Puebla Times\",\"description\":\"Noticias del Estado de Puebla\",\"potentialAction\":[{\"@type\":\"SearchAction\",\"target\":{\"@type\":\"EntryPoint\",\"urlTemplate\":\"https:\/\/thepueblatimes.mx\/?s={search_term_string}\"},\"query-input\":\"required name=search_term_string\"}],\"inLanguage\":\"es\"},{\"@type\":\"Person\",\"@id\":\"https:\/\/thepueblatimes.mx\/#\/schema\/person\/7bdf2adbc50078b104bba72b5612f774\",\"name\":\"Francisco S\u00e1nchez Nolasco\",\"image\":{\"@type\":\"ImageObject\",\"inLanguage\":\"es\",\"@id\":\"https:\/\/thepueblatimes.mx\/#\/schema\/person\/image\/\",\"url\":\"https:\/\/secure.gravatar.com\/avatar\/6061d7d20b38bc2742a5218401b198d2?s=96&d=mm&r=g\",\"contentUrl\":\"https:\/\/secure.gravatar.com\/avatar\/6061d7d20b38bc2742a5218401b198d2?s=96&d=mm&r=g\",\"caption\":\"Francisco S\u00e1nchez Nolasco\"},\"url\":\"https:\/\/thepueblatimes.mx\/index.php\/author\/marianitha-reyes\/\"}]}<\/script>\n<!-- \/ Yoast SEO plugin. -->","yoast_head_json":{"title":"Identifican a joven abatido tras asalto en San Juan Col\u00f3n - The Puebla Times","robots":{"index":"index","follow":"follow","max-snippet":"max-snippet:-1","max-image-preview":"max-image-preview:large","max-video-preview":"max-video-preview:-1"},"canonical":"https:\/\/thepueblatimes.mx\/index.php\/2021\/04\/29\/identifican-a-joven-abatido-tras-asalto-en-san-juan-colon\/","og_locale":"es_ES","og_type":"article","og_title":"Identifican a joven abatido tras asalto en San Juan Col\u00f3n - The Puebla Times","og_description":"Iz\u00facar de Matamoros, Pue.- La Fiscal\u00eda General del Estado identifico al joven trabajador de la empresa Sabritas que fue abatido durante la tarde de ayer en San Juan Colon, perteneciente al municipio de Iz\u00facar de Matamoros, tras sufrir un asalto. De acuerdo al reporte policiaco, se trata del joven Jovanny Guti\u00e9rrez Tapia de 28 a\u00f1os...","og_url":"https:\/\/thepueblatimes.mx\/index.php\/2021\/04\/29\/identifican-a-joven-abatido-tras-asalto-en-san-juan-colon\/","og_site_name":"The Puebla Times","article_published_time":"2021-04-29T16:20:27+00:00","article_modified_time":"2021-04-29T16:38:27+00:00","og_image":[{"width":718,"height":520,"url":"https:\/\/thepueblatimes.mx\/wp-content\/uploads\/2021\/04\/WhatsApp-Image-2021-04-29-at-11.33.18.jpeg","type":"image\/jpeg"}],"author":"Francisco S\u00e1nchez Nolasco","twitter_card":"summary_large_image","twitter_misc":{"Escrito por":"Francisco S\u00e1nchez Nolasco","Tiempo de lectura":"1 minuto"},"schema":{"@context":"https:\/\/schema.org","@graph":[{"@type":"WebPage","@id":"https:\/\/thepueblatimes.mx\/index.php\/2021\/04\/29\/identifican-a-joven-abatido-tras-asalto-en-san-juan-colon\/","url":"https:\/\/thepueblatimes.mx\/index.php\/2021\/04\/29\/identifican-a-joven-abatido-tras-asalto-en-san-juan-colon\/","name":"Identifican a joven abatido tras asalto en San Juan Col\u00f3n - The Puebla Times","isPartOf":{"@id":"https:\/\/thepueblatimes.mx\/#website"},"datePublished":"2021-04-29T16:20:27+00:00","dateModified":"2021-04-29T16:38:27+00:00","author":{"@id":"https:\/\/thepueblatimes.mx\/#\/schema\/person\/7bdf2adbc50078b104bba72b5612f774"},"breadcrumb":{"@id":"https:\/\/thepueblatimes.mx\/index.php\/2021\/04\/29\/identifican-a-joven-abatido-tras-asalto-en-san-juan-colon\/#breadcrumb"},"inLanguage":"es","potentialAction":[{"@type":"ReadAction","target":["https:\/\/thepueblatimes.mx\/index.php\/2021\/04\/29\/identifican-a-joven-abatido-tras-asalto-en-san-juan-colon\/"]}]},{"@type":"BreadcrumbList","@id":"https:\/\/thepueblatimes.mx\/index.php\/2021\/04\/29\/identifican-a-joven-abatido-tras-asalto-en-san-juan-colon\/#breadcrumb","itemListElement":[{"@type":"ListItem","position":1,"name":"Portada","item":"https:\/\/thepueblatimes.mx\/"},{"@type":"ListItem","position":2,"name":"Identifican a joven abatido tras asalto en San Juan Col\u00f3n"}]},{"@type":"WebSite","@id":"https:\/\/thepueblatimes.mx\/#website","url":"https:\/\/thepueblatimes.mx\/","name":"The Puebla Times","description":"Noticias del Estado de Puebla","potentialAction":[{"@type":"SearchAction","target":{"@type":"EntryPoint","urlTemplate":"https:\/\/thepueblatimes.mx\/?s={search_term_string}"},"query-input":"required name=search_term_string"}],"inLanguage":"es"},{"@type":"Person","@id":"https:\/\/thepueblatimes.mx\/#\/schema\/person\/7bdf2adbc50078b104bba72b5612f774","name":"Francisco S\u00e1nchez Nolasco","image":{"@type":"ImageObject","inLanguage":"es","@id":"https:\/\/thepueblatimes.mx\/#\/schema\/person\/image\/","url":"https:\/\/secure.gravatar.com\/avatar\/6061d7d20b38bc2742a5218401b198d2?s=96&d=mm&r=g","contentUrl":"https:\/\/secure.gravatar.com\/avatar\/6061d7d20b38bc2742a5218401b198d2?s=96&d=mm&r=g","caption":"Francisco S\u00e1nchez Nolasco"},"url":"https:\/\/thepueblatimes.mx\/index.php\/author\/marianitha-reyes\/"}]}},"jetpack_featured_media_url":"https:\/\/thepueblatimes.mx\/wp-content\/uploads\/2021\/04\/WhatsApp-Image-2021-04-29-at-11.33.18.jpeg","_links":{"self":[{"href":"https:\/\/thepueblatimes.mx\/index.php\/wp-json\/wp\/v2\/posts\/13320"}],"collection":[{"href":"https:\/\/thepueblatimes.mx\/index.php\/wp-json\/wp\/v2\/posts"}],"about":[{"href":"https:\/\/thepueblatimes.mx\/index.php\/wp-json\/wp\/v2\/types\/post"}],"author":[{"embeddable":true,"href":"https:\/\/thepueblatimes.mx\/index.php\/wp-json\/wp\/v2\/users\/15"}],"replies":[{"embeddable":true,"href":"https:\/\/thepueblatimes.mx\/index.php\/wp-json\/wp\/v2\/comments?post=13320"}],"version-history":[{"count":4,"href":"https:\/\/thepueblatimes.mx\/index.php\/wp-json\/wp\/v2\/posts\/13320\/revisions"}],"predecessor-version":[{"id":13328,"href":"https:\/\/thepueblatimes.mx\/index.php\/wp-json\/wp\/v2\/posts\/13320\/revisions\/13328"}],"wp:featuredmedia":[{"embeddable":true,"href":"https:\/\/thepueblatimes.mx\/index.php\/wp-json\/wp\/v2\/media\/13327"}],"wp:attachment":[{"href":"https:\/\/thepueblatimes.mx\/index.php\/wp-json\/wp\/v2\/media?parent=13320"}],"wp:term":[{"taxonomy":"category","embeddable":true,"href":"https:\/\/thepueblatimes.mx\/index.php\/wp-json\/wp\/v2\/categories?post=13320"},{"taxonomy":"post_tag","embeddable":true,"href":"https:\/\/thepueblatimes.mx\/index.php\/wp-json\/wp\/v2\/tags?post=13320"}],"curies":[{"name":"wp","href":"https:\/\/api.w.org\/{rel}","templated":true}]}}