{"id":13227,"date":"2021-04-27T18:10:37","date_gmt":"2021-04-27T23:10:37","guid":{"rendered":"https:\/\/thepueblatimes.mx\/?p=13227"},"modified":"2021-04-27T18:10:37","modified_gmt":"2021-04-27T23:10:37","slug":"dejan-otro-cadaver-en-canal-de-valsequillo-en-tecamachalco-es-el-tercero-del-mes","status":"publish","type":"post","link":"https:\/\/thepueblatimes.mx\/index.php\/2021\/04\/27\/dejan-otro-cadaver-en-canal-de-valsequillo-en-tecamachalco-es-el-tercero-del-mes\/","title":{"rendered":"Dejan otro cad\u00e1ver en canal de Valsequillo en Tecamachalco; es el tercero del mes"},"content":{"rendered":"<p>Tecamachalco, Pue.-<strong>\u00a0Durante la ma\u00f1ana de este martes una llamada al 911 inform\u00f3 que en el fondo del canal de Valsequillo a la altura del barrio de San Antonio se localizaba un cad\u00e1ver entre la basura<\/strong>\u00a0que predomina luego del paso de las aguas negras.<\/p>\n<p>Al lugar acudieron las autoridades municipales, quienes confirmaron el hecho y de manera inmediata acordonaron la zona para luego dar aviso al personal de la Fiscal\u00eda General del Estado (FGE). Horas despu\u00e9s acudi\u00f3 a realizar el retiro de los restos humanos con apoyo del personal de Protecci\u00f3n Civil Municipal.<\/p>\n<p>Hasta el momento\u00a0<strong>se desconoce si se trata de un hombre o una mujer, ya que se encontraba en avanzado estado de descomposici\u00f3n por lo que fue trasladado al anfiteatro de Tecamachalco.<\/strong><\/p>\n","protected":false},"excerpt":{"rendered":"<p>Tecamachalco, Pue.-\u00a0Durante la ma\u00f1ana de este martes una llamada al 911 inform\u00f3 que en el fondo del canal de Valsequillo a la altura del barrio de San Antonio se localizaba un cad\u00e1ver entre la basura\u00a0que predomina luego del paso de las aguas negras. Al lugar acudieron las autoridades municipales, quienes confirmaron el hecho y de&#8230;<\/p>\n","protected":false},"author":15,"featured_media":13229,"comment_status":"open","ping_status":"open","sticky":false,"template":"","format":"standard","meta":[],"categories":[20],"tags":[229,436],"yoast_head":"<!-- This site is optimized with the Yoast SEO plugin v20.8 - https:\/\/yoast.com\/wordpress\/plugins\/seo\/ -->\n<title>Dejan otro cad\u00e1ver en canal de Valsequillo en Tecamachalco; es el tercero del mes - The Puebla Times<\/title>\n<meta name=\"robots\" content=\"index, follow, max-snippet:-1, max-image-preview:large, max-video-preview:-1\" \/>\n<link rel=\"canonical\" href=\"https:\/\/thepueblatimes.mx\/index.php\/2021\/04\/27\/dejan-otro-cadaver-en-canal-de-valsequillo-en-tecamachalco-es-el-tercero-del-mes\/\" \/>\n<meta property=\"og:locale\" content=\"es_ES\" \/>\n<meta property=\"og:type\" content=\"article\" \/>\n<meta property=\"og:title\" content=\"Dejan otro cad\u00e1ver en canal de Valsequillo en Tecamachalco; es el tercero del mes - The Puebla Times\" \/>\n<meta property=\"og:description\" content=\"Tecamachalco, Pue.-\u00a0Durante la ma\u00f1ana de este martes una llamada al 911 inform\u00f3 que en el fondo del canal de Valsequillo a la altura del barrio de San Antonio se localizaba un cad\u00e1ver entre la basura\u00a0que predomina luego del paso de las aguas negras. Al lugar acudieron las autoridades municipales, quienes confirmaron el hecho y de...\" \/>\n<meta property=\"og:url\" content=\"https:\/\/thepueblatimes.mx\/index.php\/2021\/04\/27\/dejan-otro-cadaver-en-canal-de-valsequillo-en-tecamachalco-es-el-tercero-del-mes\/\" \/>\n<meta property=\"og:site_name\" content=\"The Puebla Times\" \/>\n<meta property=\"article:published_time\" content=\"2021-04-27T23:10:37+00:00\" \/>\n<meta property=\"og:image\" content=\"https:\/\/thepueblatimes.mx\/wp-content\/uploads\/2021\/04\/e0api-iuuaabl8k.jpg\" \/>\n\t<meta property=\"og:image:width\" content=\"696\" \/>\n\t<meta property=\"og:image:height\" content=\"394\" \/>\n\t<meta property=\"og:image:type\" content=\"image\/jpeg\" \/>\n<meta name=\"author\" content=\"Francisco S\u00e1nchez Nolasco\" \/>\n<meta name=\"twitter:card\" content=\"summary_large_image\" \/>\n<meta name=\"twitter:label1\" content=\"Escrito por\" \/>\n\t<meta name=\"twitter:data1\" content=\"Francisco S\u00e1nchez Nolasco\" \/>\n\t<meta name=\"twitter:label2\" content=\"Tiempo de lectura\" \/>\n\t<meta name=\"twitter:data2\" content=\"1 minuto\" \/>\n<script type=\"application\/ld+json\" class=\"yoast-schema-graph\">{\"@context\":\"https:\/\/schema.org\",\"@graph\":[{\"@type\":\"WebPage\",\"@id\":\"https:\/\/thepueblatimes.mx\/index.php\/2021\/04\/27\/dejan-otro-cadaver-en-canal-de-valsequillo-en-tecamachalco-es-el-tercero-del-mes\/\",\"url\":\"https:\/\/thepueblatimes.mx\/index.php\/2021\/04\/27\/dejan-otro-cadaver-en-canal-de-valsequillo-en-tecamachalco-es-el-tercero-del-mes\/\",\"name\":\"Dejan otro cad\u00e1ver en canal de Valsequillo en Tecamachalco; es el tercero del mes - The Puebla Times\",\"isPartOf\":{\"@id\":\"https:\/\/thepueblatimes.mx\/#website\"},\"datePublished\":\"2021-04-27T23:10:37+00:00\",\"dateModified\":\"2021-04-27T23:10:37+00:00\",\"author\":{\"@id\":\"https:\/\/thepueblatimes.mx\/#\/schema\/person\/7bdf2adbc50078b104bba72b5612f774\"},\"breadcrumb\":{\"@id\":\"https:\/\/thepueblatimes.mx\/index.php\/2021\/04\/27\/dejan-otro-cadaver-en-canal-de-valsequillo-en-tecamachalco-es-el-tercero-del-mes\/#breadcrumb\"},\"inLanguage\":\"es\",\"potentialAction\":[{\"@type\":\"ReadAction\",\"target\":[\"https:\/\/thepueblatimes.mx\/index.php\/2021\/04\/27\/dejan-otro-cadaver-en-canal-de-valsequillo-en-tecamachalco-es-el-tercero-del-mes\/\"]}]},{\"@type\":\"BreadcrumbList\",\"@id\":\"https:\/\/thepueblatimes.mx\/index.php\/2021\/04\/27\/dejan-otro-cadaver-en-canal-de-valsequillo-en-tecamachalco-es-el-tercero-del-mes\/#breadcrumb\",\"itemListElement\":[{\"@type\":\"ListItem\",\"position\":1,\"name\":\"Portada\",\"item\":\"https:\/\/thepueblatimes.mx\/\"},{\"@type\":\"ListItem\",\"position\":2,\"name\":\"Dejan otro cad\u00e1ver en canal de Valsequillo en Tecamachalco; es el tercero del mes\"}]},{\"@type\":\"WebSite\",\"@id\":\"https:\/\/thepueblatimes.mx\/#website\",\"url\":\"https:\/\/thepueblatimes.mx\/\",\"name\":\"The Puebla Times\",\"description\":\"Noticias del Estado de Puebla\",\"potentialAction\":[{\"@type\":\"SearchAction\",\"target\":{\"@type\":\"EntryPoint\",\"urlTemplate\":\"https:\/\/thepueblatimes.mx\/?s={search_term_string}\"},\"query-input\":\"required name=search_term_string\"}],\"inLanguage\":\"es\"},{\"@type\":\"Person\",\"@id\":\"https:\/\/thepueblatimes.mx\/#\/schema\/person\/7bdf2adbc50078b104bba72b5612f774\",\"name\":\"Francisco S\u00e1nchez Nolasco\",\"image\":{\"@type\":\"ImageObject\",\"inLanguage\":\"es\",\"@id\":\"https:\/\/thepueblatimes.mx\/#\/schema\/person\/image\/\",\"url\":\"https:\/\/secure.gravatar.com\/avatar\/6061d7d20b38bc2742a5218401b198d2?s=96&d=mm&r=g\",\"contentUrl\":\"https:\/\/secure.gravatar.com\/avatar\/6061d7d20b38bc2742a5218401b198d2?s=96&d=mm&r=g\",\"caption\":\"Francisco S\u00e1nchez Nolasco\"},\"url\":\"https:\/\/thepueblatimes.mx\/index.php\/author\/marianitha-reyes\/\"}]}<\/script>\n<!-- \/ Yoast SEO plugin. -->","yoast_head_json":{"title":"Dejan otro cad\u00e1ver en canal de Valsequillo en Tecamachalco; es el tercero del mes - The Puebla Times","robots":{"index":"index","follow":"follow","max-snippet":"max-snippet:-1","max-image-preview":"max-image-preview:large","max-video-preview":"max-video-preview:-1"},"canonical":"https:\/\/thepueblatimes.mx\/index.php\/2021\/04\/27\/dejan-otro-cadaver-en-canal-de-valsequillo-en-tecamachalco-es-el-tercero-del-mes\/","og_locale":"es_ES","og_type":"article","og_title":"Dejan otro cad\u00e1ver en canal de Valsequillo en Tecamachalco; es el tercero del mes - The Puebla Times","og_description":"Tecamachalco, Pue.-\u00a0Durante la ma\u00f1ana de este martes una llamada al 911 inform\u00f3 que en el fondo del canal de Valsequillo a la altura del barrio de San Antonio se localizaba un cad\u00e1ver entre la basura\u00a0que predomina luego del paso de las aguas negras. Al lugar acudieron las autoridades municipales, quienes confirmaron el hecho y de...","og_url":"https:\/\/thepueblatimes.mx\/index.php\/2021\/04\/27\/dejan-otro-cadaver-en-canal-de-valsequillo-en-tecamachalco-es-el-tercero-del-mes\/","og_site_name":"The Puebla Times","article_published_time":"2021-04-27T23:10:37+00:00","og_image":[{"width":696,"height":394,"url":"https:\/\/thepueblatimes.mx\/wp-content\/uploads\/2021\/04\/e0api-iuuaabl8k.jpg","type":"image\/jpeg"}],"author":"Francisco S\u00e1nchez Nolasco","twitter_card":"summary_large_image","twitter_misc":{"Escrito por":"Francisco S\u00e1nchez Nolasco","Tiempo de lectura":"1 minuto"},"schema":{"@context":"https:\/\/schema.org","@graph":[{"@type":"WebPage","@id":"https:\/\/thepueblatimes.mx\/index.php\/2021\/04\/27\/dejan-otro-cadaver-en-canal-de-valsequillo-en-tecamachalco-es-el-tercero-del-mes\/","url":"https:\/\/thepueblatimes.mx\/index.php\/2021\/04\/27\/dejan-otro-cadaver-en-canal-de-valsequillo-en-tecamachalco-es-el-tercero-del-mes\/","name":"Dejan otro cad\u00e1ver en canal de Valsequillo en Tecamachalco; es el tercero del mes - The Puebla Times","isPartOf":{"@id":"https:\/\/thepueblatimes.mx\/#website"},"datePublished":"2021-04-27T23:10:37+00:00","dateModified":"2021-04-27T23:10:37+00:00","author":{"@id":"https:\/\/thepueblatimes.mx\/#\/schema\/person\/7bdf2adbc50078b104bba72b5612f774"},"breadcrumb":{"@id":"https:\/\/thepueblatimes.mx\/index.php\/2021\/04\/27\/dejan-otro-cadaver-en-canal-de-valsequillo-en-tecamachalco-es-el-tercero-del-mes\/#breadcrumb"},"inLanguage":"es","potentialAction":[{"@type":"ReadAction","target":["https:\/\/thepueblatimes.mx\/index.php\/2021\/04\/27\/dejan-otro-cadaver-en-canal-de-valsequillo-en-tecamachalco-es-el-tercero-del-mes\/"]}]},{"@type":"BreadcrumbList","@id":"https:\/\/thepueblatimes.mx\/index.php\/2021\/04\/27\/dejan-otro-cadaver-en-canal-de-valsequillo-en-tecamachalco-es-el-tercero-del-mes\/#breadcrumb","itemListElement":[{"@type":"ListItem","position":1,"name":"Portada","item":"https:\/\/thepueblatimes.mx\/"},{"@type":"ListItem","position":2,"name":"Dejan otro cad\u00e1ver en canal de Valsequillo en Tecamachalco; es el tercero del mes"}]},{"@type":"WebSite","@id":"https:\/\/thepueblatimes.mx\/#website","url":"https:\/\/thepueblatimes.mx\/","name":"The Puebla Times","description":"Noticias del Estado de Puebla","potentialAction":[{"@type":"SearchAction","target":{"@type":"EntryPoint","urlTemplate":"https:\/\/thepueblatimes.mx\/?s={search_term_string}"},"query-input":"required name=search_term_string"}],"inLanguage":"es"},{"@type":"Person","@id":"https:\/\/thepueblatimes.mx\/#\/schema\/person\/7bdf2adbc50078b104bba72b5612f774","name":"Francisco S\u00e1nchez Nolasco","image":{"@type":"ImageObject","inLanguage":"es","@id":"https:\/\/thepueblatimes.mx\/#\/schema\/person\/image\/","url":"https:\/\/secure.gravatar.com\/avatar\/6061d7d20b38bc2742a5218401b198d2?s=96&d=mm&r=g","contentUrl":"https:\/\/secure.gravatar.com\/avatar\/6061d7d20b38bc2742a5218401b198d2?s=96&d=mm&r=g","caption":"Francisco S\u00e1nchez Nolasco"},"url":"https:\/\/thepueblatimes.mx\/index.php\/author\/marianitha-reyes\/"}]}},"jetpack_featured_media_url":"https:\/\/thepueblatimes.mx\/wp-content\/uploads\/2021\/04\/e0api-iuuaabl8k.jpg","_links":{"self":[{"href":"https:\/\/thepueblatimes.mx\/index.php\/wp-json\/wp\/v2\/posts\/13227"}],"collection":[{"href":"https:\/\/thepueblatimes.mx\/index.php\/wp-json\/wp\/v2\/posts"}],"about":[{"href":"https:\/\/thepueblatimes.mx\/index.php\/wp-json\/wp\/v2\/types\/post"}],"author":[{"embeddable":true,"href":"https:\/\/thepueblatimes.mx\/index.php\/wp-json\/wp\/v2\/users\/15"}],"replies":[{"embeddable":true,"href":"https:\/\/thepueblatimes.mx\/index.php\/wp-json\/wp\/v2\/comments?post=13227"}],"version-history":[{"count":1,"href":"https:\/\/thepueblatimes.mx\/index.php\/wp-json\/wp\/v2\/posts\/13227\/revisions"}],"predecessor-version":[{"id":13230,"href":"https:\/\/thepueblatimes.mx\/index.php\/wp-json\/wp\/v2\/posts\/13227\/revisions\/13230"}],"wp:featuredmedia":[{"embeddable":true,"href":"https:\/\/thepueblatimes.mx\/index.php\/wp-json\/wp\/v2\/media\/13229"}],"wp:attachment":[{"href":"https:\/\/thepueblatimes.mx\/index.php\/wp-json\/wp\/v2\/media?parent=13227"}],"wp:term":[{"taxonomy":"category","embeddable":true,"href":"https:\/\/thepueblatimes.mx\/index.php\/wp-json\/wp\/v2\/categories?post=13227"},{"taxonomy":"post_tag","embeddable":true,"href":"https:\/\/thepueblatimes.mx\/index.php\/wp-json\/wp\/v2\/tags?post=13227"}],"curies":[{"name":"wp","href":"https:\/\/api.w.org\/{rel}","templated":true}]}}