{"id":13166,"date":"2021-04-26T12:39:56","date_gmt":"2021-04-26T17:39:56","guid":{"rendered":"https:\/\/thepueblatimes.mx\/?p=13166"},"modified":"2021-04-26T12:39:56","modified_gmt":"2021-04-26T17:39:56","slug":"comerciante-acusa-extorsion-y-hasta-tortura-de-agentes-de-la-fiscalia-anticorrupcion-de-puebla","status":"publish","type":"post","link":"https:\/\/thepueblatimes.mx\/index.php\/2021\/04\/26\/comerciante-acusa-extorsion-y-hasta-tortura-de-agentes-de-la-fiscalia-anticorrupcion-de-puebla\/","title":{"rendered":"Comerciante Acusa extorsi\u00f3n y hasta tortura de agentes de la Fiscal\u00eda Anticorrupci\u00f3n de Puebla"},"content":{"rendered":"<div class=\"content-body clearfix \">\n<div id=\"content-body-225-6639318\">\n<p>A trav\u00e9s de su defensa legal, un comerciante asegura que fue v\u00edctima de un enga\u00f1o, una aprehensi\u00f3n con lujo de violencia y hasta torturas por parte de supuestos agentes de la Fiscal\u00eda Anticorrupci\u00f3n para \u201cdelatar\u201d a sus c\u00f3mplices en supuestos actos il\u00edcitos, de los que dice, no es culpable.<\/p>\n<p>La defensa legal de Ignacio detall\u00f3 que a finales de diciembre del a\u00f1o pasado llegaron hasta su oficina donde comercializa productos de limpieza y cubrebocas, dos mujeres que se identificaron como agentes ministeriales adscritas a un grupo de la Fiscal\u00eda Anticorrupci\u00f3n &#8211; Unidad Especializada en Operaciones de Recursos de Procedencia Il\u00edcita-.<\/p>\n<\/div>\n<\/div>\n<div class=\"advertisment \">Las supuestas agentes le indicaron que se encontraba bajo investigaci\u00f3n por posible lavado de dinero y a cambio de medio mill\u00f3n de pesos pod\u00edan protegerlo e incluso librarlo de una detenci\u00f3n a\u00fan as\u00ed el 7 de enero del presente a\u00f1o, con lujo de violencia, llegaron hasta su casa m\u00e1s de cinco agentes ministeriales, entre ellos testigos identificaron plenamente a dos mujeres y el resto hombres.<\/div>\n<div><\/div>\n<div>\n<p>De acuerdo con la denuncia que en su momento present\u00f3 la familia de Ignacio, detallaron que a golpes y amag\u00e1ndolo con armas de alto poder, se llevaron detenido al comerciante, incluso golpeando a los familiares, entre ellos a una joven que logr\u00f3 documentar con fotos y videos de su celular, la detenci\u00f3n dentro de su domicilio en el Fraccionamiento Zerezotla en el municipio de San Pedro Cholula. En dicha denuncia contra los agentes ministeriales por abuso de autoridad, se agrega el delito de robo, pues sostiene la parte agraviada que existen testigos y pruebas de que se apoderaron de joyas, relojes y otros art\u00edculos de valor de la vivienda.<\/p>\n<p>En d\u00edas pasados la defensa legal de Ignacio, el corporativo jur\u00eddico Guti\u00e9rrez Gayosso, tramit\u00f3 un amparo para que cesen y revisen las autoridades correspondientes el actuar de los agentes ministeriales, pues asegura que desde que lo llevaron detenido a la Fiscal\u00eda, a donde finalmente despu\u00e9s de 8 horas le mostraron la orden de aprehensi\u00f3n, Ignacio ha sido sometido a actos de tortura para declararse culpable y confesar que son sus c\u00f3mplices otras cinco personas que tambi\u00e9n se encuentran en prisi\u00f3n.<\/p>\n<\/div>\n","protected":false},"excerpt":{"rendered":"<p>A trav\u00e9s de su defensa legal, un comerciante asegura que fue v\u00edctima de un enga\u00f1o, una aprehensi\u00f3n con lujo de violencia y hasta torturas por parte de supuestos agentes de la Fiscal\u00eda Anticorrupci\u00f3n para \u201cdelatar\u201d a sus c\u00f3mplices en supuestos actos il\u00edcitos, de los que dice, no es culpable. La defensa legal de Ignacio detall\u00f3&#8230;<\/p>\n","protected":false},"author":15,"featured_media":13167,"comment_status":"open","ping_status":"open","sticky":false,"template":"","format":"standard","meta":[],"categories":[1],"tags":[471,312,49],"yoast_head":"<!-- This site is optimized with the Yoast SEO plugin v20.8 - https:\/\/yoast.com\/wordpress\/plugins\/seo\/ -->\n<title>Comerciante Acusa extorsi\u00f3n y hasta tortura de agentes de la Fiscal\u00eda Anticorrupci\u00f3n de Puebla - The Puebla Times<\/title>\n<meta name=\"robots\" content=\"index, follow, max-snippet:-1, max-image-preview:large, max-video-preview:-1\" \/>\n<link rel=\"canonical\" href=\"https:\/\/thepueblatimes.mx\/index.php\/2021\/04\/26\/comerciante-acusa-extorsion-y-hasta-tortura-de-agentes-de-la-fiscalia-anticorrupcion-de-puebla\/\" \/>\n<meta property=\"og:locale\" content=\"es_ES\" \/>\n<meta property=\"og:type\" content=\"article\" \/>\n<meta property=\"og:title\" content=\"Comerciante Acusa extorsi\u00f3n y hasta tortura de agentes de la Fiscal\u00eda Anticorrupci\u00f3n de Puebla - The Puebla Times\" \/>\n<meta property=\"og:description\" content=\"A trav\u00e9s de su defensa legal, un comerciante asegura que fue v\u00edctima de un enga\u00f1o, una aprehensi\u00f3n con lujo de violencia y hasta torturas por parte de supuestos agentes de la Fiscal\u00eda Anticorrupci\u00f3n para \u201cdelatar\u201d a sus c\u00f3mplices en supuestos actos il\u00edcitos, de los que dice, no es culpable. La defensa legal de Ignacio detall\u00f3...\" \/>\n<meta property=\"og:url\" content=\"https:\/\/thepueblatimes.mx\/index.php\/2021\/04\/26\/comerciante-acusa-extorsion-y-hasta-tortura-de-agentes-de-la-fiscalia-anticorrupcion-de-puebla\/\" \/>\n<meta property=\"og:site_name\" content=\"The Puebla Times\" \/>\n<meta property=\"article:published_time\" content=\"2021-04-26T17:39:56+00:00\" \/>\n<meta property=\"og:image\" content=\"https:\/\/thepueblatimes.mx\/wp-content\/uploads\/2021\/04\/Caso-de-extorsi\u00f3n-y-tortura-agentes-de-la-Fiscal\u00eda-Anticorrupci\u00f3n-de-Puebla-1.jpg\" \/>\n\t<meta property=\"og:image:width\" content=\"768\" \/>\n\t<meta property=\"og:image:height\" content=\"479\" \/>\n\t<meta property=\"og:image:type\" content=\"image\/jpeg\" \/>\n<meta name=\"author\" content=\"Francisco S\u00e1nchez Nolasco\" \/>\n<meta name=\"twitter:card\" content=\"summary_large_image\" \/>\n<meta name=\"twitter:label1\" content=\"Escrito por\" \/>\n\t<meta name=\"twitter:data1\" content=\"Francisco S\u00e1nchez Nolasco\" \/>\n\t<meta name=\"twitter:label2\" content=\"Tiempo de lectura\" \/>\n\t<meta name=\"twitter:data2\" content=\"2 minutos\" \/>\n<script type=\"application\/ld+json\" class=\"yoast-schema-graph\">{\"@context\":\"https:\/\/schema.org\",\"@graph\":[{\"@type\":\"WebPage\",\"@id\":\"https:\/\/thepueblatimes.mx\/index.php\/2021\/04\/26\/comerciante-acusa-extorsion-y-hasta-tortura-de-agentes-de-la-fiscalia-anticorrupcion-de-puebla\/\",\"url\":\"https:\/\/thepueblatimes.mx\/index.php\/2021\/04\/26\/comerciante-acusa-extorsion-y-hasta-tortura-de-agentes-de-la-fiscalia-anticorrupcion-de-puebla\/\",\"name\":\"Comerciante Acusa extorsi\u00f3n y hasta tortura de agentes de la Fiscal\u00eda Anticorrupci\u00f3n de Puebla - The Puebla Times\",\"isPartOf\":{\"@id\":\"https:\/\/thepueblatimes.mx\/#website\"},\"datePublished\":\"2021-04-26T17:39:56+00:00\",\"dateModified\":\"2021-04-26T17:39:56+00:00\",\"author\":{\"@id\":\"https:\/\/thepueblatimes.mx\/#\/schema\/person\/7bdf2adbc50078b104bba72b5612f774\"},\"breadcrumb\":{\"@id\":\"https:\/\/thepueblatimes.mx\/index.php\/2021\/04\/26\/comerciante-acusa-extorsion-y-hasta-tortura-de-agentes-de-la-fiscalia-anticorrupcion-de-puebla\/#breadcrumb\"},\"inLanguage\":\"es\",\"potentialAction\":[{\"@type\":\"ReadAction\",\"target\":[\"https:\/\/thepueblatimes.mx\/index.php\/2021\/04\/26\/comerciante-acusa-extorsion-y-hasta-tortura-de-agentes-de-la-fiscalia-anticorrupcion-de-puebla\/\"]}]},{\"@type\":\"BreadcrumbList\",\"@id\":\"https:\/\/thepueblatimes.mx\/index.php\/2021\/04\/26\/comerciante-acusa-extorsion-y-hasta-tortura-de-agentes-de-la-fiscalia-anticorrupcion-de-puebla\/#breadcrumb\",\"itemListElement\":[{\"@type\":\"ListItem\",\"position\":1,\"name\":\"Portada\",\"item\":\"https:\/\/thepueblatimes.mx\/\"},{\"@type\":\"ListItem\",\"position\":2,\"name\":\"Comerciante Acusa extorsi\u00f3n y hasta tortura de agentes de la Fiscal\u00eda Anticorrupci\u00f3n de Puebla\"}]},{\"@type\":\"WebSite\",\"@id\":\"https:\/\/thepueblatimes.mx\/#website\",\"url\":\"https:\/\/thepueblatimes.mx\/\",\"name\":\"The Puebla Times\",\"description\":\"Noticias del Estado de Puebla\",\"potentialAction\":[{\"@type\":\"SearchAction\",\"target\":{\"@type\":\"EntryPoint\",\"urlTemplate\":\"https:\/\/thepueblatimes.mx\/?s={search_term_string}\"},\"query-input\":\"required name=search_term_string\"}],\"inLanguage\":\"es\"},{\"@type\":\"Person\",\"@id\":\"https:\/\/thepueblatimes.mx\/#\/schema\/person\/7bdf2adbc50078b104bba72b5612f774\",\"name\":\"Francisco S\u00e1nchez Nolasco\",\"image\":{\"@type\":\"ImageObject\",\"inLanguage\":\"es\",\"@id\":\"https:\/\/thepueblatimes.mx\/#\/schema\/person\/image\/\",\"url\":\"https:\/\/secure.gravatar.com\/avatar\/6061d7d20b38bc2742a5218401b198d2?s=96&d=mm&r=g\",\"contentUrl\":\"https:\/\/secure.gravatar.com\/avatar\/6061d7d20b38bc2742a5218401b198d2?s=96&d=mm&r=g\",\"caption\":\"Francisco S\u00e1nchez Nolasco\"},\"url\":\"https:\/\/thepueblatimes.mx\/index.php\/author\/marianitha-reyes\/\"}]}<\/script>\n<!-- \/ Yoast SEO plugin. -->","yoast_head_json":{"title":"Comerciante Acusa extorsi\u00f3n y hasta tortura de agentes de la Fiscal\u00eda Anticorrupci\u00f3n de Puebla - The Puebla Times","robots":{"index":"index","follow":"follow","max-snippet":"max-snippet:-1","max-image-preview":"max-image-preview:large","max-video-preview":"max-video-preview:-1"},"canonical":"https:\/\/thepueblatimes.mx\/index.php\/2021\/04\/26\/comerciante-acusa-extorsion-y-hasta-tortura-de-agentes-de-la-fiscalia-anticorrupcion-de-puebla\/","og_locale":"es_ES","og_type":"article","og_title":"Comerciante Acusa extorsi\u00f3n y hasta tortura de agentes de la Fiscal\u00eda Anticorrupci\u00f3n de Puebla - The Puebla Times","og_description":"A trav\u00e9s de su defensa legal, un comerciante asegura que fue v\u00edctima de un enga\u00f1o, una aprehensi\u00f3n con lujo de violencia y hasta torturas por parte de supuestos agentes de la Fiscal\u00eda Anticorrupci\u00f3n para \u201cdelatar\u201d a sus c\u00f3mplices en supuestos actos il\u00edcitos, de los que dice, no es culpable. La defensa legal de Ignacio detall\u00f3...","og_url":"https:\/\/thepueblatimes.mx\/index.php\/2021\/04\/26\/comerciante-acusa-extorsion-y-hasta-tortura-de-agentes-de-la-fiscalia-anticorrupcion-de-puebla\/","og_site_name":"The Puebla Times","article_published_time":"2021-04-26T17:39:56+00:00","og_image":[{"width":768,"height":479,"url":"https:\/\/thepueblatimes.mx\/wp-content\/uploads\/2021\/04\/Caso-de-extorsi\u00f3n-y-tortura-agentes-de-la-Fiscal\u00eda-Anticorrupci\u00f3n-de-Puebla-1.jpg","type":"image\/jpeg"}],"author":"Francisco S\u00e1nchez Nolasco","twitter_card":"summary_large_image","twitter_misc":{"Escrito por":"Francisco S\u00e1nchez Nolasco","Tiempo de lectura":"2 minutos"},"schema":{"@context":"https:\/\/schema.org","@graph":[{"@type":"WebPage","@id":"https:\/\/thepueblatimes.mx\/index.php\/2021\/04\/26\/comerciante-acusa-extorsion-y-hasta-tortura-de-agentes-de-la-fiscalia-anticorrupcion-de-puebla\/","url":"https:\/\/thepueblatimes.mx\/index.php\/2021\/04\/26\/comerciante-acusa-extorsion-y-hasta-tortura-de-agentes-de-la-fiscalia-anticorrupcion-de-puebla\/","name":"Comerciante Acusa extorsi\u00f3n y hasta tortura de agentes de la Fiscal\u00eda Anticorrupci\u00f3n de Puebla - The Puebla Times","isPartOf":{"@id":"https:\/\/thepueblatimes.mx\/#website"},"datePublished":"2021-04-26T17:39:56+00:00","dateModified":"2021-04-26T17:39:56+00:00","author":{"@id":"https:\/\/thepueblatimes.mx\/#\/schema\/person\/7bdf2adbc50078b104bba72b5612f774"},"breadcrumb":{"@id":"https:\/\/thepueblatimes.mx\/index.php\/2021\/04\/26\/comerciante-acusa-extorsion-y-hasta-tortura-de-agentes-de-la-fiscalia-anticorrupcion-de-puebla\/#breadcrumb"},"inLanguage":"es","potentialAction":[{"@type":"ReadAction","target":["https:\/\/thepueblatimes.mx\/index.php\/2021\/04\/26\/comerciante-acusa-extorsion-y-hasta-tortura-de-agentes-de-la-fiscalia-anticorrupcion-de-puebla\/"]}]},{"@type":"BreadcrumbList","@id":"https:\/\/thepueblatimes.mx\/index.php\/2021\/04\/26\/comerciante-acusa-extorsion-y-hasta-tortura-de-agentes-de-la-fiscalia-anticorrupcion-de-puebla\/#breadcrumb","itemListElement":[{"@type":"ListItem","position":1,"name":"Portada","item":"https:\/\/thepueblatimes.mx\/"},{"@type":"ListItem","position":2,"name":"Comerciante Acusa extorsi\u00f3n y hasta tortura de agentes de la Fiscal\u00eda Anticorrupci\u00f3n de Puebla"}]},{"@type":"WebSite","@id":"https:\/\/thepueblatimes.mx\/#website","url":"https:\/\/thepueblatimes.mx\/","name":"The Puebla Times","description":"Noticias del Estado de Puebla","potentialAction":[{"@type":"SearchAction","target":{"@type":"EntryPoint","urlTemplate":"https:\/\/thepueblatimes.mx\/?s={search_term_string}"},"query-input":"required name=search_term_string"}],"inLanguage":"es"},{"@type":"Person","@id":"https:\/\/thepueblatimes.mx\/#\/schema\/person\/7bdf2adbc50078b104bba72b5612f774","name":"Francisco S\u00e1nchez Nolasco","image":{"@type":"ImageObject","inLanguage":"es","@id":"https:\/\/thepueblatimes.mx\/#\/schema\/person\/image\/","url":"https:\/\/secure.gravatar.com\/avatar\/6061d7d20b38bc2742a5218401b198d2?s=96&d=mm&r=g","contentUrl":"https:\/\/secure.gravatar.com\/avatar\/6061d7d20b38bc2742a5218401b198d2?s=96&d=mm&r=g","caption":"Francisco S\u00e1nchez Nolasco"},"url":"https:\/\/thepueblatimes.mx\/index.php\/author\/marianitha-reyes\/"}]}},"jetpack_featured_media_url":"https:\/\/thepueblatimes.mx\/wp-content\/uploads\/2021\/04\/Caso-de-extorsi\u00f3n-y-tortura-agentes-de-la-Fiscal\u00eda-Anticorrupci\u00f3n-de-Puebla-1.jpg","_links":{"self":[{"href":"https:\/\/thepueblatimes.mx\/index.php\/wp-json\/wp\/v2\/posts\/13166"}],"collection":[{"href":"https:\/\/thepueblatimes.mx\/index.php\/wp-json\/wp\/v2\/posts"}],"about":[{"href":"https:\/\/thepueblatimes.mx\/index.php\/wp-json\/wp\/v2\/types\/post"}],"author":[{"embeddable":true,"href":"https:\/\/thepueblatimes.mx\/index.php\/wp-json\/wp\/v2\/users\/15"}],"replies":[{"embeddable":true,"href":"https:\/\/thepueblatimes.mx\/index.php\/wp-json\/wp\/v2\/comments?post=13166"}],"version-history":[{"count":1,"href":"https:\/\/thepueblatimes.mx\/index.php\/wp-json\/wp\/v2\/posts\/13166\/revisions"}],"predecessor-version":[{"id":13168,"href":"https:\/\/thepueblatimes.mx\/index.php\/wp-json\/wp\/v2\/posts\/13166\/revisions\/13168"}],"wp:featuredmedia":[{"embeddable":true,"href":"https:\/\/thepueblatimes.mx\/index.php\/wp-json\/wp\/v2\/media\/13167"}],"wp:attachment":[{"href":"https:\/\/thepueblatimes.mx\/index.php\/wp-json\/wp\/v2\/media?parent=13166"}],"wp:term":[{"taxonomy":"category","embeddable":true,"href":"https:\/\/thepueblatimes.mx\/index.php\/wp-json\/wp\/v2\/categories?post=13166"},{"taxonomy":"post_tag","embeddable":true,"href":"https:\/\/thepueblatimes.mx\/index.php\/wp-json\/wp\/v2\/tags?post=13166"}],"curies":[{"name":"wp","href":"https:\/\/api.w.org\/{rel}","templated":true}]}}