{"id":12915,"date":"2021-04-19T22:50:32","date_gmt":"2021-04-20T03:50:32","guid":{"rendered":"https:\/\/thepueblatimes.mx\/?p=12915"},"modified":"2021-04-19T22:50:32","modified_gmt":"2021-04-20T03:50:32","slug":"apedrean-a-alcalde-que-busca-reeleccion-en-jopala","status":"publish","type":"post","link":"https:\/\/thepueblatimes.mx\/index.php\/2021\/04\/19\/apedrean-a-alcalde-que-busca-reeleccion-en-jopala\/","title":{"rendered":"Apedrean a alcalde que busca reelecci\u00f3n en Jopala"},"content":{"rendered":"<p>Jos\u00e9 Hern\u00e1ndez Rivera, presidente municipal con licencia de Jopala, fue apedreado en la localidad de Chicontla.<\/p>\n<p>El incidente ocurri\u00f3 este fin de semana, cuando vecinos de la poblaci\u00f3n lo recibieron con piedras en mano.<\/p>\n<p>Jos\u00e9 Hern\u00e1ndez Rivera tuvo que ser rescatado por la Polic\u00eda Estatal y por elementos de la Guardia Nacional, que se trasladaron al sitio antes de que la situaci\u00f3n pasara a mayores.<\/p>\n<p>Cabe recordar que Jos\u00e9 Hern\u00e1ndez logr\u00f3 la alcald\u00eda cobijado por el PAN; no obstante ahora busca reelegirse con el Partido del Trabajo (PT), sin embargo la p\u00e9sima administraci\u00f3n que ha desempe\u00f1ado.<\/p>\n<p>Los vecinos de Chincontla reclamaron a pedradas por las promesas incumplidas y el mal gobierno que encabez\u00f3 desde 2018, y hoy Jos\u00e9 Hern\u00e1ndez busca tres a\u00f1os m\u00e1s en el poder.<\/p>\n<p>&nbsp;<\/p>\n","protected":false},"excerpt":{"rendered":"<p>Jos\u00e9 Hern\u00e1ndez Rivera, presidente municipal con licencia de Jopala, fue apedreado en la localidad de Chicontla. El incidente ocurri\u00f3 este fin de semana, cuando vecinos de la poblaci\u00f3n lo recibieron con piedras en mano. Jos\u00e9 Hern\u00e1ndez Rivera tuvo que ser rescatado por la Polic\u00eda Estatal y por elementos de la Guardia Nacional, que se trasladaron&#8230;<\/p>\n","protected":false},"author":15,"featured_media":12916,"comment_status":"open","ping_status":"open","sticky":false,"template":"","format":"standard","meta":[],"categories":[11],"tags":[],"yoast_head":"<!-- This site is optimized with the Yoast SEO plugin v20.8 - https:\/\/yoast.com\/wordpress\/plugins\/seo\/ -->\n<title>Apedrean a alcalde que busca reelecci\u00f3n en Jopala - The Puebla Times<\/title>\n<meta name=\"robots\" content=\"index, follow, max-snippet:-1, max-image-preview:large, max-video-preview:-1\" \/>\n<link rel=\"canonical\" href=\"https:\/\/thepueblatimes.mx\/index.php\/2021\/04\/19\/apedrean-a-alcalde-que-busca-reeleccion-en-jopala\/\" \/>\n<meta property=\"og:locale\" content=\"es_ES\" \/>\n<meta property=\"og:type\" content=\"article\" \/>\n<meta property=\"og:title\" content=\"Apedrean a alcalde que busca reelecci\u00f3n en Jopala - The Puebla Times\" \/>\n<meta property=\"og:description\" content=\"Jos\u00e9 Hern\u00e1ndez Rivera, presidente municipal con licencia de Jopala, fue apedreado en la localidad de Chicontla. El incidente ocurri\u00f3 este fin de semana, cuando vecinos de la poblaci\u00f3n lo recibieron con piedras en mano. Jos\u00e9 Hern\u00e1ndez Rivera tuvo que ser rescatado por la Polic\u00eda Estatal y por elementos de la Guardia Nacional, que se trasladaron...\" \/>\n<meta property=\"og:url\" content=\"https:\/\/thepueblatimes.mx\/index.php\/2021\/04\/19\/apedrean-a-alcalde-que-busca-reeleccion-en-jopala\/\" \/>\n<meta property=\"og:site_name\" content=\"The Puebla Times\" \/>\n<meta property=\"article:published_time\" content=\"2021-04-20T03:50:32+00:00\" \/>\n<meta property=\"og:image\" content=\"https:\/\/thepueblatimes.mx\/wp-content\/uploads\/2021\/04\/IMG-20210419-WA0044.jpg\" \/>\n\t<meta property=\"og:image:width\" content=\"445\" \/>\n\t<meta property=\"og:image:height\" content=\"445\" \/>\n\t<meta property=\"og:image:type\" content=\"image\/jpeg\" \/>\n<meta name=\"author\" content=\"Francisco S\u00e1nchez Nolasco\" \/>\n<meta name=\"twitter:card\" content=\"summary_large_image\" \/>\n<meta name=\"twitter:label1\" content=\"Escrito por\" \/>\n\t<meta name=\"twitter:data1\" content=\"Francisco S\u00e1nchez Nolasco\" \/>\n\t<meta name=\"twitter:label2\" content=\"Tiempo de lectura\" \/>\n\t<meta name=\"twitter:data2\" content=\"1 minuto\" \/>\n<script type=\"application\/ld+json\" class=\"yoast-schema-graph\">{\"@context\":\"https:\/\/schema.org\",\"@graph\":[{\"@type\":\"WebPage\",\"@id\":\"https:\/\/thepueblatimes.mx\/index.php\/2021\/04\/19\/apedrean-a-alcalde-que-busca-reeleccion-en-jopala\/\",\"url\":\"https:\/\/thepueblatimes.mx\/index.php\/2021\/04\/19\/apedrean-a-alcalde-que-busca-reeleccion-en-jopala\/\",\"name\":\"Apedrean a alcalde que busca reelecci\u00f3n en Jopala - The Puebla Times\",\"isPartOf\":{\"@id\":\"https:\/\/thepueblatimes.mx\/#website\"},\"datePublished\":\"2021-04-20T03:50:32+00:00\",\"dateModified\":\"2021-04-20T03:50:32+00:00\",\"author\":{\"@id\":\"https:\/\/thepueblatimes.mx\/#\/schema\/person\/7bdf2adbc50078b104bba72b5612f774\"},\"breadcrumb\":{\"@id\":\"https:\/\/thepueblatimes.mx\/index.php\/2021\/04\/19\/apedrean-a-alcalde-que-busca-reeleccion-en-jopala\/#breadcrumb\"},\"inLanguage\":\"es\",\"potentialAction\":[{\"@type\":\"ReadAction\",\"target\":[\"https:\/\/thepueblatimes.mx\/index.php\/2021\/04\/19\/apedrean-a-alcalde-que-busca-reeleccion-en-jopala\/\"]}]},{\"@type\":\"BreadcrumbList\",\"@id\":\"https:\/\/thepueblatimes.mx\/index.php\/2021\/04\/19\/apedrean-a-alcalde-que-busca-reeleccion-en-jopala\/#breadcrumb\",\"itemListElement\":[{\"@type\":\"ListItem\",\"position\":1,\"name\":\"Portada\",\"item\":\"https:\/\/thepueblatimes.mx\/\"},{\"@type\":\"ListItem\",\"position\":2,\"name\":\"Apedrean a alcalde que busca reelecci\u00f3n en Jopala\"}]},{\"@type\":\"WebSite\",\"@id\":\"https:\/\/thepueblatimes.mx\/#website\",\"url\":\"https:\/\/thepueblatimes.mx\/\",\"name\":\"The Puebla Times\",\"description\":\"Noticias del Estado de Puebla\",\"potentialAction\":[{\"@type\":\"SearchAction\",\"target\":{\"@type\":\"EntryPoint\",\"urlTemplate\":\"https:\/\/thepueblatimes.mx\/?s={search_term_string}\"},\"query-input\":\"required name=search_term_string\"}],\"inLanguage\":\"es\"},{\"@type\":\"Person\",\"@id\":\"https:\/\/thepueblatimes.mx\/#\/schema\/person\/7bdf2adbc50078b104bba72b5612f774\",\"name\":\"Francisco S\u00e1nchez Nolasco\",\"image\":{\"@type\":\"ImageObject\",\"inLanguage\":\"es\",\"@id\":\"https:\/\/thepueblatimes.mx\/#\/schema\/person\/image\/\",\"url\":\"https:\/\/secure.gravatar.com\/avatar\/6061d7d20b38bc2742a5218401b198d2?s=96&d=mm&r=g\",\"contentUrl\":\"https:\/\/secure.gravatar.com\/avatar\/6061d7d20b38bc2742a5218401b198d2?s=96&d=mm&r=g\",\"caption\":\"Francisco S\u00e1nchez Nolasco\"},\"url\":\"https:\/\/thepueblatimes.mx\/index.php\/author\/marianitha-reyes\/\"}]}<\/script>\n<!-- \/ Yoast SEO plugin. -->","yoast_head_json":{"title":"Apedrean a alcalde que busca reelecci\u00f3n en Jopala - The Puebla Times","robots":{"index":"index","follow":"follow","max-snippet":"max-snippet:-1","max-image-preview":"max-image-preview:large","max-video-preview":"max-video-preview:-1"},"canonical":"https:\/\/thepueblatimes.mx\/index.php\/2021\/04\/19\/apedrean-a-alcalde-que-busca-reeleccion-en-jopala\/","og_locale":"es_ES","og_type":"article","og_title":"Apedrean a alcalde que busca reelecci\u00f3n en Jopala - The Puebla Times","og_description":"Jos\u00e9 Hern\u00e1ndez Rivera, presidente municipal con licencia de Jopala, fue apedreado en la localidad de Chicontla. El incidente ocurri\u00f3 este fin de semana, cuando vecinos de la poblaci\u00f3n lo recibieron con piedras en mano. Jos\u00e9 Hern\u00e1ndez Rivera tuvo que ser rescatado por la Polic\u00eda Estatal y por elementos de la Guardia Nacional, que se trasladaron...","og_url":"https:\/\/thepueblatimes.mx\/index.php\/2021\/04\/19\/apedrean-a-alcalde-que-busca-reeleccion-en-jopala\/","og_site_name":"The Puebla Times","article_published_time":"2021-04-20T03:50:32+00:00","og_image":[{"width":445,"height":445,"url":"https:\/\/thepueblatimes.mx\/wp-content\/uploads\/2021\/04\/IMG-20210419-WA0044.jpg","type":"image\/jpeg"}],"author":"Francisco S\u00e1nchez Nolasco","twitter_card":"summary_large_image","twitter_misc":{"Escrito por":"Francisco S\u00e1nchez Nolasco","Tiempo de lectura":"1 minuto"},"schema":{"@context":"https:\/\/schema.org","@graph":[{"@type":"WebPage","@id":"https:\/\/thepueblatimes.mx\/index.php\/2021\/04\/19\/apedrean-a-alcalde-que-busca-reeleccion-en-jopala\/","url":"https:\/\/thepueblatimes.mx\/index.php\/2021\/04\/19\/apedrean-a-alcalde-que-busca-reeleccion-en-jopala\/","name":"Apedrean a alcalde que busca reelecci\u00f3n en Jopala - The Puebla Times","isPartOf":{"@id":"https:\/\/thepueblatimes.mx\/#website"},"datePublished":"2021-04-20T03:50:32+00:00","dateModified":"2021-04-20T03:50:32+00:00","author":{"@id":"https:\/\/thepueblatimes.mx\/#\/schema\/person\/7bdf2adbc50078b104bba72b5612f774"},"breadcrumb":{"@id":"https:\/\/thepueblatimes.mx\/index.php\/2021\/04\/19\/apedrean-a-alcalde-que-busca-reeleccion-en-jopala\/#breadcrumb"},"inLanguage":"es","potentialAction":[{"@type":"ReadAction","target":["https:\/\/thepueblatimes.mx\/index.php\/2021\/04\/19\/apedrean-a-alcalde-que-busca-reeleccion-en-jopala\/"]}]},{"@type":"BreadcrumbList","@id":"https:\/\/thepueblatimes.mx\/index.php\/2021\/04\/19\/apedrean-a-alcalde-que-busca-reeleccion-en-jopala\/#breadcrumb","itemListElement":[{"@type":"ListItem","position":1,"name":"Portada","item":"https:\/\/thepueblatimes.mx\/"},{"@type":"ListItem","position":2,"name":"Apedrean a alcalde que busca reelecci\u00f3n en Jopala"}]},{"@type":"WebSite","@id":"https:\/\/thepueblatimes.mx\/#website","url":"https:\/\/thepueblatimes.mx\/","name":"The Puebla Times","description":"Noticias del Estado de Puebla","potentialAction":[{"@type":"SearchAction","target":{"@type":"EntryPoint","urlTemplate":"https:\/\/thepueblatimes.mx\/?s={search_term_string}"},"query-input":"required name=search_term_string"}],"inLanguage":"es"},{"@type":"Person","@id":"https:\/\/thepueblatimes.mx\/#\/schema\/person\/7bdf2adbc50078b104bba72b5612f774","name":"Francisco S\u00e1nchez Nolasco","image":{"@type":"ImageObject","inLanguage":"es","@id":"https:\/\/thepueblatimes.mx\/#\/schema\/person\/image\/","url":"https:\/\/secure.gravatar.com\/avatar\/6061d7d20b38bc2742a5218401b198d2?s=96&d=mm&r=g","contentUrl":"https:\/\/secure.gravatar.com\/avatar\/6061d7d20b38bc2742a5218401b198d2?s=96&d=mm&r=g","caption":"Francisco S\u00e1nchez Nolasco"},"url":"https:\/\/thepueblatimes.mx\/index.php\/author\/marianitha-reyes\/"}]}},"jetpack_featured_media_url":"https:\/\/thepueblatimes.mx\/wp-content\/uploads\/2021\/04\/IMG-20210419-WA0044.jpg","_links":{"self":[{"href":"https:\/\/thepueblatimes.mx\/index.php\/wp-json\/wp\/v2\/posts\/12915"}],"collection":[{"href":"https:\/\/thepueblatimes.mx\/index.php\/wp-json\/wp\/v2\/posts"}],"about":[{"href":"https:\/\/thepueblatimes.mx\/index.php\/wp-json\/wp\/v2\/types\/post"}],"author":[{"embeddable":true,"href":"https:\/\/thepueblatimes.mx\/index.php\/wp-json\/wp\/v2\/users\/15"}],"replies":[{"embeddable":true,"href":"https:\/\/thepueblatimes.mx\/index.php\/wp-json\/wp\/v2\/comments?post=12915"}],"version-history":[{"count":1,"href":"https:\/\/thepueblatimes.mx\/index.php\/wp-json\/wp\/v2\/posts\/12915\/revisions"}],"predecessor-version":[{"id":12917,"href":"https:\/\/thepueblatimes.mx\/index.php\/wp-json\/wp\/v2\/posts\/12915\/revisions\/12917"}],"wp:featuredmedia":[{"embeddable":true,"href":"https:\/\/thepueblatimes.mx\/index.php\/wp-json\/wp\/v2\/media\/12916"}],"wp:attachment":[{"href":"https:\/\/thepueblatimes.mx\/index.php\/wp-json\/wp\/v2\/media?parent=12915"}],"wp:term":[{"taxonomy":"category","embeddable":true,"href":"https:\/\/thepueblatimes.mx\/index.php\/wp-json\/wp\/v2\/categories?post=12915"},{"taxonomy":"post_tag","embeddable":true,"href":"https:\/\/thepueblatimes.mx\/index.php\/wp-json\/wp\/v2\/tags?post=12915"}],"curies":[{"name":"wp","href":"https:\/\/api.w.org\/{rel}","templated":true}]}}