{"id":12909,"date":"2021-04-19T22:42:31","date_gmt":"2021-04-20T03:42:31","guid":{"rendered":"https:\/\/thepueblatimes.mx\/?p=12909"},"modified":"2021-04-19T22:42:31","modified_gmt":"2021-04-20T03:42:31","slug":"estos-son-los-lineamientos-para-la-reanudacion-de-clases-en-universidades-de-puebla","status":"publish","type":"post","link":"https:\/\/thepueblatimes.mx\/index.php\/2021\/04\/19\/estos-son-los-lineamientos-para-la-reanudacion-de-clases-en-universidades-de-puebla\/","title":{"rendered":"Estos son los lineamientos para la reanudaci\u00f3n de clases en universidades de Puebla"},"content":{"rendered":"<div class=\"content-body clearfix \">\n<div id=\"content-body-225-6616328\">\n<p>Debido a las necesidades que han surgido por el traslado de las actividades educativas a la virtualidad y que requieren de una atenci\u00f3n y trato presencial, la Secretar\u00eda de Educaci\u00f3n P\u00fablica (SEP) estatal emiti\u00f3 sus \u201cLineamientos para la Reanudaci\u00f3n de Actividades Acad\u00e9micas Pr\u00e1cticas en Instituciones de Educaci\u00f3n Superior\u201d.<\/p>\n<p>Como lo anunci\u00f3 en d\u00edas pasados el titular de la dependencia, Melit\u00f3n Lozano P\u00e9rez, ser\u00e1 necesario que las Instituciones de Educaci\u00f3n Superior (IES) cuenten con las condiciones para operar las medidas sanitarias, de desinfecci\u00f3n e higiene, antes y durante la reanudaci\u00f3n de las actividades acad\u00e9micas pr\u00e1cticas.<\/p>\n<\/div>\n<\/div>\n<article class=\"content-continued-body clearfix \">\n<div id=\"content-body-5851641-6616328\">\n<p>Asimismo, deber\u00e1n establecer mecanismos de comunicaci\u00f3n con su comunidad para definir el proceso de regreso, colocar se\u00f1al\u00e9tica para identificar cada uno de los espacios, evitar aglomeraciones y recordar el seguimiento de los protocolos, tales como el uso de cubrebocas, la colocaci\u00f3n de gel anitbacterial, el sentido de la circulaci\u00f3n y la sana distancia.<\/p>\n<p>De igual manera, adelant\u00f3 que ser\u00e1 necesario el acondicionamiento de espacios f\u00edsicos para cumplir con el aforo y distancias se\u00f1aladas, as\u00ed como con la ventilaci\u00f3n y rotaci\u00f3n de los presentes.<\/p>\n<p>La dependencia comparti\u00f3 que habr\u00e1 un manejo adecuado de los desechos que pudieran contener el virus y se deber\u00e1 capacitar al personal acad\u00e9mico y no acad\u00e9mico sobre los lineamientos.<\/p>\n<p>En cuanto a las IES que busquen reabrir sus puertas, la SEP estatal record\u00f3 que deben entregar una solicitud por escrito dirigida a la Subsecretar\u00eda de Educaci\u00f3n Superior, posteriormente, un informe diagn\u00f3stico sobre las caracter\u00edsticas de la instituci\u00f3n y sus protocolos de actuaci\u00f3n para la reanudaci\u00f3n.<\/p>\n<p>Cabe destacar que, en la elecci\u00f3n de estudiantes tendr\u00e1n que tomar en cuenta aquellos cuya titulaci\u00f3n dependa de pr\u00e1cticas de laboratorio o actividad acad\u00e9mica que requieran presencialidad y los que se encuentren en semestres o cuatrimestres terminales y tengan pr\u00e1cticas prioritarias que no puedan postergarse.<\/p>\n<p>De detectarse un caso de Covid, el documento exhort\u00f3 a dar aviso a la Secretar\u00eda de Salud y a la subsecretar\u00eda de Educaci\u00f3n Superior, enviar a la comunidad a sus hogares por 14 d\u00edas para mantenerse en observaci\u00f3n, suspender por ese mismo lapso las actividades presenciales y tratar con discreci\u00f3n los casos, entre otras indicaciones.<\/p>\n<\/div>\n<\/article>\n","protected":false},"excerpt":{"rendered":"<p>Debido a las necesidades que han surgido por el traslado de las actividades educativas a la virtualidad y que requieren de una atenci\u00f3n y trato presencial, la Secretar\u00eda de Educaci\u00f3n P\u00fablica (SEP) estatal emiti\u00f3 sus \u201cLineamientos para la Reanudaci\u00f3n de Actividades Acad\u00e9micas Pr\u00e1cticas en Instituciones de Educaci\u00f3n Superior\u201d. Como lo anunci\u00f3 en d\u00edas pasados el&#8230;<\/p>\n","protected":false},"author":15,"featured_media":12910,"comment_status":"open","ping_status":"open","sticky":false,"template":"","format":"standard","meta":[],"categories":[20],"tags":[109,386,49],"yoast_head":"<!-- This site is optimized with the Yoast SEO plugin v20.8 - https:\/\/yoast.com\/wordpress\/plugins\/seo\/ -->\n<title>Estos son los lineamientos para la reanudaci\u00f3n de clases en universidades de Puebla - The Puebla Times<\/title>\n<meta name=\"robots\" content=\"index, follow, max-snippet:-1, max-image-preview:large, max-video-preview:-1\" \/>\n<link rel=\"canonical\" href=\"https:\/\/thepueblatimes.mx\/index.php\/2021\/04\/19\/estos-son-los-lineamientos-para-la-reanudacion-de-clases-en-universidades-de-puebla\/\" \/>\n<meta property=\"og:locale\" content=\"es_ES\" \/>\n<meta property=\"og:type\" content=\"article\" \/>\n<meta property=\"og:title\" content=\"Estos son los lineamientos para la reanudaci\u00f3n de clases en universidades de Puebla - The Puebla Times\" \/>\n<meta property=\"og:description\" content=\"Debido a las necesidades que han surgido por el traslado de las actividades educativas a la virtualidad y que requieren de una atenci\u00f3n y trato presencial, la Secretar\u00eda de Educaci\u00f3n P\u00fablica (SEP) estatal emiti\u00f3 sus \u201cLineamientos para la Reanudaci\u00f3n de Actividades Acad\u00e9micas Pr\u00e1cticas en Instituciones de Educaci\u00f3n Superior\u201d. Como lo anunci\u00f3 en d\u00edas pasados el...\" \/>\n<meta property=\"og:url\" content=\"https:\/\/thepueblatimes.mx\/index.php\/2021\/04\/19\/estos-son-los-lineamientos-para-la-reanudacion-de-clases-en-universidades-de-puebla\/\" \/>\n<meta property=\"og:site_name\" content=\"The Puebla Times\" \/>\n<meta property=\"article:published_time\" content=\"2021-04-20T03:42:31+00:00\" \/>\n<meta property=\"og:image\" content=\"https:\/\/thepueblatimes.mx\/wp-content\/uploads\/2021\/04\/HISTORIA-1-SALON-clases-escuela-Imagen-de-Wokandapix-en-Pixabay.jpg\" \/>\n\t<meta property=\"og:image:width\" content=\"768\" \/>\n\t<meta property=\"og:image:height\" content=\"479\" \/>\n\t<meta property=\"og:image:type\" content=\"image\/jpeg\" \/>\n<meta name=\"author\" content=\"Francisco S\u00e1nchez Nolasco\" \/>\n<meta name=\"twitter:card\" content=\"summary_large_image\" \/>\n<meta name=\"twitter:label1\" content=\"Escrito por\" \/>\n\t<meta name=\"twitter:data1\" content=\"Francisco S\u00e1nchez Nolasco\" \/>\n\t<meta name=\"twitter:label2\" content=\"Tiempo de lectura\" \/>\n\t<meta name=\"twitter:data2\" content=\"2 minutos\" \/>\n<script type=\"application\/ld+json\" class=\"yoast-schema-graph\">{\"@context\":\"https:\/\/schema.org\",\"@graph\":[{\"@type\":\"WebPage\",\"@id\":\"https:\/\/thepueblatimes.mx\/index.php\/2021\/04\/19\/estos-son-los-lineamientos-para-la-reanudacion-de-clases-en-universidades-de-puebla\/\",\"url\":\"https:\/\/thepueblatimes.mx\/index.php\/2021\/04\/19\/estos-son-los-lineamientos-para-la-reanudacion-de-clases-en-universidades-de-puebla\/\",\"name\":\"Estos son los lineamientos para la reanudaci\u00f3n de clases en universidades de Puebla - The Puebla Times\",\"isPartOf\":{\"@id\":\"https:\/\/thepueblatimes.mx\/#website\"},\"datePublished\":\"2021-04-20T03:42:31+00:00\",\"dateModified\":\"2021-04-20T03:42:31+00:00\",\"author\":{\"@id\":\"https:\/\/thepueblatimes.mx\/#\/schema\/person\/7bdf2adbc50078b104bba72b5612f774\"},\"breadcrumb\":{\"@id\":\"https:\/\/thepueblatimes.mx\/index.php\/2021\/04\/19\/estos-son-los-lineamientos-para-la-reanudacion-de-clases-en-universidades-de-puebla\/#breadcrumb\"},\"inLanguage\":\"es\",\"potentialAction\":[{\"@type\":\"ReadAction\",\"target\":[\"https:\/\/thepueblatimes.mx\/index.php\/2021\/04\/19\/estos-son-los-lineamientos-para-la-reanudacion-de-clases-en-universidades-de-puebla\/\"]}]},{\"@type\":\"BreadcrumbList\",\"@id\":\"https:\/\/thepueblatimes.mx\/index.php\/2021\/04\/19\/estos-son-los-lineamientos-para-la-reanudacion-de-clases-en-universidades-de-puebla\/#breadcrumb\",\"itemListElement\":[{\"@type\":\"ListItem\",\"position\":1,\"name\":\"Portada\",\"item\":\"https:\/\/thepueblatimes.mx\/\"},{\"@type\":\"ListItem\",\"position\":2,\"name\":\"Estos son los lineamientos para la reanudaci\u00f3n de clases en universidades de Puebla\"}]},{\"@type\":\"WebSite\",\"@id\":\"https:\/\/thepueblatimes.mx\/#website\",\"url\":\"https:\/\/thepueblatimes.mx\/\",\"name\":\"The Puebla Times\",\"description\":\"Noticias del Estado de Puebla\",\"potentialAction\":[{\"@type\":\"SearchAction\",\"target\":{\"@type\":\"EntryPoint\",\"urlTemplate\":\"https:\/\/thepueblatimes.mx\/?s={search_term_string}\"},\"query-input\":\"required name=search_term_string\"}],\"inLanguage\":\"es\"},{\"@type\":\"Person\",\"@id\":\"https:\/\/thepueblatimes.mx\/#\/schema\/person\/7bdf2adbc50078b104bba72b5612f774\",\"name\":\"Francisco S\u00e1nchez Nolasco\",\"image\":{\"@type\":\"ImageObject\",\"inLanguage\":\"es\",\"@id\":\"https:\/\/thepueblatimes.mx\/#\/schema\/person\/image\/\",\"url\":\"https:\/\/secure.gravatar.com\/avatar\/6061d7d20b38bc2742a5218401b198d2?s=96&d=mm&r=g\",\"contentUrl\":\"https:\/\/secure.gravatar.com\/avatar\/6061d7d20b38bc2742a5218401b198d2?s=96&d=mm&r=g\",\"caption\":\"Francisco S\u00e1nchez Nolasco\"},\"url\":\"https:\/\/thepueblatimes.mx\/index.php\/author\/marianitha-reyes\/\"}]}<\/script>\n<!-- \/ Yoast SEO plugin. -->","yoast_head_json":{"title":"Estos son los lineamientos para la reanudaci\u00f3n de clases en universidades de Puebla - The Puebla Times","robots":{"index":"index","follow":"follow","max-snippet":"max-snippet:-1","max-image-preview":"max-image-preview:large","max-video-preview":"max-video-preview:-1"},"canonical":"https:\/\/thepueblatimes.mx\/index.php\/2021\/04\/19\/estos-son-los-lineamientos-para-la-reanudacion-de-clases-en-universidades-de-puebla\/","og_locale":"es_ES","og_type":"article","og_title":"Estos son los lineamientos para la reanudaci\u00f3n de clases en universidades de Puebla - The Puebla Times","og_description":"Debido a las necesidades que han surgido por el traslado de las actividades educativas a la virtualidad y que requieren de una atenci\u00f3n y trato presencial, la Secretar\u00eda de Educaci\u00f3n P\u00fablica (SEP) estatal emiti\u00f3 sus \u201cLineamientos para la Reanudaci\u00f3n de Actividades Acad\u00e9micas Pr\u00e1cticas en Instituciones de Educaci\u00f3n Superior\u201d. Como lo anunci\u00f3 en d\u00edas pasados el...","og_url":"https:\/\/thepueblatimes.mx\/index.php\/2021\/04\/19\/estos-son-los-lineamientos-para-la-reanudacion-de-clases-en-universidades-de-puebla\/","og_site_name":"The Puebla Times","article_published_time":"2021-04-20T03:42:31+00:00","og_image":[{"width":768,"height":479,"url":"https:\/\/thepueblatimes.mx\/wp-content\/uploads\/2021\/04\/HISTORIA-1-SALON-clases-escuela-Imagen-de-Wokandapix-en-Pixabay.jpg","type":"image\/jpeg"}],"author":"Francisco S\u00e1nchez Nolasco","twitter_card":"summary_large_image","twitter_misc":{"Escrito por":"Francisco S\u00e1nchez Nolasco","Tiempo de lectura":"2 minutos"},"schema":{"@context":"https:\/\/schema.org","@graph":[{"@type":"WebPage","@id":"https:\/\/thepueblatimes.mx\/index.php\/2021\/04\/19\/estos-son-los-lineamientos-para-la-reanudacion-de-clases-en-universidades-de-puebla\/","url":"https:\/\/thepueblatimes.mx\/index.php\/2021\/04\/19\/estos-son-los-lineamientos-para-la-reanudacion-de-clases-en-universidades-de-puebla\/","name":"Estos son los lineamientos para la reanudaci\u00f3n de clases en universidades de Puebla - The Puebla Times","isPartOf":{"@id":"https:\/\/thepueblatimes.mx\/#website"},"datePublished":"2021-04-20T03:42:31+00:00","dateModified":"2021-04-20T03:42:31+00:00","author":{"@id":"https:\/\/thepueblatimes.mx\/#\/schema\/person\/7bdf2adbc50078b104bba72b5612f774"},"breadcrumb":{"@id":"https:\/\/thepueblatimes.mx\/index.php\/2021\/04\/19\/estos-son-los-lineamientos-para-la-reanudacion-de-clases-en-universidades-de-puebla\/#breadcrumb"},"inLanguage":"es","potentialAction":[{"@type":"ReadAction","target":["https:\/\/thepueblatimes.mx\/index.php\/2021\/04\/19\/estos-son-los-lineamientos-para-la-reanudacion-de-clases-en-universidades-de-puebla\/"]}]},{"@type":"BreadcrumbList","@id":"https:\/\/thepueblatimes.mx\/index.php\/2021\/04\/19\/estos-son-los-lineamientos-para-la-reanudacion-de-clases-en-universidades-de-puebla\/#breadcrumb","itemListElement":[{"@type":"ListItem","position":1,"name":"Portada","item":"https:\/\/thepueblatimes.mx\/"},{"@type":"ListItem","position":2,"name":"Estos son los lineamientos para la reanudaci\u00f3n de clases en universidades de Puebla"}]},{"@type":"WebSite","@id":"https:\/\/thepueblatimes.mx\/#website","url":"https:\/\/thepueblatimes.mx\/","name":"The Puebla Times","description":"Noticias del Estado de Puebla","potentialAction":[{"@type":"SearchAction","target":{"@type":"EntryPoint","urlTemplate":"https:\/\/thepueblatimes.mx\/?s={search_term_string}"},"query-input":"required name=search_term_string"}],"inLanguage":"es"},{"@type":"Person","@id":"https:\/\/thepueblatimes.mx\/#\/schema\/person\/7bdf2adbc50078b104bba72b5612f774","name":"Francisco S\u00e1nchez Nolasco","image":{"@type":"ImageObject","inLanguage":"es","@id":"https:\/\/thepueblatimes.mx\/#\/schema\/person\/image\/","url":"https:\/\/secure.gravatar.com\/avatar\/6061d7d20b38bc2742a5218401b198d2?s=96&d=mm&r=g","contentUrl":"https:\/\/secure.gravatar.com\/avatar\/6061d7d20b38bc2742a5218401b198d2?s=96&d=mm&r=g","caption":"Francisco S\u00e1nchez Nolasco"},"url":"https:\/\/thepueblatimes.mx\/index.php\/author\/marianitha-reyes\/"}]}},"jetpack_featured_media_url":"https:\/\/thepueblatimes.mx\/wp-content\/uploads\/2021\/04\/HISTORIA-1-SALON-clases-escuela-Imagen-de-Wokandapix-en-Pixabay.jpg","_links":{"self":[{"href":"https:\/\/thepueblatimes.mx\/index.php\/wp-json\/wp\/v2\/posts\/12909"}],"collection":[{"href":"https:\/\/thepueblatimes.mx\/index.php\/wp-json\/wp\/v2\/posts"}],"about":[{"href":"https:\/\/thepueblatimes.mx\/index.php\/wp-json\/wp\/v2\/types\/post"}],"author":[{"embeddable":true,"href":"https:\/\/thepueblatimes.mx\/index.php\/wp-json\/wp\/v2\/users\/15"}],"replies":[{"embeddable":true,"href":"https:\/\/thepueblatimes.mx\/index.php\/wp-json\/wp\/v2\/comments?post=12909"}],"version-history":[{"count":1,"href":"https:\/\/thepueblatimes.mx\/index.php\/wp-json\/wp\/v2\/posts\/12909\/revisions"}],"predecessor-version":[{"id":12911,"href":"https:\/\/thepueblatimes.mx\/index.php\/wp-json\/wp\/v2\/posts\/12909\/revisions\/12911"}],"wp:featuredmedia":[{"embeddable":true,"href":"https:\/\/thepueblatimes.mx\/index.php\/wp-json\/wp\/v2\/media\/12910"}],"wp:attachment":[{"href":"https:\/\/thepueblatimes.mx\/index.php\/wp-json\/wp\/v2\/media?parent=12909"}],"wp:term":[{"taxonomy":"category","embeddable":true,"href":"https:\/\/thepueblatimes.mx\/index.php\/wp-json\/wp\/v2\/categories?post=12909"},{"taxonomy":"post_tag","embeddable":true,"href":"https:\/\/thepueblatimes.mx\/index.php\/wp-json\/wp\/v2\/tags?post=12909"}],"curies":[{"name":"wp","href":"https:\/\/api.w.org\/{rel}","templated":true}]}}