{"id":12681,"date":"2021-04-12T10:30:33","date_gmt":"2021-04-12T15:30:33","guid":{"rendered":"https:\/\/thepueblatimes.mx\/?p=12681"},"modified":"2021-04-12T10:30:33","modified_gmt":"2021-04-12T15:30:33","slug":"la-semana-de-las-definiciones","status":"publish","type":"post","link":"https:\/\/thepueblatimes.mx\/index.php\/2021\/04\/12\/la-semana-de-las-definiciones\/","title":{"rendered":"La semana de las definiciones"},"content":{"rendered":"<p>Tras los \u00faltimos altercados en los que ha quedado claro que Edgar Garmendia y Carlos Evangelista, no son bien vistos por la militancia de MORENA en Puebla, las cosas se ponen color de hormiga, puesto que hay en MORENA tantos problemas para iniciar una campa\u00f1a electoral ganadora., que podr\u00edan poner en riesgo la elecci\u00f3n en Puebla.<\/p>\n<p>Por principio hay que decir que el antecedente primordial, es que no hubo un verdadero proceso de selecci\u00f3n de candidatos el interior de la militancia en Puebla, las encuestas simplemente no existieron, existe una farsa documental en la que no incluyen ninguno de los rubros de las actividades demosc\u00f3picas se\u00f1aladas en la convocatoria, las convocatorias hechas por la dirigencia nacional carecen de toda seriedad; por lo que va a ser preciso llevar a cabo grandes ajustes, y los fallos del tribunal electoral de poder judicial de la federaci\u00f3n, no ser\u00e1n a favor de MORENA en muchos de los casos.<\/p>\n<p>Vale la pena ver de cerca el caso de San Mart\u00edn, en donde un tal V\u00edctor Toledo vino desde la capital mexicana para por sus pistolas ser candidato, y que de la noche a la ma\u00f1ana le cay\u00f3 un rayo celestial que lo fulmin\u00f3, con una investigaci\u00f3n de la unidad de inteligencia financiera, congel\u00e1ndole sus cuentas bancarias.<\/p>\n<p>Se dice que no ser\u00e1 el \u00fanico candidato a diputado federal que van a bajar, otro es Ren\u00e9 S\u00e1nchez Galindo, a quien se le investiga por el delito de trata desde muy arriba, pues la complacencia y alcahueter\u00eda con la que trat\u00f3 la prostituci\u00f3n en las calles del centro hist\u00f3rico de Puebla, le van a valer algo m\u00e1s que unas malas frases en los diarios, ya que su necedad por ser candidato por el 12 distrito federal electoral en Puebla, le traer\u00e1 consecuencias muy graves.<\/p>\n<p>Otro es el presunto primo de Mario Delgado Carrillo en Atlixco, quien ya est\u00e1 m\u00e1s que bajado, y s\u00f3lo se espera lo peor, pues ya hay una suspensi\u00f3n para hacer proselitismo en su contra, por lo que por el momento son las bajadas m\u00e1s que anunciadas y evidentes que se esperan en Puebla.<\/p>\n<p>Igualmente suceder\u00e1 con muchos candidatos a diputados locales, como el caso del de Tepeaca, Acatzingo, Chignahuapan y Zaragoza, que pueden perder sus esperanzas de un momento a otro, as\u00ed como los candidatos a presidentes municipales, en donde por si no lo sabe, y en exclusiva para Pueblas Times, una de las que peligra su denominaci\u00f3n es Claudia Rivera Vivanco y la otra es Norma Lay\u00f3n Aarum.<\/p>\n<p>Ni duda cabe que las cosas est\u00e1n que arden; de entrada, todas las candidaturas a diputados locales, se repondr\u00e1n y por ello se espera, que lo que resta del mes de abril, las cosas se pongan mucho peor.<\/p>\n<p>Cabe destacar que casi todas las oficinas de MORENA en el pa\u00eds est\u00e1n tomadas por la militancia; hay un malestar sustancial de la militancia con la dirigencia; aunado a esto hay que tomar en cuenta que Andr\u00e9s Manuel L\u00f3pez Obrador ha manifestado su deseo de salirse de MORENA, pues siente que ya no lo representa los intereses e ideales de la 4T, por lo que se espera en breve que haya mucho m\u00e1s apoyo desde palacio nacional, a los partidos sat\u00e9lites de la cuarta transformaci\u00f3n.<\/p>\n<p>Igualmente se espera que las cosas terminen esta semana que hoy empieza, concluyendo el cap\u00edtulo m\u00e1s espantoso de las imposiciones de candidatos, jam\u00e1s vista en la historia de MORENA, por lo que tendr\u00e1 que ser L\u00f3pez Obrador quien de con fuerza el manazo en la mesa, para que todos se calmen, o de lo contrario estar\u00eda en riesgo el proyecto gubernamental de la 4T.<\/p>\n<p>Perder el Congreso del estado y la c\u00e1mara de diputados federales, no es opci\u00f3n para la 4T, deben de ganar, llueva truene o relampaguee, no hay marcha atr\u00e1s\u2026o ganan o se pierde todo, as\u00ed de f\u00e1cil.<\/p>\n<p>Finalmente ser\u00e1 para el 15 o 16 de abril, cuando ya se hayan acomodado las naranjas, para conocer los nombres de todos los candidatos de MORENA y analizar si es que podr\u00e1n repetir el triunfo del 2018, o capitular\u00e1n luego de toda esta debacle que se ha presentado, en donde los odios han salido a relucir en sobremanera, y las pasiones se han desbordado in\u00fatilmente, ya que podr\u00edan llegar muy debilitados los candidatos de MORENA si las pugnas se prolongan demasiado.<\/p>\n","protected":false},"excerpt":{"rendered":"<p>Tras los \u00faltimos altercados en los que ha quedado claro que Edgar Garmendia y Carlos Evangelista, no son bien vistos por la militancia de MORENA en Puebla<\/p>\n","protected":false},"author":12,"featured_media":12682,"comment_status":"open","ping_status":"open","sticky":false,"template":"","format":"standard","meta":[],"categories":[3,10],"tags":[546,545,66,49],"yoast_head":"<!-- This site is optimized with the Yoast SEO plugin v20.8 - https:\/\/yoast.com\/wordpress\/plugins\/seo\/ -->\n<title>La semana de las definiciones - The Puebla Times<\/title>\n<meta name=\"robots\" content=\"index, follow, max-snippet:-1, max-image-preview:large, max-video-preview:-1\" \/>\n<link rel=\"canonical\" href=\"https:\/\/thepueblatimes.mx\/index.php\/2021\/04\/12\/la-semana-de-las-definiciones\/\" \/>\n<meta property=\"og:locale\" content=\"es_ES\" \/>\n<meta property=\"og:type\" content=\"article\" \/>\n<meta property=\"og:title\" content=\"La semana de las definiciones - The Puebla Times\" \/>\n<meta property=\"og:description\" content=\"Tras los \u00faltimos altercados en los que ha quedado claro que Edgar Garmendia y Carlos Evangelista, no son bien vistos por la militancia de MORENA en Puebla\" \/>\n<meta property=\"og:url\" content=\"https:\/\/thepueblatimes.mx\/index.php\/2021\/04\/12\/la-semana-de-las-definiciones\/\" \/>\n<meta property=\"og:site_name\" content=\"The Puebla Times\" \/>\n<meta property=\"article:published_time\" content=\"2021-04-12T15:30:33+00:00\" \/>\n<meta property=\"og:image\" content=\"https:\/\/thepueblatimes.mx\/wp-content\/uploads\/2021\/04\/morenapueba.png\" \/>\n\t<meta property=\"og:image:width\" content=\"1200\" \/>\n\t<meta property=\"og:image:height\" content=\"635\" \/>\n\t<meta property=\"og:image:type\" content=\"image\/png\" \/>\n<meta name=\"author\" content=\"Claudio De la Llata\" \/>\n<meta name=\"twitter:card\" content=\"summary_large_image\" \/>\n<meta name=\"twitter:label1\" content=\"Escrito por\" \/>\n\t<meta name=\"twitter:data1\" content=\"Claudio De la Llata\" \/>\n\t<meta name=\"twitter:label2\" content=\"Tiempo de lectura\" \/>\n\t<meta name=\"twitter:data2\" content=\"4 minutos\" \/>\n<script type=\"application\/ld+json\" class=\"yoast-schema-graph\">{\"@context\":\"https:\/\/schema.org\",\"@graph\":[{\"@type\":\"WebPage\",\"@id\":\"https:\/\/thepueblatimes.mx\/index.php\/2021\/04\/12\/la-semana-de-las-definiciones\/\",\"url\":\"https:\/\/thepueblatimes.mx\/index.php\/2021\/04\/12\/la-semana-de-las-definiciones\/\",\"name\":\"La semana de las definiciones - The Puebla Times\",\"isPartOf\":{\"@id\":\"https:\/\/thepueblatimes.mx\/#website\"},\"datePublished\":\"2021-04-12T15:30:33+00:00\",\"dateModified\":\"2021-04-12T15:30:33+00:00\",\"author\":{\"@id\":\"https:\/\/thepueblatimes.mx\/#\/schema\/person\/bbda7d16f8de72bedcf28a980dfbc8ad\"},\"breadcrumb\":{\"@id\":\"https:\/\/thepueblatimes.mx\/index.php\/2021\/04\/12\/la-semana-de-las-definiciones\/#breadcrumb\"},\"inLanguage\":\"es\",\"potentialAction\":[{\"@type\":\"ReadAction\",\"target\":[\"https:\/\/thepueblatimes.mx\/index.php\/2021\/04\/12\/la-semana-de-las-definiciones\/\"]}]},{\"@type\":\"BreadcrumbList\",\"@id\":\"https:\/\/thepueblatimes.mx\/index.php\/2021\/04\/12\/la-semana-de-las-definiciones\/#breadcrumb\",\"itemListElement\":[{\"@type\":\"ListItem\",\"position\":1,\"name\":\"Portada\",\"item\":\"https:\/\/thepueblatimes.mx\/\"},{\"@type\":\"ListItem\",\"position\":2,\"name\":\"La semana de las definiciones\"}]},{\"@type\":\"WebSite\",\"@id\":\"https:\/\/thepueblatimes.mx\/#website\",\"url\":\"https:\/\/thepueblatimes.mx\/\",\"name\":\"The Puebla Times\",\"description\":\"Noticias del Estado de Puebla\",\"potentialAction\":[{\"@type\":\"SearchAction\",\"target\":{\"@type\":\"EntryPoint\",\"urlTemplate\":\"https:\/\/thepueblatimes.mx\/?s={search_term_string}\"},\"query-input\":\"required name=search_term_string\"}],\"inLanguage\":\"es\"},{\"@type\":\"Person\",\"@id\":\"https:\/\/thepueblatimes.mx\/#\/schema\/person\/bbda7d16f8de72bedcf28a980dfbc8ad\",\"name\":\"Claudio De la Llata\",\"image\":{\"@type\":\"ImageObject\",\"inLanguage\":\"es\",\"@id\":\"https:\/\/thepueblatimes.mx\/#\/schema\/person\/image\/\",\"url\":\"https:\/\/secure.gravatar.com\/avatar\/00548df3da11cad70e6ec0c1e51bd2f9?s=96&d=mm&r=g\",\"contentUrl\":\"https:\/\/secure.gravatar.com\/avatar\/00548df3da11cad70e6ec0c1e51bd2f9?s=96&d=mm&r=g\",\"caption\":\"Claudio De la Llata\"},\"url\":\"https:\/\/thepueblatimes.mx\/index.php\/author\/cluadiodelallata\/\"}]}<\/script>\n<!-- \/ Yoast SEO plugin. -->","yoast_head_json":{"title":"La semana de las definiciones - The Puebla Times","robots":{"index":"index","follow":"follow","max-snippet":"max-snippet:-1","max-image-preview":"max-image-preview:large","max-video-preview":"max-video-preview:-1"},"canonical":"https:\/\/thepueblatimes.mx\/index.php\/2021\/04\/12\/la-semana-de-las-definiciones\/","og_locale":"es_ES","og_type":"article","og_title":"La semana de las definiciones - The Puebla Times","og_description":"Tras los \u00faltimos altercados en los que ha quedado claro que Edgar Garmendia y Carlos Evangelista, no son bien vistos por la militancia de MORENA en Puebla","og_url":"https:\/\/thepueblatimes.mx\/index.php\/2021\/04\/12\/la-semana-de-las-definiciones\/","og_site_name":"The Puebla Times","article_published_time":"2021-04-12T15:30:33+00:00","og_image":[{"width":1200,"height":635,"url":"https:\/\/thepueblatimes.mx\/wp-content\/uploads\/2021\/04\/morenapueba.png","type":"image\/png"}],"author":"Claudio De la Llata","twitter_card":"summary_large_image","twitter_misc":{"Escrito por":"Claudio De la Llata","Tiempo de lectura":"4 minutos"},"schema":{"@context":"https:\/\/schema.org","@graph":[{"@type":"WebPage","@id":"https:\/\/thepueblatimes.mx\/index.php\/2021\/04\/12\/la-semana-de-las-definiciones\/","url":"https:\/\/thepueblatimes.mx\/index.php\/2021\/04\/12\/la-semana-de-las-definiciones\/","name":"La semana de las definiciones - The Puebla Times","isPartOf":{"@id":"https:\/\/thepueblatimes.mx\/#website"},"datePublished":"2021-04-12T15:30:33+00:00","dateModified":"2021-04-12T15:30:33+00:00","author":{"@id":"https:\/\/thepueblatimes.mx\/#\/schema\/person\/bbda7d16f8de72bedcf28a980dfbc8ad"},"breadcrumb":{"@id":"https:\/\/thepueblatimes.mx\/index.php\/2021\/04\/12\/la-semana-de-las-definiciones\/#breadcrumb"},"inLanguage":"es","potentialAction":[{"@type":"ReadAction","target":["https:\/\/thepueblatimes.mx\/index.php\/2021\/04\/12\/la-semana-de-las-definiciones\/"]}]},{"@type":"BreadcrumbList","@id":"https:\/\/thepueblatimes.mx\/index.php\/2021\/04\/12\/la-semana-de-las-definiciones\/#breadcrumb","itemListElement":[{"@type":"ListItem","position":1,"name":"Portada","item":"https:\/\/thepueblatimes.mx\/"},{"@type":"ListItem","position":2,"name":"La semana de las definiciones"}]},{"@type":"WebSite","@id":"https:\/\/thepueblatimes.mx\/#website","url":"https:\/\/thepueblatimes.mx\/","name":"The Puebla Times","description":"Noticias del Estado de Puebla","potentialAction":[{"@type":"SearchAction","target":{"@type":"EntryPoint","urlTemplate":"https:\/\/thepueblatimes.mx\/?s={search_term_string}"},"query-input":"required name=search_term_string"}],"inLanguage":"es"},{"@type":"Person","@id":"https:\/\/thepueblatimes.mx\/#\/schema\/person\/bbda7d16f8de72bedcf28a980dfbc8ad","name":"Claudio De la Llata","image":{"@type":"ImageObject","inLanguage":"es","@id":"https:\/\/thepueblatimes.mx\/#\/schema\/person\/image\/","url":"https:\/\/secure.gravatar.com\/avatar\/00548df3da11cad70e6ec0c1e51bd2f9?s=96&d=mm&r=g","contentUrl":"https:\/\/secure.gravatar.com\/avatar\/00548df3da11cad70e6ec0c1e51bd2f9?s=96&d=mm&r=g","caption":"Claudio De la Llata"},"url":"https:\/\/thepueblatimes.mx\/index.php\/author\/cluadiodelallata\/"}]}},"jetpack_featured_media_url":"https:\/\/thepueblatimes.mx\/wp-content\/uploads\/2021\/04\/morenapueba.png","_links":{"self":[{"href":"https:\/\/thepueblatimes.mx\/index.php\/wp-json\/wp\/v2\/posts\/12681"}],"collection":[{"href":"https:\/\/thepueblatimes.mx\/index.php\/wp-json\/wp\/v2\/posts"}],"about":[{"href":"https:\/\/thepueblatimes.mx\/index.php\/wp-json\/wp\/v2\/types\/post"}],"author":[{"embeddable":true,"href":"https:\/\/thepueblatimes.mx\/index.php\/wp-json\/wp\/v2\/users\/12"}],"replies":[{"embeddable":true,"href":"https:\/\/thepueblatimes.mx\/index.php\/wp-json\/wp\/v2\/comments?post=12681"}],"version-history":[{"count":1,"href":"https:\/\/thepueblatimes.mx\/index.php\/wp-json\/wp\/v2\/posts\/12681\/revisions"}],"predecessor-version":[{"id":12683,"href":"https:\/\/thepueblatimes.mx\/index.php\/wp-json\/wp\/v2\/posts\/12681\/revisions\/12683"}],"wp:featuredmedia":[{"embeddable":true,"href":"https:\/\/thepueblatimes.mx\/index.php\/wp-json\/wp\/v2\/media\/12682"}],"wp:attachment":[{"href":"https:\/\/thepueblatimes.mx\/index.php\/wp-json\/wp\/v2\/media?parent=12681"}],"wp:term":[{"taxonomy":"category","embeddable":true,"href":"https:\/\/thepueblatimes.mx\/index.php\/wp-json\/wp\/v2\/categories?post=12681"},{"taxonomy":"post_tag","embeddable":true,"href":"https:\/\/thepueblatimes.mx\/index.php\/wp-json\/wp\/v2\/tags?post=12681"}],"curies":[{"name":"wp","href":"https:\/\/api.w.org\/{rel}","templated":true}]}}