{"id":12677,"date":"2021-04-12T10:08:24","date_gmt":"2021-04-12T15:08:24","guid":{"rendered":"https:\/\/thepueblatimes.mx\/?p=12677"},"modified":"2021-04-12T10:08:24","modified_gmt":"2021-04-12T15:08:24","slug":"sedena-se-suma-a-trabajos-para-combatir-incendio-forestal-en-tlacotepec","status":"publish","type":"post","link":"https:\/\/thepueblatimes.mx\/index.php\/2021\/04\/12\/sedena-se-suma-a-trabajos-para-combatir-incendio-forestal-en-tlacotepec\/","title":{"rendered":"Sedena se suma a trabajos para combatir incendio forestal en Tlacotepec"},"content":{"rendered":"<p>Brigadistas de la Secretar\u00eda de la Defensa Nacional (Sedena) ya se sumaron a los trabajos para combatir el incendio forestal registrado en los l\u00edmites de Tlacotepec de Benito Ju\u00e1rez y Juan N. M\u00e9ndez desde el pasado 8 de abril.<\/p>\n<p>De acuerdo con lo reportado por Protecci\u00f3n Civil Estatal, en estos momentos el incendio est\u00e1 controlado al 80% y liquidado al 60%.<\/p>\n<p>Es importante mencionar que los pobladores de la zona acusaron una intervenci\u00f3n tard\u00eda de las autoridades, pues el pasado viernes 9 de abril llegaron elementos de Protecci\u00f3n Civil, pero se retiraron porque en esos momentos las llamas estaban controladas; sin embargo, durante la noche se reactiv\u00f3.<\/p>\n<p>La ma\u00f1ana del s\u00e1bado, los propios pobladores se organizaron para sofocar las llamas incluso, el Ayuntamiento de Tlacotepec de Benito Ju\u00e1rez solicit\u00f3 voluntarios para combatir el incendio.<\/p>\n<p>Fue hasta las 7:00 horas de este domingo cuando las autoridades iniciaron el combate del incendio. Protecci\u00f3n Civil Estatal inform\u00f3 que en estos momentos trabajan brigadas oficiales Coyote 7 de la Secretar\u00eda de Medio Ambiente, Rojo 4 y Rojo 7 de la Comisi\u00f3n Nacional Forestal, Protecci\u00f3n Civil Municipal y Estatal y Bomberos Puebla.<\/p>\n<p>&nbsp;<\/p>\n","protected":false},"excerpt":{"rendered":"<p>Brigadistas de la Secretar\u00eda de la Defensa Nacional (Sedena) ya se sumaron a los trabajos para combatir el incendio forestal registrado en los l\u00edmites de Tlacotepec de Benito Ju\u00e1rez y Juan N. M\u00e9ndez desde el pasado 8 de abril. De acuerdo con lo reportado por Protecci\u00f3n Civil Estatal, en estos momentos el incendio est\u00e1 controlado&#8230;<\/p>\n","protected":false},"author":15,"featured_media":12678,"comment_status":"open","ping_status":"open","sticky":false,"template":"","format":"standard","meta":[],"categories":[11],"tags":[49,543],"yoast_head":"<!-- This site is optimized with the Yoast SEO plugin v20.8 - https:\/\/yoast.com\/wordpress\/plugins\/seo\/ -->\n<title>Sedena se suma a trabajos para combatir incendio forestal en Tlacotepec - The Puebla Times<\/title>\n<meta name=\"robots\" content=\"index, follow, max-snippet:-1, max-image-preview:large, max-video-preview:-1\" \/>\n<link rel=\"canonical\" href=\"https:\/\/thepueblatimes.mx\/index.php\/2021\/04\/12\/sedena-se-suma-a-trabajos-para-combatir-incendio-forestal-en-tlacotepec\/\" \/>\n<meta property=\"og:locale\" content=\"es_ES\" \/>\n<meta property=\"og:type\" content=\"article\" \/>\n<meta property=\"og:title\" content=\"Sedena se suma a trabajos para combatir incendio forestal en Tlacotepec - The Puebla Times\" \/>\n<meta property=\"og:description\" content=\"Brigadistas de la Secretar\u00eda de la Defensa Nacional (Sedena) ya se sumaron a los trabajos para combatir el incendio forestal registrado en los l\u00edmites de Tlacotepec de Benito Ju\u00e1rez y Juan N. M\u00e9ndez desde el pasado 8 de abril. De acuerdo con lo reportado por Protecci\u00f3n Civil Estatal, en estos momentos el incendio est\u00e1 controlado...\" \/>\n<meta property=\"og:url\" content=\"https:\/\/thepueblatimes.mx\/index.php\/2021\/04\/12\/sedena-se-suma-a-trabajos-para-combatir-incendio-forestal-en-tlacotepec\/\" \/>\n<meta property=\"og:site_name\" content=\"The Puebla Times\" \/>\n<meta property=\"article:published_time\" content=\"2021-04-12T15:08:24+00:00\" \/>\n<meta property=\"og:image\" content=\"https:\/\/thepueblatimes.mx\/wp-content\/uploads\/2021\/04\/883EE3A7-ACD3-4E88-9E17-F5EE00956226.jpeg\" \/>\n\t<meta property=\"og:image:width\" content=\"900\" \/>\n\t<meta property=\"og:image:height\" content=\"420\" \/>\n\t<meta property=\"og:image:type\" content=\"image\/jpeg\" \/>\n<meta name=\"author\" content=\"Francisco S\u00e1nchez Nolasco\" \/>\n<meta name=\"twitter:card\" content=\"summary_large_image\" \/>\n<meta name=\"twitter:label1\" content=\"Escrito por\" \/>\n\t<meta name=\"twitter:data1\" content=\"Francisco S\u00e1nchez Nolasco\" \/>\n\t<meta name=\"twitter:label2\" content=\"Tiempo de lectura\" \/>\n\t<meta name=\"twitter:data2\" content=\"1 minuto\" \/>\n<script type=\"application\/ld+json\" class=\"yoast-schema-graph\">{\"@context\":\"https:\/\/schema.org\",\"@graph\":[{\"@type\":\"WebPage\",\"@id\":\"https:\/\/thepueblatimes.mx\/index.php\/2021\/04\/12\/sedena-se-suma-a-trabajos-para-combatir-incendio-forestal-en-tlacotepec\/\",\"url\":\"https:\/\/thepueblatimes.mx\/index.php\/2021\/04\/12\/sedena-se-suma-a-trabajos-para-combatir-incendio-forestal-en-tlacotepec\/\",\"name\":\"Sedena se suma a trabajos para combatir incendio forestal en Tlacotepec - The Puebla Times\",\"isPartOf\":{\"@id\":\"https:\/\/thepueblatimes.mx\/#website\"},\"datePublished\":\"2021-04-12T15:08:24+00:00\",\"dateModified\":\"2021-04-12T15:08:24+00:00\",\"author\":{\"@id\":\"https:\/\/thepueblatimes.mx\/#\/schema\/person\/7bdf2adbc50078b104bba72b5612f774\"},\"breadcrumb\":{\"@id\":\"https:\/\/thepueblatimes.mx\/index.php\/2021\/04\/12\/sedena-se-suma-a-trabajos-para-combatir-incendio-forestal-en-tlacotepec\/#breadcrumb\"},\"inLanguage\":\"es\",\"potentialAction\":[{\"@type\":\"ReadAction\",\"target\":[\"https:\/\/thepueblatimes.mx\/index.php\/2021\/04\/12\/sedena-se-suma-a-trabajos-para-combatir-incendio-forestal-en-tlacotepec\/\"]}]},{\"@type\":\"BreadcrumbList\",\"@id\":\"https:\/\/thepueblatimes.mx\/index.php\/2021\/04\/12\/sedena-se-suma-a-trabajos-para-combatir-incendio-forestal-en-tlacotepec\/#breadcrumb\",\"itemListElement\":[{\"@type\":\"ListItem\",\"position\":1,\"name\":\"Portada\",\"item\":\"https:\/\/thepueblatimes.mx\/\"},{\"@type\":\"ListItem\",\"position\":2,\"name\":\"Sedena se suma a trabajos para combatir incendio forestal en Tlacotepec\"}]},{\"@type\":\"WebSite\",\"@id\":\"https:\/\/thepueblatimes.mx\/#website\",\"url\":\"https:\/\/thepueblatimes.mx\/\",\"name\":\"The Puebla Times\",\"description\":\"Noticias del Estado de Puebla\",\"potentialAction\":[{\"@type\":\"SearchAction\",\"target\":{\"@type\":\"EntryPoint\",\"urlTemplate\":\"https:\/\/thepueblatimes.mx\/?s={search_term_string}\"},\"query-input\":\"required name=search_term_string\"}],\"inLanguage\":\"es\"},{\"@type\":\"Person\",\"@id\":\"https:\/\/thepueblatimes.mx\/#\/schema\/person\/7bdf2adbc50078b104bba72b5612f774\",\"name\":\"Francisco S\u00e1nchez Nolasco\",\"image\":{\"@type\":\"ImageObject\",\"inLanguage\":\"es\",\"@id\":\"https:\/\/thepueblatimes.mx\/#\/schema\/person\/image\/\",\"url\":\"https:\/\/secure.gravatar.com\/avatar\/6061d7d20b38bc2742a5218401b198d2?s=96&d=mm&r=g\",\"contentUrl\":\"https:\/\/secure.gravatar.com\/avatar\/6061d7d20b38bc2742a5218401b198d2?s=96&d=mm&r=g\",\"caption\":\"Francisco S\u00e1nchez Nolasco\"},\"url\":\"https:\/\/thepueblatimes.mx\/index.php\/author\/marianitha-reyes\/\"}]}<\/script>\n<!-- \/ Yoast SEO plugin. -->","yoast_head_json":{"title":"Sedena se suma a trabajos para combatir incendio forestal en Tlacotepec - The Puebla Times","robots":{"index":"index","follow":"follow","max-snippet":"max-snippet:-1","max-image-preview":"max-image-preview:large","max-video-preview":"max-video-preview:-1"},"canonical":"https:\/\/thepueblatimes.mx\/index.php\/2021\/04\/12\/sedena-se-suma-a-trabajos-para-combatir-incendio-forestal-en-tlacotepec\/","og_locale":"es_ES","og_type":"article","og_title":"Sedena se suma a trabajos para combatir incendio forestal en Tlacotepec - The Puebla Times","og_description":"Brigadistas de la Secretar\u00eda de la Defensa Nacional (Sedena) ya se sumaron a los trabajos para combatir el incendio forestal registrado en los l\u00edmites de Tlacotepec de Benito Ju\u00e1rez y Juan N. M\u00e9ndez desde el pasado 8 de abril. De acuerdo con lo reportado por Protecci\u00f3n Civil Estatal, en estos momentos el incendio est\u00e1 controlado...","og_url":"https:\/\/thepueblatimes.mx\/index.php\/2021\/04\/12\/sedena-se-suma-a-trabajos-para-combatir-incendio-forestal-en-tlacotepec\/","og_site_name":"The Puebla Times","article_published_time":"2021-04-12T15:08:24+00:00","og_image":[{"width":900,"height":420,"url":"https:\/\/thepueblatimes.mx\/wp-content\/uploads\/2021\/04\/883EE3A7-ACD3-4E88-9E17-F5EE00956226.jpeg","type":"image\/jpeg"}],"author":"Francisco S\u00e1nchez Nolasco","twitter_card":"summary_large_image","twitter_misc":{"Escrito por":"Francisco S\u00e1nchez Nolasco","Tiempo de lectura":"1 minuto"},"schema":{"@context":"https:\/\/schema.org","@graph":[{"@type":"WebPage","@id":"https:\/\/thepueblatimes.mx\/index.php\/2021\/04\/12\/sedena-se-suma-a-trabajos-para-combatir-incendio-forestal-en-tlacotepec\/","url":"https:\/\/thepueblatimes.mx\/index.php\/2021\/04\/12\/sedena-se-suma-a-trabajos-para-combatir-incendio-forestal-en-tlacotepec\/","name":"Sedena se suma a trabajos para combatir incendio forestal en Tlacotepec - The Puebla Times","isPartOf":{"@id":"https:\/\/thepueblatimes.mx\/#website"},"datePublished":"2021-04-12T15:08:24+00:00","dateModified":"2021-04-12T15:08:24+00:00","author":{"@id":"https:\/\/thepueblatimes.mx\/#\/schema\/person\/7bdf2adbc50078b104bba72b5612f774"},"breadcrumb":{"@id":"https:\/\/thepueblatimes.mx\/index.php\/2021\/04\/12\/sedena-se-suma-a-trabajos-para-combatir-incendio-forestal-en-tlacotepec\/#breadcrumb"},"inLanguage":"es","potentialAction":[{"@type":"ReadAction","target":["https:\/\/thepueblatimes.mx\/index.php\/2021\/04\/12\/sedena-se-suma-a-trabajos-para-combatir-incendio-forestal-en-tlacotepec\/"]}]},{"@type":"BreadcrumbList","@id":"https:\/\/thepueblatimes.mx\/index.php\/2021\/04\/12\/sedena-se-suma-a-trabajos-para-combatir-incendio-forestal-en-tlacotepec\/#breadcrumb","itemListElement":[{"@type":"ListItem","position":1,"name":"Portada","item":"https:\/\/thepueblatimes.mx\/"},{"@type":"ListItem","position":2,"name":"Sedena se suma a trabajos para combatir incendio forestal en Tlacotepec"}]},{"@type":"WebSite","@id":"https:\/\/thepueblatimes.mx\/#website","url":"https:\/\/thepueblatimes.mx\/","name":"The Puebla Times","description":"Noticias del Estado de Puebla","potentialAction":[{"@type":"SearchAction","target":{"@type":"EntryPoint","urlTemplate":"https:\/\/thepueblatimes.mx\/?s={search_term_string}"},"query-input":"required name=search_term_string"}],"inLanguage":"es"},{"@type":"Person","@id":"https:\/\/thepueblatimes.mx\/#\/schema\/person\/7bdf2adbc50078b104bba72b5612f774","name":"Francisco S\u00e1nchez Nolasco","image":{"@type":"ImageObject","inLanguage":"es","@id":"https:\/\/thepueblatimes.mx\/#\/schema\/person\/image\/","url":"https:\/\/secure.gravatar.com\/avatar\/6061d7d20b38bc2742a5218401b198d2?s=96&d=mm&r=g","contentUrl":"https:\/\/secure.gravatar.com\/avatar\/6061d7d20b38bc2742a5218401b198d2?s=96&d=mm&r=g","caption":"Francisco S\u00e1nchez Nolasco"},"url":"https:\/\/thepueblatimes.mx\/index.php\/author\/marianitha-reyes\/"}]}},"jetpack_featured_media_url":"https:\/\/thepueblatimes.mx\/wp-content\/uploads\/2021\/04\/883EE3A7-ACD3-4E88-9E17-F5EE00956226.jpeg","_links":{"self":[{"href":"https:\/\/thepueblatimes.mx\/index.php\/wp-json\/wp\/v2\/posts\/12677"}],"collection":[{"href":"https:\/\/thepueblatimes.mx\/index.php\/wp-json\/wp\/v2\/posts"}],"about":[{"href":"https:\/\/thepueblatimes.mx\/index.php\/wp-json\/wp\/v2\/types\/post"}],"author":[{"embeddable":true,"href":"https:\/\/thepueblatimes.mx\/index.php\/wp-json\/wp\/v2\/users\/15"}],"replies":[{"embeddable":true,"href":"https:\/\/thepueblatimes.mx\/index.php\/wp-json\/wp\/v2\/comments?post=12677"}],"version-history":[{"count":1,"href":"https:\/\/thepueblatimes.mx\/index.php\/wp-json\/wp\/v2\/posts\/12677\/revisions"}],"predecessor-version":[{"id":12679,"href":"https:\/\/thepueblatimes.mx\/index.php\/wp-json\/wp\/v2\/posts\/12677\/revisions\/12679"}],"wp:featuredmedia":[{"embeddable":true,"href":"https:\/\/thepueblatimes.mx\/index.php\/wp-json\/wp\/v2\/media\/12678"}],"wp:attachment":[{"href":"https:\/\/thepueblatimes.mx\/index.php\/wp-json\/wp\/v2\/media?parent=12677"}],"wp:term":[{"taxonomy":"category","embeddable":true,"href":"https:\/\/thepueblatimes.mx\/index.php\/wp-json\/wp\/v2\/categories?post=12677"},{"taxonomy":"post_tag","embeddable":true,"href":"https:\/\/thepueblatimes.mx\/index.php\/wp-json\/wp\/v2\/tags?post=12677"}],"curies":[{"name":"wp","href":"https:\/\/api.w.org\/{rel}","templated":true}]}}