{"id":12671,"date":"2021-04-12T09:57:30","date_gmt":"2021-04-12T14:57:30","guid":{"rendered":"https:\/\/thepueblatimes.mx\/?p=12671"},"modified":"2021-04-12T09:57:30","modified_gmt":"2021-04-12T14:57:30","slug":"atrapan-a-gustavo-n-presunto-asesino-de-adriana-en-xicotepec","status":"publish","type":"post","link":"https:\/\/thepueblatimes.mx\/index.php\/2021\/04\/12\/atrapan-a-gustavo-n-presunto-asesino-de-adriana-en-xicotepec\/","title":{"rendered":"Atrapan a Gustavo N., presunto asesino de Adriana en Xicotepec"},"content":{"rendered":"<div class=\"content-body clearfix \">\n<div id=\"content-body-225-6580864\">\n<p>Xicotepec, Pue. \u2013 La madrugada de este s\u00e1bado, a ocho d\u00edas del presunto feminicidio de Adriana N., fue asegurado Gustavo N. se\u00f1alado como presunto responsable de los hechos descubiertos el pasado 3 de abril en una calle c\u00e9ntrica de Xicotepec.<\/p>\n<p><a href=\"https:\/\/www.elsoldepuebla.com.mx\/policiaca\/envuelta-en-una-lona-encuentran-cadaver-de-mujer-en-el-rio-acapala-en-xicotepec-6556587.html\" target=\"_self\" rel=\"Follow noopener noreferrer\">La v\u00edctima Adriana N., fue localizada sin vida y con rastros de tortura la ma\u00f1ana del pasado s\u00e1bado sobre un riachuelo de aguas residuales<\/a>, estaba dentro de un costal y envuelta en una lona.<\/p>\n<\/div>\n<\/div>\n<article class=\"content-continued-body clearfix \">\n<div id=\"content-body-5851641-6580864\">\n<p>Autoridades municipales de Xicotepec dieron a conocer la detenci\u00f3n la ma\u00f1ana de este 10 de abril, detallaron que los oficiales de la Unidad Especializada en Delitos de G\u00e9nero a trav\u00e9s de Polic\u00eda Ministerial, cumplieron con la detenci\u00f3n del implicado Gustavo N.<\/p>\n<p>Gustavo N., es una persona, que se nota de edad avanzada, seg\u00fan la fotograf\u00eda publicada por las autoridades, pero no se dieron m\u00e1s detalles del individuo.<\/p>\n<h4><b>MARCHARON PARA PEDIR JUSTICIA<\/b><\/h4>\n<p>Este viernes un contingente de decenas de mujeres, entre ellas un grupo identificado como feminista, march\u00f3 por algunas calles de Xicotepec para exigir el esclarecimiento del feminicidio y urgieron la aplicaci\u00f3n de la justicia.<\/p>\n<p>Las manifestantes avanzaron hasta el centro de la ciudad portando pancartas con consignas contra las autoridades por su \u201clento\u201d proceso de investigaci\u00f3n y por no dar informes de las indagatorias.<\/p>\n<\/div>\n<\/article>\n","protected":false},"excerpt":{"rendered":"<p>Xicotepec, Pue. \u2013 La madrugada de este s\u00e1bado, a ocho d\u00edas del presunto feminicidio de Adriana N., fue asegurado Gustavo N. se\u00f1alado como presunto responsable de los hechos descubiertos el pasado 3 de abril en una calle c\u00e9ntrica de Xicotepec. La v\u00edctima Adriana N., fue localizada sin vida y con rastros de tortura la ma\u00f1ana&#8230;<\/p>\n","protected":false},"author":15,"featured_media":12672,"comment_status":"open","ping_status":"open","sticky":false,"template":"","format":"standard","meta":[],"categories":[11],"tags":[182,49],"yoast_head":"<!-- This site is optimized with the Yoast SEO plugin v20.8 - https:\/\/yoast.com\/wordpress\/plugins\/seo\/ -->\n<title>Atrapan a Gustavo N., presunto asesino de Adriana en Xicotepec - The Puebla Times<\/title>\n<meta name=\"robots\" content=\"index, follow, max-snippet:-1, max-image-preview:large, max-video-preview:-1\" \/>\n<link rel=\"canonical\" href=\"https:\/\/thepueblatimes.mx\/index.php\/2021\/04\/12\/atrapan-a-gustavo-n-presunto-asesino-de-adriana-en-xicotepec\/\" \/>\n<meta property=\"og:locale\" content=\"es_ES\" \/>\n<meta property=\"og:type\" content=\"article\" \/>\n<meta property=\"og:title\" content=\"Atrapan a Gustavo N., presunto asesino de Adriana en Xicotepec - The Puebla Times\" \/>\n<meta property=\"og:description\" content=\"Xicotepec, Pue. \u2013 La madrugada de este s\u00e1bado, a ocho d\u00edas del presunto feminicidio de Adriana N., fue asegurado Gustavo N. se\u00f1alado como presunto responsable de los hechos descubiertos el pasado 3 de abril en una calle c\u00e9ntrica de Xicotepec. La v\u00edctima Adriana N., fue localizada sin vida y con rastros de tortura la ma\u00f1ana...\" \/>\n<meta property=\"og:url\" content=\"https:\/\/thepueblatimes.mx\/index.php\/2021\/04\/12\/atrapan-a-gustavo-n-presunto-asesino-de-adriana-en-xicotepec\/\" \/>\n<meta property=\"og:site_name\" content=\"The Puebla Times\" \/>\n<meta property=\"article:published_time\" content=\"2021-04-12T14:57:30+00:00\" \/>\n<meta property=\"og:image\" content=\"https:\/\/thepueblatimes.mx\/wp-content\/uploads\/2021\/04\/D3497F73-885B-425A-9B2A-971065AFB1B5.png\" \/>\n\t<meta property=\"og:image:width\" content=\"400\" \/>\n\t<meta property=\"og:image:height\" content=\"250\" \/>\n\t<meta property=\"og:image:type\" content=\"image\/png\" \/>\n<meta name=\"author\" content=\"Francisco S\u00e1nchez Nolasco\" \/>\n<meta name=\"twitter:card\" content=\"summary_large_image\" \/>\n<meta name=\"twitter:label1\" content=\"Escrito por\" \/>\n\t<meta name=\"twitter:data1\" content=\"Francisco S\u00e1nchez Nolasco\" \/>\n\t<meta name=\"twitter:label2\" content=\"Tiempo de lectura\" \/>\n\t<meta name=\"twitter:data2\" content=\"1 minuto\" \/>\n<script type=\"application\/ld+json\" class=\"yoast-schema-graph\">{\"@context\":\"https:\/\/schema.org\",\"@graph\":[{\"@type\":\"WebPage\",\"@id\":\"https:\/\/thepueblatimes.mx\/index.php\/2021\/04\/12\/atrapan-a-gustavo-n-presunto-asesino-de-adriana-en-xicotepec\/\",\"url\":\"https:\/\/thepueblatimes.mx\/index.php\/2021\/04\/12\/atrapan-a-gustavo-n-presunto-asesino-de-adriana-en-xicotepec\/\",\"name\":\"Atrapan a Gustavo N., presunto asesino de Adriana en Xicotepec - The Puebla Times\",\"isPartOf\":{\"@id\":\"https:\/\/thepueblatimes.mx\/#website\"},\"datePublished\":\"2021-04-12T14:57:30+00:00\",\"dateModified\":\"2021-04-12T14:57:30+00:00\",\"author\":{\"@id\":\"https:\/\/thepueblatimes.mx\/#\/schema\/person\/7bdf2adbc50078b104bba72b5612f774\"},\"breadcrumb\":{\"@id\":\"https:\/\/thepueblatimes.mx\/index.php\/2021\/04\/12\/atrapan-a-gustavo-n-presunto-asesino-de-adriana-en-xicotepec\/#breadcrumb\"},\"inLanguage\":\"es\",\"potentialAction\":[{\"@type\":\"ReadAction\",\"target\":[\"https:\/\/thepueblatimes.mx\/index.php\/2021\/04\/12\/atrapan-a-gustavo-n-presunto-asesino-de-adriana-en-xicotepec\/\"]}]},{\"@type\":\"BreadcrumbList\",\"@id\":\"https:\/\/thepueblatimes.mx\/index.php\/2021\/04\/12\/atrapan-a-gustavo-n-presunto-asesino-de-adriana-en-xicotepec\/#breadcrumb\",\"itemListElement\":[{\"@type\":\"ListItem\",\"position\":1,\"name\":\"Portada\",\"item\":\"https:\/\/thepueblatimes.mx\/\"},{\"@type\":\"ListItem\",\"position\":2,\"name\":\"Atrapan a Gustavo N., presunto asesino de Adriana en Xicotepec\"}]},{\"@type\":\"WebSite\",\"@id\":\"https:\/\/thepueblatimes.mx\/#website\",\"url\":\"https:\/\/thepueblatimes.mx\/\",\"name\":\"The Puebla Times\",\"description\":\"Noticias del Estado de Puebla\",\"potentialAction\":[{\"@type\":\"SearchAction\",\"target\":{\"@type\":\"EntryPoint\",\"urlTemplate\":\"https:\/\/thepueblatimes.mx\/?s={search_term_string}\"},\"query-input\":\"required name=search_term_string\"}],\"inLanguage\":\"es\"},{\"@type\":\"Person\",\"@id\":\"https:\/\/thepueblatimes.mx\/#\/schema\/person\/7bdf2adbc50078b104bba72b5612f774\",\"name\":\"Francisco S\u00e1nchez Nolasco\",\"image\":{\"@type\":\"ImageObject\",\"inLanguage\":\"es\",\"@id\":\"https:\/\/thepueblatimes.mx\/#\/schema\/person\/image\/\",\"url\":\"https:\/\/secure.gravatar.com\/avatar\/6061d7d20b38bc2742a5218401b198d2?s=96&d=mm&r=g\",\"contentUrl\":\"https:\/\/secure.gravatar.com\/avatar\/6061d7d20b38bc2742a5218401b198d2?s=96&d=mm&r=g\",\"caption\":\"Francisco S\u00e1nchez Nolasco\"},\"url\":\"https:\/\/thepueblatimes.mx\/index.php\/author\/marianitha-reyes\/\"}]}<\/script>\n<!-- \/ Yoast SEO plugin. -->","yoast_head_json":{"title":"Atrapan a Gustavo N., presunto asesino de Adriana en Xicotepec - The Puebla Times","robots":{"index":"index","follow":"follow","max-snippet":"max-snippet:-1","max-image-preview":"max-image-preview:large","max-video-preview":"max-video-preview:-1"},"canonical":"https:\/\/thepueblatimes.mx\/index.php\/2021\/04\/12\/atrapan-a-gustavo-n-presunto-asesino-de-adriana-en-xicotepec\/","og_locale":"es_ES","og_type":"article","og_title":"Atrapan a Gustavo N., presunto asesino de Adriana en Xicotepec - The Puebla Times","og_description":"Xicotepec, Pue. \u2013 La madrugada de este s\u00e1bado, a ocho d\u00edas del presunto feminicidio de Adriana N., fue asegurado Gustavo N. se\u00f1alado como presunto responsable de los hechos descubiertos el pasado 3 de abril en una calle c\u00e9ntrica de Xicotepec. La v\u00edctima Adriana N., fue localizada sin vida y con rastros de tortura la ma\u00f1ana...","og_url":"https:\/\/thepueblatimes.mx\/index.php\/2021\/04\/12\/atrapan-a-gustavo-n-presunto-asesino-de-adriana-en-xicotepec\/","og_site_name":"The Puebla Times","article_published_time":"2021-04-12T14:57:30+00:00","og_image":[{"width":400,"height":250,"url":"https:\/\/thepueblatimes.mx\/wp-content\/uploads\/2021\/04\/D3497F73-885B-425A-9B2A-971065AFB1B5.png","type":"image\/png"}],"author":"Francisco S\u00e1nchez Nolasco","twitter_card":"summary_large_image","twitter_misc":{"Escrito por":"Francisco S\u00e1nchez Nolasco","Tiempo de lectura":"1 minuto"},"schema":{"@context":"https:\/\/schema.org","@graph":[{"@type":"WebPage","@id":"https:\/\/thepueblatimes.mx\/index.php\/2021\/04\/12\/atrapan-a-gustavo-n-presunto-asesino-de-adriana-en-xicotepec\/","url":"https:\/\/thepueblatimes.mx\/index.php\/2021\/04\/12\/atrapan-a-gustavo-n-presunto-asesino-de-adriana-en-xicotepec\/","name":"Atrapan a Gustavo N., presunto asesino de Adriana en Xicotepec - The Puebla Times","isPartOf":{"@id":"https:\/\/thepueblatimes.mx\/#website"},"datePublished":"2021-04-12T14:57:30+00:00","dateModified":"2021-04-12T14:57:30+00:00","author":{"@id":"https:\/\/thepueblatimes.mx\/#\/schema\/person\/7bdf2adbc50078b104bba72b5612f774"},"breadcrumb":{"@id":"https:\/\/thepueblatimes.mx\/index.php\/2021\/04\/12\/atrapan-a-gustavo-n-presunto-asesino-de-adriana-en-xicotepec\/#breadcrumb"},"inLanguage":"es","potentialAction":[{"@type":"ReadAction","target":["https:\/\/thepueblatimes.mx\/index.php\/2021\/04\/12\/atrapan-a-gustavo-n-presunto-asesino-de-adriana-en-xicotepec\/"]}]},{"@type":"BreadcrumbList","@id":"https:\/\/thepueblatimes.mx\/index.php\/2021\/04\/12\/atrapan-a-gustavo-n-presunto-asesino-de-adriana-en-xicotepec\/#breadcrumb","itemListElement":[{"@type":"ListItem","position":1,"name":"Portada","item":"https:\/\/thepueblatimes.mx\/"},{"@type":"ListItem","position":2,"name":"Atrapan a Gustavo N., presunto asesino de Adriana en Xicotepec"}]},{"@type":"WebSite","@id":"https:\/\/thepueblatimes.mx\/#website","url":"https:\/\/thepueblatimes.mx\/","name":"The Puebla Times","description":"Noticias del Estado de Puebla","potentialAction":[{"@type":"SearchAction","target":{"@type":"EntryPoint","urlTemplate":"https:\/\/thepueblatimes.mx\/?s={search_term_string}"},"query-input":"required name=search_term_string"}],"inLanguage":"es"},{"@type":"Person","@id":"https:\/\/thepueblatimes.mx\/#\/schema\/person\/7bdf2adbc50078b104bba72b5612f774","name":"Francisco S\u00e1nchez Nolasco","image":{"@type":"ImageObject","inLanguage":"es","@id":"https:\/\/thepueblatimes.mx\/#\/schema\/person\/image\/","url":"https:\/\/secure.gravatar.com\/avatar\/6061d7d20b38bc2742a5218401b198d2?s=96&d=mm&r=g","contentUrl":"https:\/\/secure.gravatar.com\/avatar\/6061d7d20b38bc2742a5218401b198d2?s=96&d=mm&r=g","caption":"Francisco S\u00e1nchez Nolasco"},"url":"https:\/\/thepueblatimes.mx\/index.php\/author\/marianitha-reyes\/"}]}},"jetpack_featured_media_url":"https:\/\/thepueblatimes.mx\/wp-content\/uploads\/2021\/04\/D3497F73-885B-425A-9B2A-971065AFB1B5.png","_links":{"self":[{"href":"https:\/\/thepueblatimes.mx\/index.php\/wp-json\/wp\/v2\/posts\/12671"}],"collection":[{"href":"https:\/\/thepueblatimes.mx\/index.php\/wp-json\/wp\/v2\/posts"}],"about":[{"href":"https:\/\/thepueblatimes.mx\/index.php\/wp-json\/wp\/v2\/types\/post"}],"author":[{"embeddable":true,"href":"https:\/\/thepueblatimes.mx\/index.php\/wp-json\/wp\/v2\/users\/15"}],"replies":[{"embeddable":true,"href":"https:\/\/thepueblatimes.mx\/index.php\/wp-json\/wp\/v2\/comments?post=12671"}],"version-history":[{"count":1,"href":"https:\/\/thepueblatimes.mx\/index.php\/wp-json\/wp\/v2\/posts\/12671\/revisions"}],"predecessor-version":[{"id":12673,"href":"https:\/\/thepueblatimes.mx\/index.php\/wp-json\/wp\/v2\/posts\/12671\/revisions\/12673"}],"wp:featuredmedia":[{"embeddable":true,"href":"https:\/\/thepueblatimes.mx\/index.php\/wp-json\/wp\/v2\/media\/12672"}],"wp:attachment":[{"href":"https:\/\/thepueblatimes.mx\/index.php\/wp-json\/wp\/v2\/media?parent=12671"}],"wp:term":[{"taxonomy":"category","embeddable":true,"href":"https:\/\/thepueblatimes.mx\/index.php\/wp-json\/wp\/v2\/categories?post=12671"},{"taxonomy":"post_tag","embeddable":true,"href":"https:\/\/thepueblatimes.mx\/index.php\/wp-json\/wp\/v2\/tags?post=12671"}],"curies":[{"name":"wp","href":"https:\/\/api.w.org\/{rel}","templated":true}]}}