{"id":12501,"date":"2021-04-06T20:16:20","date_gmt":"2021-04-07T01:16:20","guid":{"rendered":"https:\/\/thepueblatimes.mx\/?p=12501"},"modified":"2021-04-06T20:17:20","modified_gmt":"2021-04-07T01:17:20","slug":"se-mete-hasta-el-jardin-de-la-caseta-de-cobro-de-san-lorenzo","status":"publish","type":"post","link":"https:\/\/thepueblatimes.mx\/index.php\/2021\/04\/06\/se-mete-hasta-el-jardin-de-la-caseta-de-cobro-de-san-lorenzo\/","title":{"rendered":"Se mete hasta el jard\u00edn de la caseta de cobro de San Lorenzo"},"content":{"rendered":"<p>El conductor de un cami\u00f3n de carga qued\u00f3 prensado entre los fierros retorcidos de la unidad tras perder el control e impactarse contra una jardinera derribando \u00e1rboles y plantas end\u00e9micas; los hechos ocurrieron sobre la super carretera Cuacnopalan-Oaxaca a un costado de la caseta de peaje de San Lorenzo Teotipilco, justo en la salida hacia el municipio de Tehuac\u00e1n.<\/p>\n<p>Fue al filo de las 10:30 horas de este martes cuando el conductor de la unidad de carga perdi\u00f3 el control y termin\u00f3 generando el accidente.<\/p>\n<p>De inmediato los empleados que se encontraban en el lugar comenzaron a pedir el apoyo de los cuerpos de emergencia, siendo param\u00e9dicos de Caminos y Puentes Federales (CAPUFE), quienes se trasladaron al lugar.<\/p>\n<p>Los especialistas en primeros auxilios comenzaron a realizar maniobras con ayuda de equipo hidr\u00e1ulico para poder liberar al conductor que qued\u00f3 prensado entre los fierros retorcidos del cami\u00f3n.<\/p>\n<p>Despu\u00e9s de varios minutos el hombre fue liberado y a bordo de una ambulancia fue llevado a un hospital en la ciudad de Tehuac\u00e1n, donde qued\u00f3 bajo observaci\u00f3n de un m\u00e9dico que se encargar\u00e1 de descartar alguna lesi\u00f3n interna.<\/p>\n<p>Respecto a la unidad, \u00e9sta logr\u00f3 ser remolcada con el apoyo de una gr\u00faa y qued\u00f3 a resguardo de las autoridades en espera de que el propietario del cami\u00f3n acuda a la direcci\u00f3n de la Guardia Nacional y realice los tr\u00e1mites correspondientes para que el cami\u00f3n pueda ser liberado.<\/p>\n<p>Cabe se\u00f1alar que la circulaci\u00f3n estuvo obstruida durante una hora debido al aparatoso accidente que se present\u00f3, por lo tanto elementos policiales estuvieron coordinando el paso de los veh\u00edculos.<\/p>\n","protected":false},"excerpt":{"rendered":"<p>El conductor de un cami\u00f3n de carga qued\u00f3 prensado entre los fierros retorcidos de la unidad tras perder el control e impactarse contra una jardinera derribando \u00e1rboles y plantas end\u00e9micas; los hechos ocurrieron sobre la super carretera Cuacnopalan-Oaxaca a un costado de la caseta de peaje de San Lorenzo Teotipilco, justo en la salida hacia&#8230;<\/p>\n","protected":false},"author":15,"featured_media":12504,"comment_status":"open","ping_status":"open","sticky":false,"template":"","format":"standard","meta":[],"categories":[33],"tags":[193],"yoast_head":"<!-- This site is optimized with the Yoast SEO plugin v20.8 - https:\/\/yoast.com\/wordpress\/plugins\/seo\/ -->\n<title>Se mete hasta el jard\u00edn de la caseta de cobro de San Lorenzo - The Puebla Times<\/title>\n<meta name=\"robots\" content=\"index, follow, max-snippet:-1, max-image-preview:large, max-video-preview:-1\" \/>\n<link rel=\"canonical\" href=\"https:\/\/thepueblatimes.mx\/index.php\/2021\/04\/06\/se-mete-hasta-el-jardin-de-la-caseta-de-cobro-de-san-lorenzo\/\" \/>\n<meta property=\"og:locale\" content=\"es_ES\" \/>\n<meta property=\"og:type\" content=\"article\" \/>\n<meta property=\"og:title\" content=\"Se mete hasta el jard\u00edn de la caseta de cobro de San Lorenzo - The Puebla Times\" \/>\n<meta property=\"og:description\" content=\"El conductor de un cami\u00f3n de carga qued\u00f3 prensado entre los fierros retorcidos de la unidad tras perder el control e impactarse contra una jardinera derribando \u00e1rboles y plantas end\u00e9micas; los hechos ocurrieron sobre la super carretera Cuacnopalan-Oaxaca a un costado de la caseta de peaje de San Lorenzo Teotipilco, justo en la salida hacia...\" \/>\n<meta property=\"og:url\" content=\"https:\/\/thepueblatimes.mx\/index.php\/2021\/04\/06\/se-mete-hasta-el-jardin-de-la-caseta-de-cobro-de-san-lorenzo\/\" \/>\n<meta property=\"og:site_name\" content=\"The Puebla Times\" \/>\n<meta property=\"article:published_time\" content=\"2021-04-07T01:16:20+00:00\" \/>\n<meta property=\"article:modified_time\" content=\"2021-04-07T01:17:20+00:00\" \/>\n<meta property=\"og:image\" content=\"https:\/\/thepueblatimes.mx\/wp-content\/uploads\/2021\/04\/accidente-caseta-san-lorenzo-teotipilco.jpg\" \/>\n\t<meta property=\"og:image:width\" content=\"768\" \/>\n\t<meta property=\"og:image:height\" content=\"479\" \/>\n\t<meta property=\"og:image:type\" content=\"image\/jpeg\" \/>\n<meta name=\"author\" content=\"Francisco S\u00e1nchez Nolasco\" \/>\n<meta name=\"twitter:card\" content=\"summary_large_image\" \/>\n<meta name=\"twitter:label1\" content=\"Escrito por\" \/>\n\t<meta name=\"twitter:data1\" content=\"Francisco S\u00e1nchez Nolasco\" \/>\n\t<meta name=\"twitter:label2\" content=\"Tiempo de lectura\" \/>\n\t<meta name=\"twitter:data2\" content=\"1 minuto\" \/>\n<script type=\"application\/ld+json\" class=\"yoast-schema-graph\">{\"@context\":\"https:\/\/schema.org\",\"@graph\":[{\"@type\":\"WebPage\",\"@id\":\"https:\/\/thepueblatimes.mx\/index.php\/2021\/04\/06\/se-mete-hasta-el-jardin-de-la-caseta-de-cobro-de-san-lorenzo\/\",\"url\":\"https:\/\/thepueblatimes.mx\/index.php\/2021\/04\/06\/se-mete-hasta-el-jardin-de-la-caseta-de-cobro-de-san-lorenzo\/\",\"name\":\"Se mete hasta el jard\u00edn de la caseta de cobro de San Lorenzo - The Puebla Times\",\"isPartOf\":{\"@id\":\"https:\/\/thepueblatimes.mx\/#website\"},\"datePublished\":\"2021-04-07T01:16:20+00:00\",\"dateModified\":\"2021-04-07T01:17:20+00:00\",\"author\":{\"@id\":\"https:\/\/thepueblatimes.mx\/#\/schema\/person\/7bdf2adbc50078b104bba72b5612f774\"},\"breadcrumb\":{\"@id\":\"https:\/\/thepueblatimes.mx\/index.php\/2021\/04\/06\/se-mete-hasta-el-jardin-de-la-caseta-de-cobro-de-san-lorenzo\/#breadcrumb\"},\"inLanguage\":\"es\",\"potentialAction\":[{\"@type\":\"ReadAction\",\"target\":[\"https:\/\/thepueblatimes.mx\/index.php\/2021\/04\/06\/se-mete-hasta-el-jardin-de-la-caseta-de-cobro-de-san-lorenzo\/\"]}]},{\"@type\":\"BreadcrumbList\",\"@id\":\"https:\/\/thepueblatimes.mx\/index.php\/2021\/04\/06\/se-mete-hasta-el-jardin-de-la-caseta-de-cobro-de-san-lorenzo\/#breadcrumb\",\"itemListElement\":[{\"@type\":\"ListItem\",\"position\":1,\"name\":\"Portada\",\"item\":\"https:\/\/thepueblatimes.mx\/\"},{\"@type\":\"ListItem\",\"position\":2,\"name\":\"Se mete hasta el jard\u00edn de la caseta de cobro de San Lorenzo\"}]},{\"@type\":\"WebSite\",\"@id\":\"https:\/\/thepueblatimes.mx\/#website\",\"url\":\"https:\/\/thepueblatimes.mx\/\",\"name\":\"The Puebla Times\",\"description\":\"Noticias del Estado de Puebla\",\"potentialAction\":[{\"@type\":\"SearchAction\",\"target\":{\"@type\":\"EntryPoint\",\"urlTemplate\":\"https:\/\/thepueblatimes.mx\/?s={search_term_string}\"},\"query-input\":\"required name=search_term_string\"}],\"inLanguage\":\"es\"},{\"@type\":\"Person\",\"@id\":\"https:\/\/thepueblatimes.mx\/#\/schema\/person\/7bdf2adbc50078b104bba72b5612f774\",\"name\":\"Francisco S\u00e1nchez Nolasco\",\"image\":{\"@type\":\"ImageObject\",\"inLanguage\":\"es\",\"@id\":\"https:\/\/thepueblatimes.mx\/#\/schema\/person\/image\/\",\"url\":\"https:\/\/secure.gravatar.com\/avatar\/6061d7d20b38bc2742a5218401b198d2?s=96&d=mm&r=g\",\"contentUrl\":\"https:\/\/secure.gravatar.com\/avatar\/6061d7d20b38bc2742a5218401b198d2?s=96&d=mm&r=g\",\"caption\":\"Francisco S\u00e1nchez Nolasco\"},\"url\":\"https:\/\/thepueblatimes.mx\/index.php\/author\/marianitha-reyes\/\"}]}<\/script>\n<!-- \/ Yoast SEO plugin. -->","yoast_head_json":{"title":"Se mete hasta el jard\u00edn de la caseta de cobro de San Lorenzo - The Puebla Times","robots":{"index":"index","follow":"follow","max-snippet":"max-snippet:-1","max-image-preview":"max-image-preview:large","max-video-preview":"max-video-preview:-1"},"canonical":"https:\/\/thepueblatimes.mx\/index.php\/2021\/04\/06\/se-mete-hasta-el-jardin-de-la-caseta-de-cobro-de-san-lorenzo\/","og_locale":"es_ES","og_type":"article","og_title":"Se mete hasta el jard\u00edn de la caseta de cobro de San Lorenzo - The Puebla Times","og_description":"El conductor de un cami\u00f3n de carga qued\u00f3 prensado entre los fierros retorcidos de la unidad tras perder el control e impactarse contra una jardinera derribando \u00e1rboles y plantas end\u00e9micas; los hechos ocurrieron sobre la super carretera Cuacnopalan-Oaxaca a un costado de la caseta de peaje de San Lorenzo Teotipilco, justo en la salida hacia...","og_url":"https:\/\/thepueblatimes.mx\/index.php\/2021\/04\/06\/se-mete-hasta-el-jardin-de-la-caseta-de-cobro-de-san-lorenzo\/","og_site_name":"The Puebla Times","article_published_time":"2021-04-07T01:16:20+00:00","article_modified_time":"2021-04-07T01:17:20+00:00","og_image":[{"width":768,"height":479,"url":"https:\/\/thepueblatimes.mx\/wp-content\/uploads\/2021\/04\/accidente-caseta-san-lorenzo-teotipilco.jpg","type":"image\/jpeg"}],"author":"Francisco S\u00e1nchez Nolasco","twitter_card":"summary_large_image","twitter_misc":{"Escrito por":"Francisco S\u00e1nchez Nolasco","Tiempo de lectura":"1 minuto"},"schema":{"@context":"https:\/\/schema.org","@graph":[{"@type":"WebPage","@id":"https:\/\/thepueblatimes.mx\/index.php\/2021\/04\/06\/se-mete-hasta-el-jardin-de-la-caseta-de-cobro-de-san-lorenzo\/","url":"https:\/\/thepueblatimes.mx\/index.php\/2021\/04\/06\/se-mete-hasta-el-jardin-de-la-caseta-de-cobro-de-san-lorenzo\/","name":"Se mete hasta el jard\u00edn de la caseta de cobro de San Lorenzo - The Puebla Times","isPartOf":{"@id":"https:\/\/thepueblatimes.mx\/#website"},"datePublished":"2021-04-07T01:16:20+00:00","dateModified":"2021-04-07T01:17:20+00:00","author":{"@id":"https:\/\/thepueblatimes.mx\/#\/schema\/person\/7bdf2adbc50078b104bba72b5612f774"},"breadcrumb":{"@id":"https:\/\/thepueblatimes.mx\/index.php\/2021\/04\/06\/se-mete-hasta-el-jardin-de-la-caseta-de-cobro-de-san-lorenzo\/#breadcrumb"},"inLanguage":"es","potentialAction":[{"@type":"ReadAction","target":["https:\/\/thepueblatimes.mx\/index.php\/2021\/04\/06\/se-mete-hasta-el-jardin-de-la-caseta-de-cobro-de-san-lorenzo\/"]}]},{"@type":"BreadcrumbList","@id":"https:\/\/thepueblatimes.mx\/index.php\/2021\/04\/06\/se-mete-hasta-el-jardin-de-la-caseta-de-cobro-de-san-lorenzo\/#breadcrumb","itemListElement":[{"@type":"ListItem","position":1,"name":"Portada","item":"https:\/\/thepueblatimes.mx\/"},{"@type":"ListItem","position":2,"name":"Se mete hasta el jard\u00edn de la caseta de cobro de San Lorenzo"}]},{"@type":"WebSite","@id":"https:\/\/thepueblatimes.mx\/#website","url":"https:\/\/thepueblatimes.mx\/","name":"The Puebla Times","description":"Noticias del Estado de Puebla","potentialAction":[{"@type":"SearchAction","target":{"@type":"EntryPoint","urlTemplate":"https:\/\/thepueblatimes.mx\/?s={search_term_string}"},"query-input":"required name=search_term_string"}],"inLanguage":"es"},{"@type":"Person","@id":"https:\/\/thepueblatimes.mx\/#\/schema\/person\/7bdf2adbc50078b104bba72b5612f774","name":"Francisco S\u00e1nchez Nolasco","image":{"@type":"ImageObject","inLanguage":"es","@id":"https:\/\/thepueblatimes.mx\/#\/schema\/person\/image\/","url":"https:\/\/secure.gravatar.com\/avatar\/6061d7d20b38bc2742a5218401b198d2?s=96&d=mm&r=g","contentUrl":"https:\/\/secure.gravatar.com\/avatar\/6061d7d20b38bc2742a5218401b198d2?s=96&d=mm&r=g","caption":"Francisco S\u00e1nchez Nolasco"},"url":"https:\/\/thepueblatimes.mx\/index.php\/author\/marianitha-reyes\/"}]}},"jetpack_featured_media_url":"https:\/\/thepueblatimes.mx\/wp-content\/uploads\/2021\/04\/accidente-caseta-san-lorenzo-teotipilco.jpg","_links":{"self":[{"href":"https:\/\/thepueblatimes.mx\/index.php\/wp-json\/wp\/v2\/posts\/12501"}],"collection":[{"href":"https:\/\/thepueblatimes.mx\/index.php\/wp-json\/wp\/v2\/posts"}],"about":[{"href":"https:\/\/thepueblatimes.mx\/index.php\/wp-json\/wp\/v2\/types\/post"}],"author":[{"embeddable":true,"href":"https:\/\/thepueblatimes.mx\/index.php\/wp-json\/wp\/v2\/users\/15"}],"replies":[{"embeddable":true,"href":"https:\/\/thepueblatimes.mx\/index.php\/wp-json\/wp\/v2\/comments?post=12501"}],"version-history":[{"count":1,"href":"https:\/\/thepueblatimes.mx\/index.php\/wp-json\/wp\/v2\/posts\/12501\/revisions"}],"predecessor-version":[{"id":12503,"href":"https:\/\/thepueblatimes.mx\/index.php\/wp-json\/wp\/v2\/posts\/12501\/revisions\/12503"}],"wp:featuredmedia":[{"embeddable":true,"href":"https:\/\/thepueblatimes.mx\/index.php\/wp-json\/wp\/v2\/media\/12504"}],"wp:attachment":[{"href":"https:\/\/thepueblatimes.mx\/index.php\/wp-json\/wp\/v2\/media?parent=12501"}],"wp:term":[{"taxonomy":"category","embeddable":true,"href":"https:\/\/thepueblatimes.mx\/index.php\/wp-json\/wp\/v2\/categories?post=12501"},{"taxonomy":"post_tag","embeddable":true,"href":"https:\/\/thepueblatimes.mx\/index.php\/wp-json\/wp\/v2\/tags?post=12501"}],"curies":[{"name":"wp","href":"https:\/\/api.w.org\/{rel}","templated":true}]}}