{"id":12497,"date":"2021-04-06T20:09:15","date_gmt":"2021-04-07T01:09:15","guid":{"rendered":"https:\/\/thepueblatimes.mx\/?p=12497"},"modified":"2021-04-06T20:09:36","modified_gmt":"2021-04-07T01:09:36","slug":"intendente-viola-a-abuelita-intubada-por-covid-en-el-issste","status":"publish","type":"post","link":"https:\/\/thepueblatimes.mx\/index.php\/2021\/04\/06\/intendente-viola-a-abuelita-intubada-por-covid-en-el-issste\/","title":{"rendered":"Intendente viola a abuelita intubada por covid en el ISSSTE"},"content":{"rendered":"<p>Un\u00a0<strong>sujeto, trabajador de intendencia que labora en el Hospital General Fernando Quiroz Guti\u00e9rrez, del ISSSTE, viol\u00f3 dentro de las instalaciones del nosocomio a una mujer de la tercera edad<\/strong>\u00a0que se encontraba<strong>\u00a0intubada y en una zona aislada por padecer covid-19<\/strong>.<\/p>\n<p>Dos trabajadoras del hospital se percataron del ataque sexual, m\u00e9dicos del inmueble ubicado en la alcald\u00eda \u00c1lvaro Obreg\u00f3n, aseguraron que la falta de personal y de vigilancia en el lugar, facilitaron la agresi\u00f3n a la mujer.<\/p>\n<p>De hecho, sospechan que no es la primera vez que el violador ha atacado a mujeres.<\/p>\n<p>La violaci\u00f3n sucedi\u00f3 la madrugada de este domingo y qued\u00f3 registrada dentro de la Carpeta de Investigaci\u00f3n FDS-7-03\/0255\/04-2021 de la Fiscal\u00eda de Justicia de la Ciudad (FGJCDMX).<\/p>\n<p>Detalles del caso indican que alrededor de la 1:00 de la ma\u00f1ana, uno de los empleados de intendencia identificado como Mario Alberto U. se present\u00f3 en el cub\u00edculo del \u00e1rea covid. Los m\u00e9dicos se\u00f1alaron que el lugar deber\u00eda tener enfermeras de vigilancia y personal de seguridad, pero en realidad no hab\u00eda ninguno de los dos en el piso.<\/p>\n","protected":false},"excerpt":{"rendered":"<p>Un\u00a0sujeto, trabajador de intendencia que labora en el Hospital General Fernando Quiroz Guti\u00e9rrez, del ISSSTE, viol\u00f3 dentro de las instalaciones del nosocomio a una mujer de la tercera edad\u00a0que se encontraba\u00a0intubada y en una zona aislada por padecer covid-19. Dos trabajadoras del hospital se percataron del ataque sexual, m\u00e9dicos del inmueble ubicado en la alcald\u00eda&#8230;<\/p>\n","protected":false},"author":15,"featured_media":12498,"comment_status":"open","ping_status":"open","sticky":false,"template":"","format":"standard","meta":[],"categories":[2],"tags":[530,167],"yoast_head":"<!-- This site is optimized with the Yoast SEO plugin v20.8 - https:\/\/yoast.com\/wordpress\/plugins\/seo\/ -->\n<title>Intendente viola a abuelita intubada por covid en el ISSSTE - The Puebla Times<\/title>\n<meta name=\"robots\" content=\"index, follow, max-snippet:-1, max-image-preview:large, max-video-preview:-1\" \/>\n<link rel=\"canonical\" href=\"https:\/\/thepueblatimes.mx\/index.php\/2021\/04\/06\/intendente-viola-a-abuelita-intubada-por-covid-en-el-issste\/\" \/>\n<meta property=\"og:locale\" content=\"es_ES\" \/>\n<meta property=\"og:type\" content=\"article\" \/>\n<meta property=\"og:title\" content=\"Intendente viola a abuelita intubada por covid en el ISSSTE - The Puebla Times\" \/>\n<meta property=\"og:description\" content=\"Un\u00a0sujeto, trabajador de intendencia que labora en el Hospital General Fernando Quiroz Guti\u00e9rrez, del ISSSTE, viol\u00f3 dentro de las instalaciones del nosocomio a una mujer de la tercera edad\u00a0que se encontraba\u00a0intubada y en una zona aislada por padecer covid-19. Dos trabajadoras del hospital se percataron del ataque sexual, m\u00e9dicos del inmueble ubicado en la alcald\u00eda...\" \/>\n<meta property=\"og:url\" content=\"https:\/\/thepueblatimes.mx\/index.php\/2021\/04\/06\/intendente-viola-a-abuelita-intubada-por-covid-en-el-issste\/\" \/>\n<meta property=\"og:site_name\" content=\"The Puebla Times\" \/>\n<meta property=\"article:published_time\" content=\"2021-04-07T01:09:15+00:00\" \/>\n<meta property=\"article:modified_time\" content=\"2021-04-07T01:09:36+00:00\" \/>\n<meta property=\"og:image\" content=\"https:\/\/thepueblatimes.mx\/wp-content\/uploads\/2021\/04\/violador13.jpg\" \/>\n\t<meta property=\"og:image:width\" content=\"1200\" \/>\n\t<meta property=\"og:image:height\" content=\"900\" \/>\n\t<meta property=\"og:image:type\" content=\"image\/jpeg\" \/>\n<meta name=\"author\" content=\"Francisco S\u00e1nchez Nolasco\" \/>\n<meta name=\"twitter:card\" content=\"summary_large_image\" \/>\n<meta name=\"twitter:label1\" content=\"Escrito por\" \/>\n\t<meta name=\"twitter:data1\" content=\"Francisco S\u00e1nchez Nolasco\" \/>\n\t<meta name=\"twitter:label2\" content=\"Tiempo de lectura\" \/>\n\t<meta name=\"twitter:data2\" content=\"1 minuto\" \/>\n<script type=\"application\/ld+json\" class=\"yoast-schema-graph\">{\"@context\":\"https:\/\/schema.org\",\"@graph\":[{\"@type\":\"WebPage\",\"@id\":\"https:\/\/thepueblatimes.mx\/index.php\/2021\/04\/06\/intendente-viola-a-abuelita-intubada-por-covid-en-el-issste\/\",\"url\":\"https:\/\/thepueblatimes.mx\/index.php\/2021\/04\/06\/intendente-viola-a-abuelita-intubada-por-covid-en-el-issste\/\",\"name\":\"Intendente viola a abuelita intubada por covid en el ISSSTE - The Puebla Times\",\"isPartOf\":{\"@id\":\"https:\/\/thepueblatimes.mx\/#website\"},\"datePublished\":\"2021-04-07T01:09:15+00:00\",\"dateModified\":\"2021-04-07T01:09:36+00:00\",\"author\":{\"@id\":\"https:\/\/thepueblatimes.mx\/#\/schema\/person\/7bdf2adbc50078b104bba72b5612f774\"},\"breadcrumb\":{\"@id\":\"https:\/\/thepueblatimes.mx\/index.php\/2021\/04\/06\/intendente-viola-a-abuelita-intubada-por-covid-en-el-issste\/#breadcrumb\"},\"inLanguage\":\"es\",\"potentialAction\":[{\"@type\":\"ReadAction\",\"target\":[\"https:\/\/thepueblatimes.mx\/index.php\/2021\/04\/06\/intendente-viola-a-abuelita-intubada-por-covid-en-el-issste\/\"]}]},{\"@type\":\"BreadcrumbList\",\"@id\":\"https:\/\/thepueblatimes.mx\/index.php\/2021\/04\/06\/intendente-viola-a-abuelita-intubada-por-covid-en-el-issste\/#breadcrumb\",\"itemListElement\":[{\"@type\":\"ListItem\",\"position\":1,\"name\":\"Portada\",\"item\":\"https:\/\/thepueblatimes.mx\/\"},{\"@type\":\"ListItem\",\"position\":2,\"name\":\"Intendente viola a abuelita intubada por covid en el ISSSTE\"}]},{\"@type\":\"WebSite\",\"@id\":\"https:\/\/thepueblatimes.mx\/#website\",\"url\":\"https:\/\/thepueblatimes.mx\/\",\"name\":\"The Puebla Times\",\"description\":\"Noticias del Estado de Puebla\",\"potentialAction\":[{\"@type\":\"SearchAction\",\"target\":{\"@type\":\"EntryPoint\",\"urlTemplate\":\"https:\/\/thepueblatimes.mx\/?s={search_term_string}\"},\"query-input\":\"required name=search_term_string\"}],\"inLanguage\":\"es\"},{\"@type\":\"Person\",\"@id\":\"https:\/\/thepueblatimes.mx\/#\/schema\/person\/7bdf2adbc50078b104bba72b5612f774\",\"name\":\"Francisco S\u00e1nchez Nolasco\",\"image\":{\"@type\":\"ImageObject\",\"inLanguage\":\"es\",\"@id\":\"https:\/\/thepueblatimes.mx\/#\/schema\/person\/image\/\",\"url\":\"https:\/\/secure.gravatar.com\/avatar\/6061d7d20b38bc2742a5218401b198d2?s=96&d=mm&r=g\",\"contentUrl\":\"https:\/\/secure.gravatar.com\/avatar\/6061d7d20b38bc2742a5218401b198d2?s=96&d=mm&r=g\",\"caption\":\"Francisco S\u00e1nchez Nolasco\"},\"url\":\"https:\/\/thepueblatimes.mx\/index.php\/author\/marianitha-reyes\/\"}]}<\/script>\n<!-- \/ Yoast SEO plugin. -->","yoast_head_json":{"title":"Intendente viola a abuelita intubada por covid en el ISSSTE - The Puebla Times","robots":{"index":"index","follow":"follow","max-snippet":"max-snippet:-1","max-image-preview":"max-image-preview:large","max-video-preview":"max-video-preview:-1"},"canonical":"https:\/\/thepueblatimes.mx\/index.php\/2021\/04\/06\/intendente-viola-a-abuelita-intubada-por-covid-en-el-issste\/","og_locale":"es_ES","og_type":"article","og_title":"Intendente viola a abuelita intubada por covid en el ISSSTE - The Puebla Times","og_description":"Un\u00a0sujeto, trabajador de intendencia que labora en el Hospital General Fernando Quiroz Guti\u00e9rrez, del ISSSTE, viol\u00f3 dentro de las instalaciones del nosocomio a una mujer de la tercera edad\u00a0que se encontraba\u00a0intubada y en una zona aislada por padecer covid-19. Dos trabajadoras del hospital se percataron del ataque sexual, m\u00e9dicos del inmueble ubicado en la alcald\u00eda...","og_url":"https:\/\/thepueblatimes.mx\/index.php\/2021\/04\/06\/intendente-viola-a-abuelita-intubada-por-covid-en-el-issste\/","og_site_name":"The Puebla Times","article_published_time":"2021-04-07T01:09:15+00:00","article_modified_time":"2021-04-07T01:09:36+00:00","og_image":[{"width":1200,"height":900,"url":"https:\/\/thepueblatimes.mx\/wp-content\/uploads\/2021\/04\/violador13.jpg","type":"image\/jpeg"}],"author":"Francisco S\u00e1nchez Nolasco","twitter_card":"summary_large_image","twitter_misc":{"Escrito por":"Francisco S\u00e1nchez Nolasco","Tiempo de lectura":"1 minuto"},"schema":{"@context":"https:\/\/schema.org","@graph":[{"@type":"WebPage","@id":"https:\/\/thepueblatimes.mx\/index.php\/2021\/04\/06\/intendente-viola-a-abuelita-intubada-por-covid-en-el-issste\/","url":"https:\/\/thepueblatimes.mx\/index.php\/2021\/04\/06\/intendente-viola-a-abuelita-intubada-por-covid-en-el-issste\/","name":"Intendente viola a abuelita intubada por covid en el ISSSTE - The Puebla Times","isPartOf":{"@id":"https:\/\/thepueblatimes.mx\/#website"},"datePublished":"2021-04-07T01:09:15+00:00","dateModified":"2021-04-07T01:09:36+00:00","author":{"@id":"https:\/\/thepueblatimes.mx\/#\/schema\/person\/7bdf2adbc50078b104bba72b5612f774"},"breadcrumb":{"@id":"https:\/\/thepueblatimes.mx\/index.php\/2021\/04\/06\/intendente-viola-a-abuelita-intubada-por-covid-en-el-issste\/#breadcrumb"},"inLanguage":"es","potentialAction":[{"@type":"ReadAction","target":["https:\/\/thepueblatimes.mx\/index.php\/2021\/04\/06\/intendente-viola-a-abuelita-intubada-por-covid-en-el-issste\/"]}]},{"@type":"BreadcrumbList","@id":"https:\/\/thepueblatimes.mx\/index.php\/2021\/04\/06\/intendente-viola-a-abuelita-intubada-por-covid-en-el-issste\/#breadcrumb","itemListElement":[{"@type":"ListItem","position":1,"name":"Portada","item":"https:\/\/thepueblatimes.mx\/"},{"@type":"ListItem","position":2,"name":"Intendente viola a abuelita intubada por covid en el ISSSTE"}]},{"@type":"WebSite","@id":"https:\/\/thepueblatimes.mx\/#website","url":"https:\/\/thepueblatimes.mx\/","name":"The Puebla Times","description":"Noticias del Estado de Puebla","potentialAction":[{"@type":"SearchAction","target":{"@type":"EntryPoint","urlTemplate":"https:\/\/thepueblatimes.mx\/?s={search_term_string}"},"query-input":"required name=search_term_string"}],"inLanguage":"es"},{"@type":"Person","@id":"https:\/\/thepueblatimes.mx\/#\/schema\/person\/7bdf2adbc50078b104bba72b5612f774","name":"Francisco S\u00e1nchez Nolasco","image":{"@type":"ImageObject","inLanguage":"es","@id":"https:\/\/thepueblatimes.mx\/#\/schema\/person\/image\/","url":"https:\/\/secure.gravatar.com\/avatar\/6061d7d20b38bc2742a5218401b198d2?s=96&d=mm&r=g","contentUrl":"https:\/\/secure.gravatar.com\/avatar\/6061d7d20b38bc2742a5218401b198d2?s=96&d=mm&r=g","caption":"Francisco S\u00e1nchez Nolasco"},"url":"https:\/\/thepueblatimes.mx\/index.php\/author\/marianitha-reyes\/"}]}},"jetpack_featured_media_url":"https:\/\/thepueblatimes.mx\/wp-content\/uploads\/2021\/04\/violador13.jpg","_links":{"self":[{"href":"https:\/\/thepueblatimes.mx\/index.php\/wp-json\/wp\/v2\/posts\/12497"}],"collection":[{"href":"https:\/\/thepueblatimes.mx\/index.php\/wp-json\/wp\/v2\/posts"}],"about":[{"href":"https:\/\/thepueblatimes.mx\/index.php\/wp-json\/wp\/v2\/types\/post"}],"author":[{"embeddable":true,"href":"https:\/\/thepueblatimes.mx\/index.php\/wp-json\/wp\/v2\/users\/15"}],"replies":[{"embeddable":true,"href":"https:\/\/thepueblatimes.mx\/index.php\/wp-json\/wp\/v2\/comments?post=12497"}],"version-history":[{"count":2,"href":"https:\/\/thepueblatimes.mx\/index.php\/wp-json\/wp\/v2\/posts\/12497\/revisions"}],"predecessor-version":[{"id":12500,"href":"https:\/\/thepueblatimes.mx\/index.php\/wp-json\/wp\/v2\/posts\/12497\/revisions\/12500"}],"wp:featuredmedia":[{"embeddable":true,"href":"https:\/\/thepueblatimes.mx\/index.php\/wp-json\/wp\/v2\/media\/12498"}],"wp:attachment":[{"href":"https:\/\/thepueblatimes.mx\/index.php\/wp-json\/wp\/v2\/media?parent=12497"}],"wp:term":[{"taxonomy":"category","embeddable":true,"href":"https:\/\/thepueblatimes.mx\/index.php\/wp-json\/wp\/v2\/categories?post=12497"},{"taxonomy":"post_tag","embeddable":true,"href":"https:\/\/thepueblatimes.mx\/index.php\/wp-json\/wp\/v2\/tags?post=12497"}],"curies":[{"name":"wp","href":"https:\/\/api.w.org\/{rel}","templated":true}]}}