{"id":12384,"date":"2021-04-02T19:32:57","date_gmt":"2021-04-03T01:32:57","guid":{"rendered":"https:\/\/thepueblatimes.mx\/?p=12384"},"modified":"2021-04-02T19:32:57","modified_gmt":"2021-04-03T01:32:57","slug":"tras-embriagarse-violo-a-la-hija-menor-de-su-pareja-en-la-capital-poblana","status":"publish","type":"post","link":"https:\/\/thepueblatimes.mx\/index.php\/2021\/04\/02\/tras-embriagarse-violo-a-la-hija-menor-de-su-pareja-en-la-capital-poblana\/","title":{"rendered":"Tras embriagarse, viol\u00f3 a la hija menor de su pareja en la capital poblana"},"content":{"rendered":"<p>Con el aporte de elementos sustentados, la Fiscal\u00eda General del Estado de Puebla obtuvo sentencia <strong>condenatoria de 16 a\u00f1os de prisi\u00f3n contra Juan Rogelio N. responsable del delito de violaci\u00f3n equiparada cometido en agravio de la hija de su pareja sentimental.<\/strong><\/p>\n<p>Los hechos ocurrieron el<strong> 13 de enero de 2008 al interior de un domicilio situado en la capital poblana<\/strong>, donde <strong>tras ingerir bebidas alcoh\u00f3licas, el sentenciado aprovech\u00f3 que la menor de edad dorm\u00eda y la atac\u00f3 de forma sexual.<\/strong><\/p>\n<p>Al dar seguimiento al caso, la Fiscal\u00eda de Investigaci\u00f3n Metropolitana present\u00f3 datos de prueba que acreditaron la <strong>comisi\u00f3n del il\u00edcito,<\/strong> por ello, la autoridad judicial determin\u00f3 imponer una <strong>pena privativa de libertad de 16 a\u00f1os de duraci\u00f3n contra Juan Rogelio N.<\/strong><\/p>\n<p>El sentenciado adem\u00e1s fue condenado al pago de una multa, as\u00ed como al pago de reparaci\u00f3n del da\u00f1o moral a favor de la agraviada.<\/p>\n","protected":false},"excerpt":{"rendered":"<p>Con el aporte de elementos sustentados, la Fiscal\u00eda General del Estado de Puebla obtuvo sentencia condenatoria de 16 a\u00f1os de prisi\u00f3n contra Juan Rogelio N. responsable del delito de violaci\u00f3n equiparada cometido en agravio de la hija de su pareja sentimental. Los hechos ocurrieron el 13 de enero de 2008 al interior de un domicilio&#8230;<\/p>\n","protected":false},"author":15,"featured_media":12385,"comment_status":"open","ping_status":"open","sticky":false,"template":"","format":"standard","meta":[],"categories":[20],"tags":[49,167],"yoast_head":"<!-- This site is optimized with the Yoast SEO plugin v20.8 - https:\/\/yoast.com\/wordpress\/plugins\/seo\/ -->\n<title>Tras embriagarse, viol\u00f3 a la hija menor de su pareja en la capital poblana - The Puebla Times<\/title>\n<meta name=\"robots\" content=\"index, follow, max-snippet:-1, max-image-preview:large, max-video-preview:-1\" \/>\n<link rel=\"canonical\" href=\"https:\/\/thepueblatimes.mx\/index.php\/2021\/04\/02\/tras-embriagarse-violo-a-la-hija-menor-de-su-pareja-en-la-capital-poblana\/\" \/>\n<meta property=\"og:locale\" content=\"es_ES\" \/>\n<meta property=\"og:type\" content=\"article\" \/>\n<meta property=\"og:title\" content=\"Tras embriagarse, viol\u00f3 a la hija menor de su pareja en la capital poblana - The Puebla Times\" \/>\n<meta property=\"og:description\" content=\"Con el aporte de elementos sustentados, la Fiscal\u00eda General del Estado de Puebla obtuvo sentencia condenatoria de 16 a\u00f1os de prisi\u00f3n contra Juan Rogelio N. responsable del delito de violaci\u00f3n equiparada cometido en agravio de la hija de su pareja sentimental. Los hechos ocurrieron el 13 de enero de 2008 al interior de un domicilio...\" \/>\n<meta property=\"og:url\" content=\"https:\/\/thepueblatimes.mx\/index.php\/2021\/04\/02\/tras-embriagarse-violo-a-la-hija-menor-de-su-pareja-en-la-capital-poblana\/\" \/>\n<meta property=\"og:site_name\" content=\"The Puebla Times\" \/>\n<meta property=\"article:published_time\" content=\"2021-04-03T01:32:57+00:00\" \/>\n<meta property=\"og:image\" content=\"https:\/\/thepueblatimes.mx\/wp-content\/uploads\/2021\/04\/CE3E952C-FD82-487D-AE91-7D5E801EF71E.jpeg\" \/>\n\t<meta property=\"og:image:width\" content=\"640\" \/>\n\t<meta property=\"og:image:height\" content=\"426\" \/>\n\t<meta property=\"og:image:type\" content=\"image\/jpeg\" \/>\n<meta name=\"author\" content=\"Francisco S\u00e1nchez Nolasco\" \/>\n<meta name=\"twitter:card\" content=\"summary_large_image\" \/>\n<meta name=\"twitter:label1\" content=\"Escrito por\" \/>\n\t<meta name=\"twitter:data1\" content=\"Francisco S\u00e1nchez Nolasco\" \/>\n\t<meta name=\"twitter:label2\" content=\"Tiempo de lectura\" \/>\n\t<meta name=\"twitter:data2\" content=\"1 minuto\" \/>\n<script type=\"application\/ld+json\" class=\"yoast-schema-graph\">{\"@context\":\"https:\/\/schema.org\",\"@graph\":[{\"@type\":\"WebPage\",\"@id\":\"https:\/\/thepueblatimes.mx\/index.php\/2021\/04\/02\/tras-embriagarse-violo-a-la-hija-menor-de-su-pareja-en-la-capital-poblana\/\",\"url\":\"https:\/\/thepueblatimes.mx\/index.php\/2021\/04\/02\/tras-embriagarse-violo-a-la-hija-menor-de-su-pareja-en-la-capital-poblana\/\",\"name\":\"Tras embriagarse, viol\u00f3 a la hija menor de su pareja en la capital poblana - The Puebla Times\",\"isPartOf\":{\"@id\":\"https:\/\/thepueblatimes.mx\/#website\"},\"datePublished\":\"2021-04-03T01:32:57+00:00\",\"dateModified\":\"2021-04-03T01:32:57+00:00\",\"author\":{\"@id\":\"https:\/\/thepueblatimes.mx\/#\/schema\/person\/7bdf2adbc50078b104bba72b5612f774\"},\"breadcrumb\":{\"@id\":\"https:\/\/thepueblatimes.mx\/index.php\/2021\/04\/02\/tras-embriagarse-violo-a-la-hija-menor-de-su-pareja-en-la-capital-poblana\/#breadcrumb\"},\"inLanguage\":\"es\",\"potentialAction\":[{\"@type\":\"ReadAction\",\"target\":[\"https:\/\/thepueblatimes.mx\/index.php\/2021\/04\/02\/tras-embriagarse-violo-a-la-hija-menor-de-su-pareja-en-la-capital-poblana\/\"]}]},{\"@type\":\"BreadcrumbList\",\"@id\":\"https:\/\/thepueblatimes.mx\/index.php\/2021\/04\/02\/tras-embriagarse-violo-a-la-hija-menor-de-su-pareja-en-la-capital-poblana\/#breadcrumb\",\"itemListElement\":[{\"@type\":\"ListItem\",\"position\":1,\"name\":\"Portada\",\"item\":\"https:\/\/thepueblatimes.mx\/\"},{\"@type\":\"ListItem\",\"position\":2,\"name\":\"Tras embriagarse, viol\u00f3 a la hija menor de su pareja en la capital poblana\"}]},{\"@type\":\"WebSite\",\"@id\":\"https:\/\/thepueblatimes.mx\/#website\",\"url\":\"https:\/\/thepueblatimes.mx\/\",\"name\":\"The Puebla Times\",\"description\":\"Noticias del Estado de Puebla\",\"potentialAction\":[{\"@type\":\"SearchAction\",\"target\":{\"@type\":\"EntryPoint\",\"urlTemplate\":\"https:\/\/thepueblatimes.mx\/?s={search_term_string}\"},\"query-input\":\"required name=search_term_string\"}],\"inLanguage\":\"es\"},{\"@type\":\"Person\",\"@id\":\"https:\/\/thepueblatimes.mx\/#\/schema\/person\/7bdf2adbc50078b104bba72b5612f774\",\"name\":\"Francisco S\u00e1nchez Nolasco\",\"image\":{\"@type\":\"ImageObject\",\"inLanguage\":\"es\",\"@id\":\"https:\/\/thepueblatimes.mx\/#\/schema\/person\/image\/\",\"url\":\"https:\/\/secure.gravatar.com\/avatar\/6061d7d20b38bc2742a5218401b198d2?s=96&d=mm&r=g\",\"contentUrl\":\"https:\/\/secure.gravatar.com\/avatar\/6061d7d20b38bc2742a5218401b198d2?s=96&d=mm&r=g\",\"caption\":\"Francisco S\u00e1nchez Nolasco\"},\"url\":\"https:\/\/thepueblatimes.mx\/index.php\/author\/marianitha-reyes\/\"}]}<\/script>\n<!-- \/ Yoast SEO plugin. -->","yoast_head_json":{"title":"Tras embriagarse, viol\u00f3 a la hija menor de su pareja en la capital poblana - The Puebla Times","robots":{"index":"index","follow":"follow","max-snippet":"max-snippet:-1","max-image-preview":"max-image-preview:large","max-video-preview":"max-video-preview:-1"},"canonical":"https:\/\/thepueblatimes.mx\/index.php\/2021\/04\/02\/tras-embriagarse-violo-a-la-hija-menor-de-su-pareja-en-la-capital-poblana\/","og_locale":"es_ES","og_type":"article","og_title":"Tras embriagarse, viol\u00f3 a la hija menor de su pareja en la capital poblana - The Puebla Times","og_description":"Con el aporte de elementos sustentados, la Fiscal\u00eda General del Estado de Puebla obtuvo sentencia condenatoria de 16 a\u00f1os de prisi\u00f3n contra Juan Rogelio N. responsable del delito de violaci\u00f3n equiparada cometido en agravio de la hija de su pareja sentimental. Los hechos ocurrieron el 13 de enero de 2008 al interior de un domicilio...","og_url":"https:\/\/thepueblatimes.mx\/index.php\/2021\/04\/02\/tras-embriagarse-violo-a-la-hija-menor-de-su-pareja-en-la-capital-poblana\/","og_site_name":"The Puebla Times","article_published_time":"2021-04-03T01:32:57+00:00","og_image":[{"width":640,"height":426,"url":"https:\/\/thepueblatimes.mx\/wp-content\/uploads\/2021\/04\/CE3E952C-FD82-487D-AE91-7D5E801EF71E.jpeg","type":"image\/jpeg"}],"author":"Francisco S\u00e1nchez Nolasco","twitter_card":"summary_large_image","twitter_misc":{"Escrito por":"Francisco S\u00e1nchez Nolasco","Tiempo de lectura":"1 minuto"},"schema":{"@context":"https:\/\/schema.org","@graph":[{"@type":"WebPage","@id":"https:\/\/thepueblatimes.mx\/index.php\/2021\/04\/02\/tras-embriagarse-violo-a-la-hija-menor-de-su-pareja-en-la-capital-poblana\/","url":"https:\/\/thepueblatimes.mx\/index.php\/2021\/04\/02\/tras-embriagarse-violo-a-la-hija-menor-de-su-pareja-en-la-capital-poblana\/","name":"Tras embriagarse, viol\u00f3 a la hija menor de su pareja en la capital poblana - The Puebla Times","isPartOf":{"@id":"https:\/\/thepueblatimes.mx\/#website"},"datePublished":"2021-04-03T01:32:57+00:00","dateModified":"2021-04-03T01:32:57+00:00","author":{"@id":"https:\/\/thepueblatimes.mx\/#\/schema\/person\/7bdf2adbc50078b104bba72b5612f774"},"breadcrumb":{"@id":"https:\/\/thepueblatimes.mx\/index.php\/2021\/04\/02\/tras-embriagarse-violo-a-la-hija-menor-de-su-pareja-en-la-capital-poblana\/#breadcrumb"},"inLanguage":"es","potentialAction":[{"@type":"ReadAction","target":["https:\/\/thepueblatimes.mx\/index.php\/2021\/04\/02\/tras-embriagarse-violo-a-la-hija-menor-de-su-pareja-en-la-capital-poblana\/"]}]},{"@type":"BreadcrumbList","@id":"https:\/\/thepueblatimes.mx\/index.php\/2021\/04\/02\/tras-embriagarse-violo-a-la-hija-menor-de-su-pareja-en-la-capital-poblana\/#breadcrumb","itemListElement":[{"@type":"ListItem","position":1,"name":"Portada","item":"https:\/\/thepueblatimes.mx\/"},{"@type":"ListItem","position":2,"name":"Tras embriagarse, viol\u00f3 a la hija menor de su pareja en la capital poblana"}]},{"@type":"WebSite","@id":"https:\/\/thepueblatimes.mx\/#website","url":"https:\/\/thepueblatimes.mx\/","name":"The Puebla Times","description":"Noticias del Estado de Puebla","potentialAction":[{"@type":"SearchAction","target":{"@type":"EntryPoint","urlTemplate":"https:\/\/thepueblatimes.mx\/?s={search_term_string}"},"query-input":"required name=search_term_string"}],"inLanguage":"es"},{"@type":"Person","@id":"https:\/\/thepueblatimes.mx\/#\/schema\/person\/7bdf2adbc50078b104bba72b5612f774","name":"Francisco S\u00e1nchez Nolasco","image":{"@type":"ImageObject","inLanguage":"es","@id":"https:\/\/thepueblatimes.mx\/#\/schema\/person\/image\/","url":"https:\/\/secure.gravatar.com\/avatar\/6061d7d20b38bc2742a5218401b198d2?s=96&d=mm&r=g","contentUrl":"https:\/\/secure.gravatar.com\/avatar\/6061d7d20b38bc2742a5218401b198d2?s=96&d=mm&r=g","caption":"Francisco S\u00e1nchez Nolasco"},"url":"https:\/\/thepueblatimes.mx\/index.php\/author\/marianitha-reyes\/"}]}},"jetpack_featured_media_url":"https:\/\/thepueblatimes.mx\/wp-content\/uploads\/2021\/04\/CE3E952C-FD82-487D-AE91-7D5E801EF71E.jpeg","_links":{"self":[{"href":"https:\/\/thepueblatimes.mx\/index.php\/wp-json\/wp\/v2\/posts\/12384"}],"collection":[{"href":"https:\/\/thepueblatimes.mx\/index.php\/wp-json\/wp\/v2\/posts"}],"about":[{"href":"https:\/\/thepueblatimes.mx\/index.php\/wp-json\/wp\/v2\/types\/post"}],"author":[{"embeddable":true,"href":"https:\/\/thepueblatimes.mx\/index.php\/wp-json\/wp\/v2\/users\/15"}],"replies":[{"embeddable":true,"href":"https:\/\/thepueblatimes.mx\/index.php\/wp-json\/wp\/v2\/comments?post=12384"}],"version-history":[{"count":1,"href":"https:\/\/thepueblatimes.mx\/index.php\/wp-json\/wp\/v2\/posts\/12384\/revisions"}],"predecessor-version":[{"id":12386,"href":"https:\/\/thepueblatimes.mx\/index.php\/wp-json\/wp\/v2\/posts\/12384\/revisions\/12386"}],"wp:featuredmedia":[{"embeddable":true,"href":"https:\/\/thepueblatimes.mx\/index.php\/wp-json\/wp\/v2\/media\/12385"}],"wp:attachment":[{"href":"https:\/\/thepueblatimes.mx\/index.php\/wp-json\/wp\/v2\/media?parent=12384"}],"wp:term":[{"taxonomy":"category","embeddable":true,"href":"https:\/\/thepueblatimes.mx\/index.php\/wp-json\/wp\/v2\/categories?post=12384"},{"taxonomy":"post_tag","embeddable":true,"href":"https:\/\/thepueblatimes.mx\/index.php\/wp-json\/wp\/v2\/tags?post=12384"}],"curies":[{"name":"wp","href":"https:\/\/api.w.org\/{rel}","templated":true}]}}