{"id":12300,"date":"2021-04-01T11:24:21","date_gmt":"2021-04-01T17:24:21","guid":{"rendered":"https:\/\/thepueblatimes.mx\/?p=12300"},"modified":"2021-04-01T11:24:21","modified_gmt":"2021-04-01T17:24:21","slug":"bruno-rapto-y-violo-a-su-sobrina-de-12-anos-en-san-andres-cholula","status":"publish","type":"post","link":"https:\/\/thepueblatimes.mx\/index.php\/2021\/04\/01\/bruno-rapto-y-violo-a-su-sobrina-de-12-anos-en-san-andres-cholula\/","title":{"rendered":"Bruno rapt\u00f3 y viol\u00f3 a su sobrina de 12 a\u00f1os en San Andr\u00e9s Cholula"},"content":{"rendered":"<p>San Andr\u00e9s Cholula, Pue.- La Fiscal\u00eda General del Estado de Puebla<strong> aprehendi\u00f3 y obtuvo la vinculaci\u00f3n a proceso de Bruno N. de 27 a\u00f1os, investigado por el delito de violaci\u00f3n equiparada presuntamente cometido en agravio de su sobrina de 12 a\u00f1os de edad<\/strong>, reportada como no localizada.<\/p>\n<p><span class=\"destacadas-list\"><span class=\"outstanding-itm\"><a title=\"VIDEO Hasta en el campo asaltan a campesinos en San Pedro Cholula\" href=\"http:\/\/municipiospuebla.mx\/nota\/2021-03-30\/san-pedro-cholula\/video-hasta-en-el-campo-asaltan-campesinos-en-san-pedro-cholula\" target=\"_self\" rel=\"noopener noreferrer\">VIDEO Hasta en el campo asaltan a campesinos en San Pedro Cholula<\/a><\/span><span class=\"outstanding-itm\"><a title=\"Cambio vial genera caos en San Pedro Cholula\" href=\"http:\/\/municipiospuebla.mx\/nota\/2021-03-29\/san-pedro-cholula\/cambio-vial-genera-caos-en-san-pedro-cholula\" target=\"_self\" rel=\"noopener noreferrer\">Cambio vial genera caos en San Pedro Cholula<\/a><\/span><\/span><\/p>\n<p>La adolescente fue vista por \u00faltima vez el 22 de marzo de 2021 cuando sali\u00f3 de su domicilio en la junta auxiliar de San Bernardino Tlaxcalancingo del municipio de San Andr\u00e9s Cholula.<\/p>\n<p>Luego de realizar diversas indagatorias por pare de la Fiscal\u00eda de Puebla, <strong>la ni\u00f1a fue ubicada en compa\u00f1\u00eda de su t\u00edo en la localidad de Santa Mar\u00eda Malacatepec, Ocoyucan, lugar en el que presuntamente Bruno N. mantuvo relaciones sexuales con ella.\u00a0<\/strong><\/p>\n<p>Con la pr\u00e1ctica de actos de investigaci\u00f3n consistentes en entrevistas, dict\u00e1menes periciales, as\u00ed como inspecci\u00f3n del lugar de los hechos, la Fiscal\u00eda Especializada en Investigaci\u00f3n de los Delitos de Desaparici\u00f3n Forzada de Personas y Desaparici\u00f3n Cometida por Particulares solicit\u00f3 y obtuvo orden de aprehensi\u00f3n contra el imputado, quien fue detenido el 29 de marzo de 2021 por agentes investigadores.<\/p>\n<p>En audiencia, el Agente del Ministerio P\u00fablico present\u00f3 datos probatorios por el delito de violaci\u00f3n equiparada, y obtuvo la vinculaci\u00f3n a proceso de Bruno N. a quien el Juez de Control le impuso la medida cautelar de prisi\u00f3n preventiva oficiosa.<\/p>\n","protected":false},"excerpt":{"rendered":"<p>San Andr\u00e9s Cholula, Pue.- La Fiscal\u00eda General del Estado de Puebla aprehendi\u00f3 y obtuvo la vinculaci\u00f3n a proceso de Bruno N. de 27 a\u00f1os, investigado por el delito de violaci\u00f3n equiparada presuntamente cometido en agravio de su sobrina de 12 a\u00f1os de edad, reportada como no localizada. VIDEO Hasta en el campo asaltan a campesinos&#8230;<\/p>\n","protected":false},"author":15,"featured_media":12301,"comment_status":"open","ping_status":"open","sticky":false,"template":"","format":"standard","meta":[],"categories":[15],"tags":[237,167],"yoast_head":"<!-- This site is optimized with the Yoast SEO plugin v20.8 - https:\/\/yoast.com\/wordpress\/plugins\/seo\/ -->\n<title>Bruno rapt\u00f3 y viol\u00f3 a su sobrina de 12 a\u00f1os en San Andr\u00e9s Cholula - The Puebla Times<\/title>\n<meta name=\"robots\" content=\"index, follow, max-snippet:-1, max-image-preview:large, max-video-preview:-1\" \/>\n<link rel=\"canonical\" href=\"https:\/\/thepueblatimes.mx\/index.php\/2021\/04\/01\/bruno-rapto-y-violo-a-su-sobrina-de-12-anos-en-san-andres-cholula\/\" \/>\n<meta property=\"og:locale\" content=\"es_ES\" \/>\n<meta property=\"og:type\" content=\"article\" \/>\n<meta property=\"og:title\" content=\"Bruno rapt\u00f3 y viol\u00f3 a su sobrina de 12 a\u00f1os en San Andr\u00e9s Cholula - The Puebla Times\" \/>\n<meta property=\"og:description\" content=\"San Andr\u00e9s Cholula, Pue.- La Fiscal\u00eda General del Estado de Puebla aprehendi\u00f3 y obtuvo la vinculaci\u00f3n a proceso de Bruno N. de 27 a\u00f1os, investigado por el delito de violaci\u00f3n equiparada presuntamente cometido en agravio de su sobrina de 12 a\u00f1os de edad, reportada como no localizada. VIDEO Hasta en el campo asaltan a campesinos...\" \/>\n<meta property=\"og:url\" content=\"https:\/\/thepueblatimes.mx\/index.php\/2021\/04\/01\/bruno-rapto-y-violo-a-su-sobrina-de-12-anos-en-san-andres-cholula\/\" \/>\n<meta property=\"og:site_name\" content=\"The Puebla Times\" \/>\n<meta property=\"article:published_time\" content=\"2021-04-01T17:24:21+00:00\" \/>\n<meta property=\"og:image\" content=\"https:\/\/thepueblatimes.mx\/wp-content\/uploads\/2021\/04\/74D62FB3-90EA-4E4C-B7D0-2FCE45D5CBCD.jpeg\" \/>\n\t<meta property=\"og:image:width\" content=\"1920\" \/>\n\t<meta property=\"og:image:height\" content=\"1080\" \/>\n\t<meta property=\"og:image:type\" content=\"image\/jpeg\" \/>\n<meta name=\"author\" content=\"Francisco S\u00e1nchez Nolasco\" \/>\n<meta name=\"twitter:card\" content=\"summary_large_image\" \/>\n<meta name=\"twitter:label1\" content=\"Escrito por\" \/>\n\t<meta name=\"twitter:data1\" content=\"Francisco S\u00e1nchez Nolasco\" \/>\n\t<meta name=\"twitter:label2\" content=\"Tiempo de lectura\" \/>\n\t<meta name=\"twitter:data2\" content=\"1 minuto\" \/>\n<script type=\"application\/ld+json\" class=\"yoast-schema-graph\">{\"@context\":\"https:\/\/schema.org\",\"@graph\":[{\"@type\":\"WebPage\",\"@id\":\"https:\/\/thepueblatimes.mx\/index.php\/2021\/04\/01\/bruno-rapto-y-violo-a-su-sobrina-de-12-anos-en-san-andres-cholula\/\",\"url\":\"https:\/\/thepueblatimes.mx\/index.php\/2021\/04\/01\/bruno-rapto-y-violo-a-su-sobrina-de-12-anos-en-san-andres-cholula\/\",\"name\":\"Bruno rapt\u00f3 y viol\u00f3 a su sobrina de 12 a\u00f1os en San Andr\u00e9s Cholula - The Puebla Times\",\"isPartOf\":{\"@id\":\"https:\/\/thepueblatimes.mx\/#website\"},\"datePublished\":\"2021-04-01T17:24:21+00:00\",\"dateModified\":\"2021-04-01T17:24:21+00:00\",\"author\":{\"@id\":\"https:\/\/thepueblatimes.mx\/#\/schema\/person\/7bdf2adbc50078b104bba72b5612f774\"},\"breadcrumb\":{\"@id\":\"https:\/\/thepueblatimes.mx\/index.php\/2021\/04\/01\/bruno-rapto-y-violo-a-su-sobrina-de-12-anos-en-san-andres-cholula\/#breadcrumb\"},\"inLanguage\":\"es\",\"potentialAction\":[{\"@type\":\"ReadAction\",\"target\":[\"https:\/\/thepueblatimes.mx\/index.php\/2021\/04\/01\/bruno-rapto-y-violo-a-su-sobrina-de-12-anos-en-san-andres-cholula\/\"]}]},{\"@type\":\"BreadcrumbList\",\"@id\":\"https:\/\/thepueblatimes.mx\/index.php\/2021\/04\/01\/bruno-rapto-y-violo-a-su-sobrina-de-12-anos-en-san-andres-cholula\/#breadcrumb\",\"itemListElement\":[{\"@type\":\"ListItem\",\"position\":1,\"name\":\"Portada\",\"item\":\"https:\/\/thepueblatimes.mx\/\"},{\"@type\":\"ListItem\",\"position\":2,\"name\":\"Bruno rapt\u00f3 y viol\u00f3 a su sobrina de 12 a\u00f1os en San Andr\u00e9s Cholula\"}]},{\"@type\":\"WebSite\",\"@id\":\"https:\/\/thepueblatimes.mx\/#website\",\"url\":\"https:\/\/thepueblatimes.mx\/\",\"name\":\"The Puebla Times\",\"description\":\"Noticias del Estado de Puebla\",\"potentialAction\":[{\"@type\":\"SearchAction\",\"target\":{\"@type\":\"EntryPoint\",\"urlTemplate\":\"https:\/\/thepueblatimes.mx\/?s={search_term_string}\"},\"query-input\":\"required name=search_term_string\"}],\"inLanguage\":\"es\"},{\"@type\":\"Person\",\"@id\":\"https:\/\/thepueblatimes.mx\/#\/schema\/person\/7bdf2adbc50078b104bba72b5612f774\",\"name\":\"Francisco S\u00e1nchez Nolasco\",\"image\":{\"@type\":\"ImageObject\",\"inLanguage\":\"es\",\"@id\":\"https:\/\/thepueblatimes.mx\/#\/schema\/person\/image\/\",\"url\":\"https:\/\/secure.gravatar.com\/avatar\/6061d7d20b38bc2742a5218401b198d2?s=96&d=mm&r=g\",\"contentUrl\":\"https:\/\/secure.gravatar.com\/avatar\/6061d7d20b38bc2742a5218401b198d2?s=96&d=mm&r=g\",\"caption\":\"Francisco S\u00e1nchez Nolasco\"},\"url\":\"https:\/\/thepueblatimes.mx\/index.php\/author\/marianitha-reyes\/\"}]}<\/script>\n<!-- \/ Yoast SEO plugin. -->","yoast_head_json":{"title":"Bruno rapt\u00f3 y viol\u00f3 a su sobrina de 12 a\u00f1os en San Andr\u00e9s Cholula - The Puebla Times","robots":{"index":"index","follow":"follow","max-snippet":"max-snippet:-1","max-image-preview":"max-image-preview:large","max-video-preview":"max-video-preview:-1"},"canonical":"https:\/\/thepueblatimes.mx\/index.php\/2021\/04\/01\/bruno-rapto-y-violo-a-su-sobrina-de-12-anos-en-san-andres-cholula\/","og_locale":"es_ES","og_type":"article","og_title":"Bruno rapt\u00f3 y viol\u00f3 a su sobrina de 12 a\u00f1os en San Andr\u00e9s Cholula - The Puebla Times","og_description":"San Andr\u00e9s Cholula, Pue.- La Fiscal\u00eda General del Estado de Puebla aprehendi\u00f3 y obtuvo la vinculaci\u00f3n a proceso de Bruno N. de 27 a\u00f1os, investigado por el delito de violaci\u00f3n equiparada presuntamente cometido en agravio de su sobrina de 12 a\u00f1os de edad, reportada como no localizada. VIDEO Hasta en el campo asaltan a campesinos...","og_url":"https:\/\/thepueblatimes.mx\/index.php\/2021\/04\/01\/bruno-rapto-y-violo-a-su-sobrina-de-12-anos-en-san-andres-cholula\/","og_site_name":"The Puebla Times","article_published_time":"2021-04-01T17:24:21+00:00","og_image":[{"width":1920,"height":1080,"url":"https:\/\/thepueblatimes.mx\/wp-content\/uploads\/2021\/04\/74D62FB3-90EA-4E4C-B7D0-2FCE45D5CBCD.jpeg","type":"image\/jpeg"}],"author":"Francisco S\u00e1nchez Nolasco","twitter_card":"summary_large_image","twitter_misc":{"Escrito por":"Francisco S\u00e1nchez Nolasco","Tiempo de lectura":"1 minuto"},"schema":{"@context":"https:\/\/schema.org","@graph":[{"@type":"WebPage","@id":"https:\/\/thepueblatimes.mx\/index.php\/2021\/04\/01\/bruno-rapto-y-violo-a-su-sobrina-de-12-anos-en-san-andres-cholula\/","url":"https:\/\/thepueblatimes.mx\/index.php\/2021\/04\/01\/bruno-rapto-y-violo-a-su-sobrina-de-12-anos-en-san-andres-cholula\/","name":"Bruno rapt\u00f3 y viol\u00f3 a su sobrina de 12 a\u00f1os en San Andr\u00e9s Cholula - The Puebla Times","isPartOf":{"@id":"https:\/\/thepueblatimes.mx\/#website"},"datePublished":"2021-04-01T17:24:21+00:00","dateModified":"2021-04-01T17:24:21+00:00","author":{"@id":"https:\/\/thepueblatimes.mx\/#\/schema\/person\/7bdf2adbc50078b104bba72b5612f774"},"breadcrumb":{"@id":"https:\/\/thepueblatimes.mx\/index.php\/2021\/04\/01\/bruno-rapto-y-violo-a-su-sobrina-de-12-anos-en-san-andres-cholula\/#breadcrumb"},"inLanguage":"es","potentialAction":[{"@type":"ReadAction","target":["https:\/\/thepueblatimes.mx\/index.php\/2021\/04\/01\/bruno-rapto-y-violo-a-su-sobrina-de-12-anos-en-san-andres-cholula\/"]}]},{"@type":"BreadcrumbList","@id":"https:\/\/thepueblatimes.mx\/index.php\/2021\/04\/01\/bruno-rapto-y-violo-a-su-sobrina-de-12-anos-en-san-andres-cholula\/#breadcrumb","itemListElement":[{"@type":"ListItem","position":1,"name":"Portada","item":"https:\/\/thepueblatimes.mx\/"},{"@type":"ListItem","position":2,"name":"Bruno rapt\u00f3 y viol\u00f3 a su sobrina de 12 a\u00f1os en San Andr\u00e9s Cholula"}]},{"@type":"WebSite","@id":"https:\/\/thepueblatimes.mx\/#website","url":"https:\/\/thepueblatimes.mx\/","name":"The Puebla Times","description":"Noticias del Estado de Puebla","potentialAction":[{"@type":"SearchAction","target":{"@type":"EntryPoint","urlTemplate":"https:\/\/thepueblatimes.mx\/?s={search_term_string}"},"query-input":"required name=search_term_string"}],"inLanguage":"es"},{"@type":"Person","@id":"https:\/\/thepueblatimes.mx\/#\/schema\/person\/7bdf2adbc50078b104bba72b5612f774","name":"Francisco S\u00e1nchez Nolasco","image":{"@type":"ImageObject","inLanguage":"es","@id":"https:\/\/thepueblatimes.mx\/#\/schema\/person\/image\/","url":"https:\/\/secure.gravatar.com\/avatar\/6061d7d20b38bc2742a5218401b198d2?s=96&d=mm&r=g","contentUrl":"https:\/\/secure.gravatar.com\/avatar\/6061d7d20b38bc2742a5218401b198d2?s=96&d=mm&r=g","caption":"Francisco S\u00e1nchez Nolasco"},"url":"https:\/\/thepueblatimes.mx\/index.php\/author\/marianitha-reyes\/"}]}},"jetpack_featured_media_url":"https:\/\/thepueblatimes.mx\/wp-content\/uploads\/2021\/04\/74D62FB3-90EA-4E4C-B7D0-2FCE45D5CBCD.jpeg","_links":{"self":[{"href":"https:\/\/thepueblatimes.mx\/index.php\/wp-json\/wp\/v2\/posts\/12300"}],"collection":[{"href":"https:\/\/thepueblatimes.mx\/index.php\/wp-json\/wp\/v2\/posts"}],"about":[{"href":"https:\/\/thepueblatimes.mx\/index.php\/wp-json\/wp\/v2\/types\/post"}],"author":[{"embeddable":true,"href":"https:\/\/thepueblatimes.mx\/index.php\/wp-json\/wp\/v2\/users\/15"}],"replies":[{"embeddable":true,"href":"https:\/\/thepueblatimes.mx\/index.php\/wp-json\/wp\/v2\/comments?post=12300"}],"version-history":[{"count":1,"href":"https:\/\/thepueblatimes.mx\/index.php\/wp-json\/wp\/v2\/posts\/12300\/revisions"}],"predecessor-version":[{"id":12302,"href":"https:\/\/thepueblatimes.mx\/index.php\/wp-json\/wp\/v2\/posts\/12300\/revisions\/12302"}],"wp:featuredmedia":[{"embeddable":true,"href":"https:\/\/thepueblatimes.mx\/index.php\/wp-json\/wp\/v2\/media\/12301"}],"wp:attachment":[{"href":"https:\/\/thepueblatimes.mx\/index.php\/wp-json\/wp\/v2\/media?parent=12300"}],"wp:term":[{"taxonomy":"category","embeddable":true,"href":"https:\/\/thepueblatimes.mx\/index.php\/wp-json\/wp\/v2\/categories?post=12300"},{"taxonomy":"post_tag","embeddable":true,"href":"https:\/\/thepueblatimes.mx\/index.php\/wp-json\/wp\/v2\/tags?post=12300"}],"curies":[{"name":"wp","href":"https:\/\/api.w.org\/{rel}","templated":true}]}}