{"id":12291,"date":"2021-03-31T23:36:35","date_gmt":"2021-04-01T05:36:35","guid":{"rendered":"https:\/\/thepueblatimes.mx\/?p=12291"},"modified":"2021-03-31T23:36:35","modified_gmt":"2021-04-01T05:36:35","slug":"encuentran-cuerpo-calcinado-en-limites-de-atlixco-y-tianguismanalco","status":"publish","type":"post","link":"https:\/\/thepueblatimes.mx\/index.php\/2021\/03\/31\/encuentran-cuerpo-calcinado-en-limites-de-atlixco-y-tianguismanalco\/","title":{"rendered":"Encuentran cuerpo calcinado en l\u00edmites de Atlixco y Tianguismanalco"},"content":{"rendered":"<p>Atlixco, Pue. <strong>Un cuerpo calcinado fue descubierto en la zona del ONVI, en los l\u00edmites de los municipios de Atlixco y San Juan Tianguismanalco,<\/strong> confirmaron las autoridades.<\/p>\n<p>En un primer momento se habl\u00f3 de tres cad\u00e1veres, pero finalmente los encargados de las investigaciones dejaron en claro s\u00f3lo es uno.<\/p>\n<p><strong>Testigos y lugare\u00f1os se\u00f1alaron que desde la noche del 30 de marzo descubrieron un auto particular sospechoso en la zona el cual podr\u00eda estar involucrado. No hay m\u00e1s detalles del coche.<\/strong><\/p>\n<p>Las autoridades locales indicaron que recibieron un reporte al 911 informando el hallazgo de una persona sin vida y calcinado en un paraje ubicado en Carretera a San Baltazar Atlimeyaya a la altura de Lomas de Metepec:<\/p>\n<p>La Polic\u00eda Municipal acudi\u00f3 al lugar como primer respondiente. Ah\u00ed personal de la Cruz Roja Mexicana confirm\u00f3 que la persona ya no contaba con signos vitales.<\/p>\n<p>Vecinos manifestaron que la noche del martes 30 de marzo se percataron de la presencia de un veh\u00edculo con dos sujetos a bordo estacionados poco antes de llegar al lugar conocido como el OVNI.<\/p>\n<p>Aparentemente esa unidad proven\u00eda del municipio de San Juan Tianguismanalco.<\/p>\n<p>Durante la madrugada de este d\u00eda escucharon detonaciones de arma de fuego en esa zona y observaron huir un autom\u00f3vil blanco con sentido al municipio de San Juan Tianguismanalco.<\/p>\n<p>A las 14:15 horas arribaron polic\u00edas para realizar las diligencias correspondientes para el levantamiento de cad\u00e1ver.<\/p>\n","protected":false},"excerpt":{"rendered":"<p>Atlixco, Pue. Un cuerpo calcinado fue descubierto en la zona del ONVI, en los l\u00edmites de los municipios de Atlixco y San Juan Tianguismanalco, confirmaron las autoridades. En un primer momento se habl\u00f3 de tres cad\u00e1veres, pero finalmente los encargados de las investigaciones dejaron en claro s\u00f3lo es uno. Testigos y lugare\u00f1os se\u00f1alaron que desde&#8230;<\/p>\n","protected":false},"author":15,"featured_media":12292,"comment_status":"open","ping_status":"open","sticky":false,"template":"","format":"standard","meta":[],"categories":[14],"tags":[45,180],"yoast_head":"<!-- This site is optimized with the Yoast SEO plugin v20.8 - https:\/\/yoast.com\/wordpress\/plugins\/seo\/ -->\n<title>Encuentran cuerpo calcinado en l\u00edmites de Atlixco y Tianguismanalco - The Puebla Times<\/title>\n<meta name=\"robots\" content=\"index, follow, max-snippet:-1, max-image-preview:large, max-video-preview:-1\" \/>\n<link rel=\"canonical\" href=\"https:\/\/thepueblatimes.mx\/index.php\/2021\/03\/31\/encuentran-cuerpo-calcinado-en-limites-de-atlixco-y-tianguismanalco\/\" \/>\n<meta property=\"og:locale\" content=\"es_ES\" \/>\n<meta property=\"og:type\" content=\"article\" \/>\n<meta property=\"og:title\" content=\"Encuentran cuerpo calcinado en l\u00edmites de Atlixco y Tianguismanalco - The Puebla Times\" \/>\n<meta property=\"og:description\" content=\"Atlixco, Pue. Un cuerpo calcinado fue descubierto en la zona del ONVI, en los l\u00edmites de los municipios de Atlixco y San Juan Tianguismanalco, confirmaron las autoridades. En un primer momento se habl\u00f3 de tres cad\u00e1veres, pero finalmente los encargados de las investigaciones dejaron en claro s\u00f3lo es uno. Testigos y lugare\u00f1os se\u00f1alaron que desde...\" \/>\n<meta property=\"og:url\" content=\"https:\/\/thepueblatimes.mx\/index.php\/2021\/03\/31\/encuentran-cuerpo-calcinado-en-limites-de-atlixco-y-tianguismanalco\/\" \/>\n<meta property=\"og:site_name\" content=\"The Puebla Times\" \/>\n<meta property=\"article:published_time\" content=\"2021-04-01T05:36:35+00:00\" \/>\n<meta property=\"og:image\" content=\"https:\/\/thepueblatimes.mx\/wp-content\/uploads\/2021\/03\/54F7002A-799A-42FC-A1C2-C4859C1A3474.jpeg\" \/>\n\t<meta property=\"og:image:width\" content=\"650\" \/>\n\t<meta property=\"og:image:height\" content=\"481\" \/>\n\t<meta property=\"og:image:type\" content=\"image\/jpeg\" \/>\n<meta name=\"author\" content=\"Francisco S\u00e1nchez Nolasco\" \/>\n<meta name=\"twitter:card\" content=\"summary_large_image\" \/>\n<meta name=\"twitter:label1\" content=\"Escrito por\" \/>\n\t<meta name=\"twitter:data1\" content=\"Francisco S\u00e1nchez Nolasco\" \/>\n\t<meta name=\"twitter:label2\" content=\"Tiempo de lectura\" \/>\n\t<meta name=\"twitter:data2\" content=\"1 minuto\" \/>\n<script type=\"application\/ld+json\" class=\"yoast-schema-graph\">{\"@context\":\"https:\/\/schema.org\",\"@graph\":[{\"@type\":\"WebPage\",\"@id\":\"https:\/\/thepueblatimes.mx\/index.php\/2021\/03\/31\/encuentran-cuerpo-calcinado-en-limites-de-atlixco-y-tianguismanalco\/\",\"url\":\"https:\/\/thepueblatimes.mx\/index.php\/2021\/03\/31\/encuentran-cuerpo-calcinado-en-limites-de-atlixco-y-tianguismanalco\/\",\"name\":\"Encuentran cuerpo calcinado en l\u00edmites de Atlixco y Tianguismanalco - The Puebla Times\",\"isPartOf\":{\"@id\":\"https:\/\/thepueblatimes.mx\/#website\"},\"datePublished\":\"2021-04-01T05:36:35+00:00\",\"dateModified\":\"2021-04-01T05:36:35+00:00\",\"author\":{\"@id\":\"https:\/\/thepueblatimes.mx\/#\/schema\/person\/7bdf2adbc50078b104bba72b5612f774\"},\"breadcrumb\":{\"@id\":\"https:\/\/thepueblatimes.mx\/index.php\/2021\/03\/31\/encuentran-cuerpo-calcinado-en-limites-de-atlixco-y-tianguismanalco\/#breadcrumb\"},\"inLanguage\":\"es\",\"potentialAction\":[{\"@type\":\"ReadAction\",\"target\":[\"https:\/\/thepueblatimes.mx\/index.php\/2021\/03\/31\/encuentran-cuerpo-calcinado-en-limites-de-atlixco-y-tianguismanalco\/\"]}]},{\"@type\":\"BreadcrumbList\",\"@id\":\"https:\/\/thepueblatimes.mx\/index.php\/2021\/03\/31\/encuentran-cuerpo-calcinado-en-limites-de-atlixco-y-tianguismanalco\/#breadcrumb\",\"itemListElement\":[{\"@type\":\"ListItem\",\"position\":1,\"name\":\"Portada\",\"item\":\"https:\/\/thepueblatimes.mx\/\"},{\"@type\":\"ListItem\",\"position\":2,\"name\":\"Encuentran cuerpo calcinado en l\u00edmites de Atlixco y Tianguismanalco\"}]},{\"@type\":\"WebSite\",\"@id\":\"https:\/\/thepueblatimes.mx\/#website\",\"url\":\"https:\/\/thepueblatimes.mx\/\",\"name\":\"The Puebla Times\",\"description\":\"Noticias del Estado de Puebla\",\"potentialAction\":[{\"@type\":\"SearchAction\",\"target\":{\"@type\":\"EntryPoint\",\"urlTemplate\":\"https:\/\/thepueblatimes.mx\/?s={search_term_string}\"},\"query-input\":\"required name=search_term_string\"}],\"inLanguage\":\"es\"},{\"@type\":\"Person\",\"@id\":\"https:\/\/thepueblatimes.mx\/#\/schema\/person\/7bdf2adbc50078b104bba72b5612f774\",\"name\":\"Francisco S\u00e1nchez Nolasco\",\"image\":{\"@type\":\"ImageObject\",\"inLanguage\":\"es\",\"@id\":\"https:\/\/thepueblatimes.mx\/#\/schema\/person\/image\/\",\"url\":\"https:\/\/secure.gravatar.com\/avatar\/6061d7d20b38bc2742a5218401b198d2?s=96&d=mm&r=g\",\"contentUrl\":\"https:\/\/secure.gravatar.com\/avatar\/6061d7d20b38bc2742a5218401b198d2?s=96&d=mm&r=g\",\"caption\":\"Francisco S\u00e1nchez Nolasco\"},\"url\":\"https:\/\/thepueblatimes.mx\/index.php\/author\/marianitha-reyes\/\"}]}<\/script>\n<!-- \/ Yoast SEO plugin. -->","yoast_head_json":{"title":"Encuentran cuerpo calcinado en l\u00edmites de Atlixco y Tianguismanalco - The Puebla Times","robots":{"index":"index","follow":"follow","max-snippet":"max-snippet:-1","max-image-preview":"max-image-preview:large","max-video-preview":"max-video-preview:-1"},"canonical":"https:\/\/thepueblatimes.mx\/index.php\/2021\/03\/31\/encuentran-cuerpo-calcinado-en-limites-de-atlixco-y-tianguismanalco\/","og_locale":"es_ES","og_type":"article","og_title":"Encuentran cuerpo calcinado en l\u00edmites de Atlixco y Tianguismanalco - The Puebla Times","og_description":"Atlixco, Pue. Un cuerpo calcinado fue descubierto en la zona del ONVI, en los l\u00edmites de los municipios de Atlixco y San Juan Tianguismanalco, confirmaron las autoridades. En un primer momento se habl\u00f3 de tres cad\u00e1veres, pero finalmente los encargados de las investigaciones dejaron en claro s\u00f3lo es uno. Testigos y lugare\u00f1os se\u00f1alaron que desde...","og_url":"https:\/\/thepueblatimes.mx\/index.php\/2021\/03\/31\/encuentran-cuerpo-calcinado-en-limites-de-atlixco-y-tianguismanalco\/","og_site_name":"The Puebla Times","article_published_time":"2021-04-01T05:36:35+00:00","og_image":[{"width":650,"height":481,"url":"https:\/\/thepueblatimes.mx\/wp-content\/uploads\/2021\/03\/54F7002A-799A-42FC-A1C2-C4859C1A3474.jpeg","type":"image\/jpeg"}],"author":"Francisco S\u00e1nchez Nolasco","twitter_card":"summary_large_image","twitter_misc":{"Escrito por":"Francisco S\u00e1nchez Nolasco","Tiempo de lectura":"1 minuto"},"schema":{"@context":"https:\/\/schema.org","@graph":[{"@type":"WebPage","@id":"https:\/\/thepueblatimes.mx\/index.php\/2021\/03\/31\/encuentran-cuerpo-calcinado-en-limites-de-atlixco-y-tianguismanalco\/","url":"https:\/\/thepueblatimes.mx\/index.php\/2021\/03\/31\/encuentran-cuerpo-calcinado-en-limites-de-atlixco-y-tianguismanalco\/","name":"Encuentran cuerpo calcinado en l\u00edmites de Atlixco y Tianguismanalco - The Puebla Times","isPartOf":{"@id":"https:\/\/thepueblatimes.mx\/#website"},"datePublished":"2021-04-01T05:36:35+00:00","dateModified":"2021-04-01T05:36:35+00:00","author":{"@id":"https:\/\/thepueblatimes.mx\/#\/schema\/person\/7bdf2adbc50078b104bba72b5612f774"},"breadcrumb":{"@id":"https:\/\/thepueblatimes.mx\/index.php\/2021\/03\/31\/encuentran-cuerpo-calcinado-en-limites-de-atlixco-y-tianguismanalco\/#breadcrumb"},"inLanguage":"es","potentialAction":[{"@type":"ReadAction","target":["https:\/\/thepueblatimes.mx\/index.php\/2021\/03\/31\/encuentran-cuerpo-calcinado-en-limites-de-atlixco-y-tianguismanalco\/"]}]},{"@type":"BreadcrumbList","@id":"https:\/\/thepueblatimes.mx\/index.php\/2021\/03\/31\/encuentran-cuerpo-calcinado-en-limites-de-atlixco-y-tianguismanalco\/#breadcrumb","itemListElement":[{"@type":"ListItem","position":1,"name":"Portada","item":"https:\/\/thepueblatimes.mx\/"},{"@type":"ListItem","position":2,"name":"Encuentran cuerpo calcinado en l\u00edmites de Atlixco y Tianguismanalco"}]},{"@type":"WebSite","@id":"https:\/\/thepueblatimes.mx\/#website","url":"https:\/\/thepueblatimes.mx\/","name":"The Puebla Times","description":"Noticias del Estado de Puebla","potentialAction":[{"@type":"SearchAction","target":{"@type":"EntryPoint","urlTemplate":"https:\/\/thepueblatimes.mx\/?s={search_term_string}"},"query-input":"required name=search_term_string"}],"inLanguage":"es"},{"@type":"Person","@id":"https:\/\/thepueblatimes.mx\/#\/schema\/person\/7bdf2adbc50078b104bba72b5612f774","name":"Francisco S\u00e1nchez Nolasco","image":{"@type":"ImageObject","inLanguage":"es","@id":"https:\/\/thepueblatimes.mx\/#\/schema\/person\/image\/","url":"https:\/\/secure.gravatar.com\/avatar\/6061d7d20b38bc2742a5218401b198d2?s=96&d=mm&r=g","contentUrl":"https:\/\/secure.gravatar.com\/avatar\/6061d7d20b38bc2742a5218401b198d2?s=96&d=mm&r=g","caption":"Francisco S\u00e1nchez Nolasco"},"url":"https:\/\/thepueblatimes.mx\/index.php\/author\/marianitha-reyes\/"}]}},"jetpack_featured_media_url":"https:\/\/thepueblatimes.mx\/wp-content\/uploads\/2021\/03\/54F7002A-799A-42FC-A1C2-C4859C1A3474.jpeg","_links":{"self":[{"href":"https:\/\/thepueblatimes.mx\/index.php\/wp-json\/wp\/v2\/posts\/12291"}],"collection":[{"href":"https:\/\/thepueblatimes.mx\/index.php\/wp-json\/wp\/v2\/posts"}],"about":[{"href":"https:\/\/thepueblatimes.mx\/index.php\/wp-json\/wp\/v2\/types\/post"}],"author":[{"embeddable":true,"href":"https:\/\/thepueblatimes.mx\/index.php\/wp-json\/wp\/v2\/users\/15"}],"replies":[{"embeddable":true,"href":"https:\/\/thepueblatimes.mx\/index.php\/wp-json\/wp\/v2\/comments?post=12291"}],"version-history":[{"count":1,"href":"https:\/\/thepueblatimes.mx\/index.php\/wp-json\/wp\/v2\/posts\/12291\/revisions"}],"predecessor-version":[{"id":12293,"href":"https:\/\/thepueblatimes.mx\/index.php\/wp-json\/wp\/v2\/posts\/12291\/revisions\/12293"}],"wp:featuredmedia":[{"embeddable":true,"href":"https:\/\/thepueblatimes.mx\/index.php\/wp-json\/wp\/v2\/media\/12292"}],"wp:attachment":[{"href":"https:\/\/thepueblatimes.mx\/index.php\/wp-json\/wp\/v2\/media?parent=12291"}],"wp:term":[{"taxonomy":"category","embeddable":true,"href":"https:\/\/thepueblatimes.mx\/index.php\/wp-json\/wp\/v2\/categories?post=12291"},{"taxonomy":"post_tag","embeddable":true,"href":"https:\/\/thepueblatimes.mx\/index.php\/wp-json\/wp\/v2\/tags?post=12291"}],"curies":[{"name":"wp","href":"https:\/\/api.w.org\/{rel}","templated":true}]}}