{"id":12185,"date":"2021-03-30T00:12:27","date_gmt":"2021-03-30T06:12:27","guid":{"rendered":"https:\/\/thepueblatimes.mx\/?p=12185"},"modified":"2021-03-30T00:12:27","modified_gmt":"2021-03-30T06:12:27","slug":"violo-a-su-hija-adolescente-en-tehuacan","status":"publish","type":"post","link":"https:\/\/thepueblatimes.mx\/index.php\/2021\/03\/30\/violo-a-su-hija-adolescente-en-tehuacan\/","title":{"rendered":"Viol\u00f3 a su hija adolescente en Tehuac\u00e1n"},"content":{"rendered":"<p style=\"text-align: left;\">Tehuac\u00e1n, Pue.- La Fiscal\u00eda General del Estado de Puebla obtuvo vinculaci\u00f3n a proceso contra <strong>Luis N. de 57 a\u00f1os de edad, por el delito de violaci\u00f3n equiparada agravada presuntamente cometido contra su hija menor de edad.<\/strong><\/p>\n<p>El imputado fue aprehendido por elementos de la Agencia Estatal de Investigaci\u00f3n el <strong>19 de marzo de 2021 en el Fraccionamiento Agua Blanca del municipio de Tehuac\u00e1n<\/strong>, derivado de una denuncia presentada en su contra.<\/p>\n<p>De acuerdo con la Carpeta de Investigaci\u00f3n, <strong>Luis N. violent\u00f3 sexualmente a su hija de 13 a\u00f1os de edad, el 24 de marzo de 2019 cuando ambos se encontraban solos en su domicilio de la colonia M\u00e9xico en el municipio de Tehuac\u00e1n.<\/strong><\/p>\n<p>En audiencia, la Fiscal\u00eda Especializada en Investigaci\u00f3n de Delitos de Violencia de G\u00e9nero contra las Mujeres aport\u00f3 elementos de prueba con los que consigui\u00f3 que Luis N.<strong>fuera vinculado a proceso<\/strong>.<\/p>\n<p>Por el delito de<strong> violaci\u00f3n equiparada agravada <\/strong>el Juez de Control le dict\u00f3 como medida cautelar prisi\u00f3n preventiva oficiosa.<\/p>\n","protected":false},"excerpt":{"rendered":"<p>Tehuac\u00e1n, Pue.- La Fiscal\u00eda General del Estado de Puebla obtuvo vinculaci\u00f3n a proceso contra Luis N. de 57 a\u00f1os de edad, por el delito de violaci\u00f3n equiparada agravada presuntamente cometido contra su hija menor de edad. El imputado fue aprehendido por elementos de la Agencia Estatal de Investigaci\u00f3n el 19 de marzo de 2021 en&#8230;<\/p>\n","protected":false},"author":15,"featured_media":12186,"comment_status":"open","ping_status":"open","sticky":false,"template":"","format":"standard","meta":[],"categories":[33],"tags":[193,167],"yoast_head":"<!-- This site is optimized with the Yoast SEO plugin v20.8 - https:\/\/yoast.com\/wordpress\/plugins\/seo\/ -->\n<title>Viol\u00f3 a su hija adolescente en Tehuac\u00e1n - The Puebla Times<\/title>\n<meta name=\"robots\" content=\"index, follow, max-snippet:-1, max-image-preview:large, max-video-preview:-1\" \/>\n<link rel=\"canonical\" href=\"https:\/\/thepueblatimes.mx\/index.php\/2021\/03\/30\/violo-a-su-hija-adolescente-en-tehuacan\/\" \/>\n<meta property=\"og:locale\" content=\"es_ES\" \/>\n<meta property=\"og:type\" content=\"article\" \/>\n<meta property=\"og:title\" content=\"Viol\u00f3 a su hija adolescente en Tehuac\u00e1n - The Puebla Times\" \/>\n<meta property=\"og:description\" content=\"Tehuac\u00e1n, Pue.- La Fiscal\u00eda General del Estado de Puebla obtuvo vinculaci\u00f3n a proceso contra Luis N. de 57 a\u00f1os de edad, por el delito de violaci\u00f3n equiparada agravada presuntamente cometido contra su hija menor de edad. El imputado fue aprehendido por elementos de la Agencia Estatal de Investigaci\u00f3n el 19 de marzo de 2021 en...\" \/>\n<meta property=\"og:url\" content=\"https:\/\/thepueblatimes.mx\/index.php\/2021\/03\/30\/violo-a-su-hija-adolescente-en-tehuacan\/\" \/>\n<meta property=\"og:site_name\" content=\"The Puebla Times\" \/>\n<meta property=\"article:published_time\" content=\"2021-03-30T06:12:27+00:00\" \/>\n<meta property=\"og:image\" content=\"https:\/\/thepueblatimes.mx\/wp-content\/uploads\/2021\/03\/8B1EF8DA-3D39-4B28-BA9B-77CCCF2BB084.jpeg\" \/>\n\t<meta property=\"og:image:width\" content=\"1084\" \/>\n\t<meta property=\"og:image:height\" content=\"610\" \/>\n\t<meta property=\"og:image:type\" content=\"image\/jpeg\" \/>\n<meta name=\"author\" content=\"Francisco S\u00e1nchez Nolasco\" \/>\n<meta name=\"twitter:card\" content=\"summary_large_image\" \/>\n<meta name=\"twitter:label1\" content=\"Escrito por\" \/>\n\t<meta name=\"twitter:data1\" content=\"Francisco S\u00e1nchez Nolasco\" \/>\n\t<meta name=\"twitter:label2\" content=\"Tiempo de lectura\" \/>\n\t<meta name=\"twitter:data2\" content=\"1 minuto\" \/>\n<script type=\"application\/ld+json\" class=\"yoast-schema-graph\">{\"@context\":\"https:\/\/schema.org\",\"@graph\":[{\"@type\":\"WebPage\",\"@id\":\"https:\/\/thepueblatimes.mx\/index.php\/2021\/03\/30\/violo-a-su-hija-adolescente-en-tehuacan\/\",\"url\":\"https:\/\/thepueblatimes.mx\/index.php\/2021\/03\/30\/violo-a-su-hija-adolescente-en-tehuacan\/\",\"name\":\"Viol\u00f3 a su hija adolescente en Tehuac\u00e1n - The Puebla Times\",\"isPartOf\":{\"@id\":\"https:\/\/thepueblatimes.mx\/#website\"},\"datePublished\":\"2021-03-30T06:12:27+00:00\",\"dateModified\":\"2021-03-30T06:12:27+00:00\",\"author\":{\"@id\":\"https:\/\/thepueblatimes.mx\/#\/schema\/person\/7bdf2adbc50078b104bba72b5612f774\"},\"breadcrumb\":{\"@id\":\"https:\/\/thepueblatimes.mx\/index.php\/2021\/03\/30\/violo-a-su-hija-adolescente-en-tehuacan\/#breadcrumb\"},\"inLanguage\":\"es\",\"potentialAction\":[{\"@type\":\"ReadAction\",\"target\":[\"https:\/\/thepueblatimes.mx\/index.php\/2021\/03\/30\/violo-a-su-hija-adolescente-en-tehuacan\/\"]}]},{\"@type\":\"BreadcrumbList\",\"@id\":\"https:\/\/thepueblatimes.mx\/index.php\/2021\/03\/30\/violo-a-su-hija-adolescente-en-tehuacan\/#breadcrumb\",\"itemListElement\":[{\"@type\":\"ListItem\",\"position\":1,\"name\":\"Portada\",\"item\":\"https:\/\/thepueblatimes.mx\/\"},{\"@type\":\"ListItem\",\"position\":2,\"name\":\"Viol\u00f3 a su hija adolescente en Tehuac\u00e1n\"}]},{\"@type\":\"WebSite\",\"@id\":\"https:\/\/thepueblatimes.mx\/#website\",\"url\":\"https:\/\/thepueblatimes.mx\/\",\"name\":\"The Puebla Times\",\"description\":\"Noticias del Estado de Puebla\",\"potentialAction\":[{\"@type\":\"SearchAction\",\"target\":{\"@type\":\"EntryPoint\",\"urlTemplate\":\"https:\/\/thepueblatimes.mx\/?s={search_term_string}\"},\"query-input\":\"required name=search_term_string\"}],\"inLanguage\":\"es\"},{\"@type\":\"Person\",\"@id\":\"https:\/\/thepueblatimes.mx\/#\/schema\/person\/7bdf2adbc50078b104bba72b5612f774\",\"name\":\"Francisco S\u00e1nchez Nolasco\",\"image\":{\"@type\":\"ImageObject\",\"inLanguage\":\"es\",\"@id\":\"https:\/\/thepueblatimes.mx\/#\/schema\/person\/image\/\",\"url\":\"https:\/\/secure.gravatar.com\/avatar\/6061d7d20b38bc2742a5218401b198d2?s=96&d=mm&r=g\",\"contentUrl\":\"https:\/\/secure.gravatar.com\/avatar\/6061d7d20b38bc2742a5218401b198d2?s=96&d=mm&r=g\",\"caption\":\"Francisco S\u00e1nchez Nolasco\"},\"url\":\"https:\/\/thepueblatimes.mx\/index.php\/author\/marianitha-reyes\/\"}]}<\/script>\n<!-- \/ Yoast SEO plugin. -->","yoast_head_json":{"title":"Viol\u00f3 a su hija adolescente en Tehuac\u00e1n - The Puebla Times","robots":{"index":"index","follow":"follow","max-snippet":"max-snippet:-1","max-image-preview":"max-image-preview:large","max-video-preview":"max-video-preview:-1"},"canonical":"https:\/\/thepueblatimes.mx\/index.php\/2021\/03\/30\/violo-a-su-hija-adolescente-en-tehuacan\/","og_locale":"es_ES","og_type":"article","og_title":"Viol\u00f3 a su hija adolescente en Tehuac\u00e1n - The Puebla Times","og_description":"Tehuac\u00e1n, Pue.- La Fiscal\u00eda General del Estado de Puebla obtuvo vinculaci\u00f3n a proceso contra Luis N. de 57 a\u00f1os de edad, por el delito de violaci\u00f3n equiparada agravada presuntamente cometido contra su hija menor de edad. El imputado fue aprehendido por elementos de la Agencia Estatal de Investigaci\u00f3n el 19 de marzo de 2021 en...","og_url":"https:\/\/thepueblatimes.mx\/index.php\/2021\/03\/30\/violo-a-su-hija-adolescente-en-tehuacan\/","og_site_name":"The Puebla Times","article_published_time":"2021-03-30T06:12:27+00:00","og_image":[{"width":1084,"height":610,"url":"https:\/\/thepueblatimes.mx\/wp-content\/uploads\/2021\/03\/8B1EF8DA-3D39-4B28-BA9B-77CCCF2BB084.jpeg","type":"image\/jpeg"}],"author":"Francisco S\u00e1nchez Nolasco","twitter_card":"summary_large_image","twitter_misc":{"Escrito por":"Francisco S\u00e1nchez Nolasco","Tiempo de lectura":"1 minuto"},"schema":{"@context":"https:\/\/schema.org","@graph":[{"@type":"WebPage","@id":"https:\/\/thepueblatimes.mx\/index.php\/2021\/03\/30\/violo-a-su-hija-adolescente-en-tehuacan\/","url":"https:\/\/thepueblatimes.mx\/index.php\/2021\/03\/30\/violo-a-su-hija-adolescente-en-tehuacan\/","name":"Viol\u00f3 a su hija adolescente en Tehuac\u00e1n - The Puebla Times","isPartOf":{"@id":"https:\/\/thepueblatimes.mx\/#website"},"datePublished":"2021-03-30T06:12:27+00:00","dateModified":"2021-03-30T06:12:27+00:00","author":{"@id":"https:\/\/thepueblatimes.mx\/#\/schema\/person\/7bdf2adbc50078b104bba72b5612f774"},"breadcrumb":{"@id":"https:\/\/thepueblatimes.mx\/index.php\/2021\/03\/30\/violo-a-su-hija-adolescente-en-tehuacan\/#breadcrumb"},"inLanguage":"es","potentialAction":[{"@type":"ReadAction","target":["https:\/\/thepueblatimes.mx\/index.php\/2021\/03\/30\/violo-a-su-hija-adolescente-en-tehuacan\/"]}]},{"@type":"BreadcrumbList","@id":"https:\/\/thepueblatimes.mx\/index.php\/2021\/03\/30\/violo-a-su-hija-adolescente-en-tehuacan\/#breadcrumb","itemListElement":[{"@type":"ListItem","position":1,"name":"Portada","item":"https:\/\/thepueblatimes.mx\/"},{"@type":"ListItem","position":2,"name":"Viol\u00f3 a su hija adolescente en Tehuac\u00e1n"}]},{"@type":"WebSite","@id":"https:\/\/thepueblatimes.mx\/#website","url":"https:\/\/thepueblatimes.mx\/","name":"The Puebla Times","description":"Noticias del Estado de Puebla","potentialAction":[{"@type":"SearchAction","target":{"@type":"EntryPoint","urlTemplate":"https:\/\/thepueblatimes.mx\/?s={search_term_string}"},"query-input":"required name=search_term_string"}],"inLanguage":"es"},{"@type":"Person","@id":"https:\/\/thepueblatimes.mx\/#\/schema\/person\/7bdf2adbc50078b104bba72b5612f774","name":"Francisco S\u00e1nchez Nolasco","image":{"@type":"ImageObject","inLanguage":"es","@id":"https:\/\/thepueblatimes.mx\/#\/schema\/person\/image\/","url":"https:\/\/secure.gravatar.com\/avatar\/6061d7d20b38bc2742a5218401b198d2?s=96&d=mm&r=g","contentUrl":"https:\/\/secure.gravatar.com\/avatar\/6061d7d20b38bc2742a5218401b198d2?s=96&d=mm&r=g","caption":"Francisco S\u00e1nchez Nolasco"},"url":"https:\/\/thepueblatimes.mx\/index.php\/author\/marianitha-reyes\/"}]}},"jetpack_featured_media_url":"https:\/\/thepueblatimes.mx\/wp-content\/uploads\/2021\/03\/8B1EF8DA-3D39-4B28-BA9B-77CCCF2BB084.jpeg","_links":{"self":[{"href":"https:\/\/thepueblatimes.mx\/index.php\/wp-json\/wp\/v2\/posts\/12185"}],"collection":[{"href":"https:\/\/thepueblatimes.mx\/index.php\/wp-json\/wp\/v2\/posts"}],"about":[{"href":"https:\/\/thepueblatimes.mx\/index.php\/wp-json\/wp\/v2\/types\/post"}],"author":[{"embeddable":true,"href":"https:\/\/thepueblatimes.mx\/index.php\/wp-json\/wp\/v2\/users\/15"}],"replies":[{"embeddable":true,"href":"https:\/\/thepueblatimes.mx\/index.php\/wp-json\/wp\/v2\/comments?post=12185"}],"version-history":[{"count":1,"href":"https:\/\/thepueblatimes.mx\/index.php\/wp-json\/wp\/v2\/posts\/12185\/revisions"}],"predecessor-version":[{"id":12187,"href":"https:\/\/thepueblatimes.mx\/index.php\/wp-json\/wp\/v2\/posts\/12185\/revisions\/12187"}],"wp:featuredmedia":[{"embeddable":true,"href":"https:\/\/thepueblatimes.mx\/index.php\/wp-json\/wp\/v2\/media\/12186"}],"wp:attachment":[{"href":"https:\/\/thepueblatimes.mx\/index.php\/wp-json\/wp\/v2\/media?parent=12185"}],"wp:term":[{"taxonomy":"category","embeddable":true,"href":"https:\/\/thepueblatimes.mx\/index.php\/wp-json\/wp\/v2\/categories?post=12185"},{"taxonomy":"post_tag","embeddable":true,"href":"https:\/\/thepueblatimes.mx\/index.php\/wp-json\/wp\/v2\/tags?post=12185"}],"curies":[{"name":"wp","href":"https:\/\/api.w.org\/{rel}","templated":true}]}}