{"id":11831,"date":"2021-03-20T00:02:48","date_gmt":"2021-03-20T06:02:48","guid":{"rendered":"https:\/\/thepueblatimes.mx\/?p=11831"},"modified":"2021-03-20T00:02:48","modified_gmt":"2021-03-20T06:02:48","slug":"violo-a-su-hija-en-la-casa-donde-vivian-los-monstruos-de-ecatepec","status":"publish","type":"post","link":"https:\/\/thepueblatimes.mx\/index.php\/2021\/03\/20\/violo-a-su-hija-en-la-casa-donde-vivian-los-monstruos-de-ecatepec\/","title":{"rendered":"Viol\u00f3 a su hija en la casa donde viv\u00edan Los Monstruos de Ecatepec"},"content":{"rendered":"<div class=\"row\">\n<div class=\"col-xs-12 col-sm-12 note-social-btns\">\n<p><strong>Un sexagenario fue acusado y detenido por la violaci\u00f3n de su hija en un domicilio de la colonia Jardines de Morelos Secci\u00f3n Playas, el mismo donde el \u201cMonstruo de Ecatepec\u201d cometi\u00f3 algunos de sus feminicidios.<\/strong><\/p>\n<p>A<\/p>\n<p>gentes de la Secretar\u00eda de Seguridad mexiquense \u00a0atendieron el reporte de una menor retenida contra su voluntad en una vivienda de la calle Playa Tijuana.<\/p>\n<p>En el lugar encontraron al var\u00f3n con la menor, que qued\u00f3 a resguardo de las autoridades en tanto se realizan las investigaciones.<\/p>\n<div class=\"row publi-cont\">\n<p>La detenci\u00f3n ocurri\u00f3 en el n\u00famero 163 de Playa de Tijuana, el mismo domicilio donde fueron capturados Juan Carlos y Patricia, \u201cLos Monstruos de Ecatepec\u201d, en octubre de 2018.<\/p>\n<p>Seg\u00fan las autoridades, en ese lugar se cometieron algunos de los m\u00e1s de 10 feminicidios por los que la pareja ha sido condenada a prisi\u00f3n vitalicia.<\/p>\n<\/div>\n<\/div>\n<\/div>\n","protected":false},"excerpt":{"rendered":"<p>Un sexagenario fue acusado y detenido por la violaci\u00f3n de su hija en un domicilio de la colonia Jardines de Morelos Secci\u00f3n Playas, el mismo donde el \u201cMonstruo de Ecatepec\u201d cometi\u00f3 algunos de sus feminicidios. A gentes de la Secretar\u00eda de Seguridad mexiquense \u00a0atendieron el reporte de una menor retenida contra su voluntad en una&#8230;<\/p>\n","protected":false},"author":15,"featured_media":11832,"comment_status":"open","ping_status":"open","sticky":false,"template":"","format":"standard","meta":[],"categories":[2],"tags":[191,167],"yoast_head":"<!-- This site is optimized with the Yoast SEO plugin v20.8 - https:\/\/yoast.com\/wordpress\/plugins\/seo\/ -->\n<title>Viol\u00f3 a su hija en la casa donde viv\u00edan Los Monstruos de Ecatepec - The Puebla Times<\/title>\n<meta name=\"robots\" content=\"index, follow, max-snippet:-1, max-image-preview:large, max-video-preview:-1\" \/>\n<link rel=\"canonical\" href=\"https:\/\/thepueblatimes.mx\/index.php\/2021\/03\/20\/violo-a-su-hija-en-la-casa-donde-vivian-los-monstruos-de-ecatepec\/\" \/>\n<meta property=\"og:locale\" content=\"es_ES\" \/>\n<meta property=\"og:type\" content=\"article\" \/>\n<meta property=\"og:title\" content=\"Viol\u00f3 a su hija en la casa donde viv\u00edan Los Monstruos de Ecatepec - The Puebla Times\" \/>\n<meta property=\"og:description\" content=\"Un sexagenario fue acusado y detenido por la violaci\u00f3n de su hija en un domicilio de la colonia Jardines de Morelos Secci\u00f3n Playas, el mismo donde el \u201cMonstruo de Ecatepec\u201d cometi\u00f3 algunos de sus feminicidios. A gentes de la Secretar\u00eda de Seguridad mexiquense \u00a0atendieron el reporte de una menor retenida contra su voluntad en una...\" \/>\n<meta property=\"og:url\" content=\"https:\/\/thepueblatimes.mx\/index.php\/2021\/03\/20\/violo-a-su-hija-en-la-casa-donde-vivian-los-monstruos-de-ecatepec\/\" \/>\n<meta property=\"og:site_name\" content=\"The Puebla Times\" \/>\n<meta property=\"article:published_time\" content=\"2021-03-20T06:02:48+00:00\" \/>\n<meta property=\"og:image\" content=\"https:\/\/thepueblatimes.mx\/wp-content\/uploads\/2021\/03\/07F69312-B94C-4A32-86A1-FD9C3B05E288.png\" \/>\n\t<meta property=\"og:image:width\" content=\"844\" \/>\n\t<meta property=\"og:image:height\" content=\"690\" \/>\n\t<meta property=\"og:image:type\" content=\"image\/png\" \/>\n<meta name=\"author\" content=\"Francisco S\u00e1nchez Nolasco\" \/>\n<meta name=\"twitter:card\" content=\"summary_large_image\" \/>\n<meta name=\"twitter:label1\" content=\"Escrito por\" \/>\n\t<meta name=\"twitter:data1\" content=\"Francisco S\u00e1nchez Nolasco\" \/>\n\t<meta name=\"twitter:label2\" content=\"Tiempo de lectura\" \/>\n\t<meta name=\"twitter:data2\" content=\"1 minuto\" \/>\n<script type=\"application\/ld+json\" class=\"yoast-schema-graph\">{\"@context\":\"https:\/\/schema.org\",\"@graph\":[{\"@type\":\"WebPage\",\"@id\":\"https:\/\/thepueblatimes.mx\/index.php\/2021\/03\/20\/violo-a-su-hija-en-la-casa-donde-vivian-los-monstruos-de-ecatepec\/\",\"url\":\"https:\/\/thepueblatimes.mx\/index.php\/2021\/03\/20\/violo-a-su-hija-en-la-casa-donde-vivian-los-monstruos-de-ecatepec\/\",\"name\":\"Viol\u00f3 a su hija en la casa donde viv\u00edan Los Monstruos de Ecatepec - The Puebla Times\",\"isPartOf\":{\"@id\":\"https:\/\/thepueblatimes.mx\/#website\"},\"datePublished\":\"2021-03-20T06:02:48+00:00\",\"dateModified\":\"2021-03-20T06:02:48+00:00\",\"author\":{\"@id\":\"https:\/\/thepueblatimes.mx\/#\/schema\/person\/7bdf2adbc50078b104bba72b5612f774\"},\"breadcrumb\":{\"@id\":\"https:\/\/thepueblatimes.mx\/index.php\/2021\/03\/20\/violo-a-su-hija-en-la-casa-donde-vivian-los-monstruos-de-ecatepec\/#breadcrumb\"},\"inLanguage\":\"es\",\"potentialAction\":[{\"@type\":\"ReadAction\",\"target\":[\"https:\/\/thepueblatimes.mx\/index.php\/2021\/03\/20\/violo-a-su-hija-en-la-casa-donde-vivian-los-monstruos-de-ecatepec\/\"]}]},{\"@type\":\"BreadcrumbList\",\"@id\":\"https:\/\/thepueblatimes.mx\/index.php\/2021\/03\/20\/violo-a-su-hija-en-la-casa-donde-vivian-los-monstruos-de-ecatepec\/#breadcrumb\",\"itemListElement\":[{\"@type\":\"ListItem\",\"position\":1,\"name\":\"Portada\",\"item\":\"https:\/\/thepueblatimes.mx\/\"},{\"@type\":\"ListItem\",\"position\":2,\"name\":\"Viol\u00f3 a su hija en la casa donde viv\u00edan Los Monstruos de Ecatepec\"}]},{\"@type\":\"WebSite\",\"@id\":\"https:\/\/thepueblatimes.mx\/#website\",\"url\":\"https:\/\/thepueblatimes.mx\/\",\"name\":\"The Puebla Times\",\"description\":\"Noticias del Estado de Puebla\",\"potentialAction\":[{\"@type\":\"SearchAction\",\"target\":{\"@type\":\"EntryPoint\",\"urlTemplate\":\"https:\/\/thepueblatimes.mx\/?s={search_term_string}\"},\"query-input\":\"required name=search_term_string\"}],\"inLanguage\":\"es\"},{\"@type\":\"Person\",\"@id\":\"https:\/\/thepueblatimes.mx\/#\/schema\/person\/7bdf2adbc50078b104bba72b5612f774\",\"name\":\"Francisco S\u00e1nchez Nolasco\",\"image\":{\"@type\":\"ImageObject\",\"inLanguage\":\"es\",\"@id\":\"https:\/\/thepueblatimes.mx\/#\/schema\/person\/image\/\",\"url\":\"https:\/\/secure.gravatar.com\/avatar\/6061d7d20b38bc2742a5218401b198d2?s=96&d=mm&r=g\",\"contentUrl\":\"https:\/\/secure.gravatar.com\/avatar\/6061d7d20b38bc2742a5218401b198d2?s=96&d=mm&r=g\",\"caption\":\"Francisco S\u00e1nchez Nolasco\"},\"url\":\"https:\/\/thepueblatimes.mx\/index.php\/author\/marianitha-reyes\/\"}]}<\/script>\n<!-- \/ Yoast SEO plugin. -->","yoast_head_json":{"title":"Viol\u00f3 a su hija en la casa donde viv\u00edan Los Monstruos de Ecatepec - The Puebla Times","robots":{"index":"index","follow":"follow","max-snippet":"max-snippet:-1","max-image-preview":"max-image-preview:large","max-video-preview":"max-video-preview:-1"},"canonical":"https:\/\/thepueblatimes.mx\/index.php\/2021\/03\/20\/violo-a-su-hija-en-la-casa-donde-vivian-los-monstruos-de-ecatepec\/","og_locale":"es_ES","og_type":"article","og_title":"Viol\u00f3 a su hija en la casa donde viv\u00edan Los Monstruos de Ecatepec - The Puebla Times","og_description":"Un sexagenario fue acusado y detenido por la violaci\u00f3n de su hija en un domicilio de la colonia Jardines de Morelos Secci\u00f3n Playas, el mismo donde el \u201cMonstruo de Ecatepec\u201d cometi\u00f3 algunos de sus feminicidios. A gentes de la Secretar\u00eda de Seguridad mexiquense \u00a0atendieron el reporte de una menor retenida contra su voluntad en una...","og_url":"https:\/\/thepueblatimes.mx\/index.php\/2021\/03\/20\/violo-a-su-hija-en-la-casa-donde-vivian-los-monstruos-de-ecatepec\/","og_site_name":"The Puebla Times","article_published_time":"2021-03-20T06:02:48+00:00","og_image":[{"width":844,"height":690,"url":"https:\/\/thepueblatimes.mx\/wp-content\/uploads\/2021\/03\/07F69312-B94C-4A32-86A1-FD9C3B05E288.png","type":"image\/png"}],"author":"Francisco S\u00e1nchez Nolasco","twitter_card":"summary_large_image","twitter_misc":{"Escrito por":"Francisco S\u00e1nchez Nolasco","Tiempo de lectura":"1 minuto"},"schema":{"@context":"https:\/\/schema.org","@graph":[{"@type":"WebPage","@id":"https:\/\/thepueblatimes.mx\/index.php\/2021\/03\/20\/violo-a-su-hija-en-la-casa-donde-vivian-los-monstruos-de-ecatepec\/","url":"https:\/\/thepueblatimes.mx\/index.php\/2021\/03\/20\/violo-a-su-hija-en-la-casa-donde-vivian-los-monstruos-de-ecatepec\/","name":"Viol\u00f3 a su hija en la casa donde viv\u00edan Los Monstruos de Ecatepec - The Puebla Times","isPartOf":{"@id":"https:\/\/thepueblatimes.mx\/#website"},"datePublished":"2021-03-20T06:02:48+00:00","dateModified":"2021-03-20T06:02:48+00:00","author":{"@id":"https:\/\/thepueblatimes.mx\/#\/schema\/person\/7bdf2adbc50078b104bba72b5612f774"},"breadcrumb":{"@id":"https:\/\/thepueblatimes.mx\/index.php\/2021\/03\/20\/violo-a-su-hija-en-la-casa-donde-vivian-los-monstruos-de-ecatepec\/#breadcrumb"},"inLanguage":"es","potentialAction":[{"@type":"ReadAction","target":["https:\/\/thepueblatimes.mx\/index.php\/2021\/03\/20\/violo-a-su-hija-en-la-casa-donde-vivian-los-monstruos-de-ecatepec\/"]}]},{"@type":"BreadcrumbList","@id":"https:\/\/thepueblatimes.mx\/index.php\/2021\/03\/20\/violo-a-su-hija-en-la-casa-donde-vivian-los-monstruos-de-ecatepec\/#breadcrumb","itemListElement":[{"@type":"ListItem","position":1,"name":"Portada","item":"https:\/\/thepueblatimes.mx\/"},{"@type":"ListItem","position":2,"name":"Viol\u00f3 a su hija en la casa donde viv\u00edan Los Monstruos de Ecatepec"}]},{"@type":"WebSite","@id":"https:\/\/thepueblatimes.mx\/#website","url":"https:\/\/thepueblatimes.mx\/","name":"The Puebla Times","description":"Noticias del Estado de Puebla","potentialAction":[{"@type":"SearchAction","target":{"@type":"EntryPoint","urlTemplate":"https:\/\/thepueblatimes.mx\/?s={search_term_string}"},"query-input":"required name=search_term_string"}],"inLanguage":"es"},{"@type":"Person","@id":"https:\/\/thepueblatimes.mx\/#\/schema\/person\/7bdf2adbc50078b104bba72b5612f774","name":"Francisco S\u00e1nchez Nolasco","image":{"@type":"ImageObject","inLanguage":"es","@id":"https:\/\/thepueblatimes.mx\/#\/schema\/person\/image\/","url":"https:\/\/secure.gravatar.com\/avatar\/6061d7d20b38bc2742a5218401b198d2?s=96&d=mm&r=g","contentUrl":"https:\/\/secure.gravatar.com\/avatar\/6061d7d20b38bc2742a5218401b198d2?s=96&d=mm&r=g","caption":"Francisco S\u00e1nchez Nolasco"},"url":"https:\/\/thepueblatimes.mx\/index.php\/author\/marianitha-reyes\/"}]}},"jetpack_featured_media_url":"https:\/\/thepueblatimes.mx\/wp-content\/uploads\/2021\/03\/07F69312-B94C-4A32-86A1-FD9C3B05E288.png","_links":{"self":[{"href":"https:\/\/thepueblatimes.mx\/index.php\/wp-json\/wp\/v2\/posts\/11831"}],"collection":[{"href":"https:\/\/thepueblatimes.mx\/index.php\/wp-json\/wp\/v2\/posts"}],"about":[{"href":"https:\/\/thepueblatimes.mx\/index.php\/wp-json\/wp\/v2\/types\/post"}],"author":[{"embeddable":true,"href":"https:\/\/thepueblatimes.mx\/index.php\/wp-json\/wp\/v2\/users\/15"}],"replies":[{"embeddable":true,"href":"https:\/\/thepueblatimes.mx\/index.php\/wp-json\/wp\/v2\/comments?post=11831"}],"version-history":[{"count":1,"href":"https:\/\/thepueblatimes.mx\/index.php\/wp-json\/wp\/v2\/posts\/11831\/revisions"}],"predecessor-version":[{"id":11833,"href":"https:\/\/thepueblatimes.mx\/index.php\/wp-json\/wp\/v2\/posts\/11831\/revisions\/11833"}],"wp:featuredmedia":[{"embeddable":true,"href":"https:\/\/thepueblatimes.mx\/index.php\/wp-json\/wp\/v2\/media\/11832"}],"wp:attachment":[{"href":"https:\/\/thepueblatimes.mx\/index.php\/wp-json\/wp\/v2\/media?parent=11831"}],"wp:term":[{"taxonomy":"category","embeddable":true,"href":"https:\/\/thepueblatimes.mx\/index.php\/wp-json\/wp\/v2\/categories?post=11831"},{"taxonomy":"post_tag","embeddable":true,"href":"https:\/\/thepueblatimes.mx\/index.php\/wp-json\/wp\/v2\/tags?post=11831"}],"curies":[{"name":"wp","href":"https:\/\/api.w.org\/{rel}","templated":true}]}}