{"id":11702,"date":"2021-03-17T08:20:15","date_gmt":"2021-03-17T14:20:15","guid":{"rendered":"https:\/\/thepueblatimes.mx\/?p=11702"},"modified":"2021-03-17T08:21:09","modified_gmt":"2021-03-17T14:21:09","slug":"la-sucesion-en-el-ayuntamiento-poblano","status":"publish","type":"post","link":"https:\/\/thepueblatimes.mx\/index.php\/2021\/03\/17\/la-sucesion-en-el-ayuntamiento-poblano\/","title":{"rendered":"La sucesi\u00f3n en el ayuntamiento poblano"},"content":{"rendered":"<p>Las cosas en MORENA empiezan a entrar en una dura etapa en la que las definiciones marcar\u00e1n un parteaguas en la 4T poblana; de hecho, se podr\u00eda decir que estamos a 72 horas de saber si jugar\u00e1n los que est\u00e1n o veremos caras nuevas, con las que el electorado tendr\u00e1 que familiarizarse, para entrar de lleno en las campa\u00f1as, a partir del mes de mayo.<\/p>\n<p>Cabe destacar por principio que los de la alianza PRI-PAN-PRD ya mostraron su juego, y el resultado es poco menos que desalentador; pues para la gran mayor\u00eda de militantes de esos partidos, las cosas fueron desproporcionadas y las imposiciones may\u00fasculas, en donde no vemos caras nuevas y por lo tanto, van a ser los mismos haciendo lo mismo; asunto que garantiza el fracaso de la alianza PRI-PAN-PRD, y abre una puerta de oportunidades en la 4T poblana.<\/p>\n<p>La cereza en el pastel, fue la participaci\u00f3n m\u00e1s que fallida de Genoveva Huerta, quien impuso a sus cuates y no dej\u00f3 a ning\u00fan panista que no lo fuera llegar a una candidatura, ya hay protestas airadas de la militancia del PAN, porque de plano a Geno se le olvidaron las formas e hizo lo que se le vino en gana, con lo que queda de su partido; en el entendido que en las demarcaciones en las que se impuso sin m\u00e1s ni m\u00e1s, es m\u00e1s que seguro el triunfo de la 4T, puesto que a sus candidatos los repudian; pero tal parece que a Genoveva Huerta eso le viene valiendo sorbete.<\/p>\n<p>Adem\u00e1s de lo ya referido, hay que aunarle que los candidatos del PRD, salvo Carlos Morales \u00c1lvarez son de lo menos competitivos, por decir lo menos; puesto que la empresa familiar que fund\u00f3 Carlos Mart\u00ednez Amador, que ahora fantasmalmente algunos le llaman el sol azteca, es en su conjunto, familiares del l\u00edder estatal (si es que alcanza la licencia po\u00e9tica para decirle \u201cl\u00edder\u201d al cacique m\u00e1s conocido\u00a0 de la sierra norte de Puebla), que s\u00f3lo esperan el reparto de las candidaturas y las dietas para apostarse en las oficinas, de lo que alguna vez fue un importante instituto pol\u00edtico.<\/p>\n<p>En ese contexto, y en ese entorno se encuentra MORENA Puebla con una oportunidad invaluable que en muy pocas partes del pa\u00eds se ha presentado; con una oposici\u00f3n desorganizada, enfrentada, dividida y extraviada, que no ata ni desata; pero que en el caso de MORENA hay un factor, que podr\u00eda decirse, \u201cel negrito en el arroz\u201d y es Claudia Rivera Vivanco, cuya conducta err\u00e1tica ha hecho correr a gente valiosa, como el caso de Rafael Quiroz Corona, que ahora est\u00e1 trabajando para Gabriel Biestro, ante la nula respuesta de su ex patrona, que prefiri\u00f3 relevarlo por una jefa de prensa, tr\u00e1sfuga del marinismo y del metate, cuyo Modista es claro que se constituye como su enemigo (se viste como sota de bastos) , que s\u00f3lo le junta enemigos y maldiciones, para enfrentar una precampa\u00f1a, que ya la tiene ganada Gabriel Biestro, pues Jos\u00e9 Luis S\u00e1nchez Sol\u00e1, no rebuzna porque se ofenden los burros.<\/p>\n<p>Tras lo ya narrado, es importante decir que Claudia Rivera Vivanco va con gente a\u00fan valiosa, pero que con la presencia de Ren\u00e9 S\u00e1nchez Galindo, lo \u00fanico que tiene asegurado el un fracaso monumental; vale decir igualmente, que sus m\u00e9todos para conseguir las cosas no siempre son los adecuados, pues la amenazas en el comit\u00e9 nacional de MORENA de la alcaldesa, para que la dejen jugar, como se le da la gana, no han tenido eco; cuentan los m\u00e1s enterados que la van a sacrificar, aunque se enoje Claudia Sheinbaum.<\/p>\n<p>Otro punto a favor de Gabriel Biestro Medinilla, es que Jos\u00e9 Luis S\u00e1nchez Sol\u00e1 no ha ganado nada importante en el futbol mexicano, salvo un cuarto lugar en la liga, que no es ni de lejos lo que ha ganado el capi Roberto Ru\u00edz Esparza; y su medici\u00f3n demosc\u00f3pica es incierta, como incierta es ya de por s\u00ed su estancia en MORENA, pues todos desconocen los motivos que lo llevaron a la pol\u00edtica poblana, ya que argumentos pol\u00edticos\u2026 sinceramente no tiene.<\/p>\n<p>Finalmente basta decir que todo est\u00e1 listo, para que Gabriel Biestro sea el abanderado de MORENA, de no ser as\u00ed, se espera una gran derrota de la 4T en la capital poblana.<\/p>\n","protected":false},"excerpt":{"rendered":"<p>MORENA Puebla se encuentra con una oportunidad invaluable que en muy pocas partes del pa\u00eds se ha presentado; con una oposici\u00f3n desorganizada, enfrentada, dividida y extraviada, que no ata ni desata<\/p>\n","protected":false},"author":12,"featured_media":11703,"comment_status":"open","ping_status":"open","sticky":false,"template":"","format":"standard","meta":[],"categories":[10,20],"tags":[66,161,162,137,49],"yoast_head":"<!-- This site is optimized with the Yoast SEO plugin v20.8 - https:\/\/yoast.com\/wordpress\/plugins\/seo\/ -->\n<title>La sucesi\u00f3n en el ayuntamiento poblano - The Puebla Times<\/title>\n<meta name=\"robots\" content=\"index, follow, max-snippet:-1, max-image-preview:large, max-video-preview:-1\" \/>\n<link rel=\"canonical\" href=\"https:\/\/thepueblatimes.mx\/index.php\/2021\/03\/17\/la-sucesion-en-el-ayuntamiento-poblano\/\" \/>\n<meta property=\"og:locale\" content=\"es_ES\" \/>\n<meta property=\"og:type\" content=\"article\" \/>\n<meta property=\"og:title\" content=\"La sucesi\u00f3n en el ayuntamiento poblano - The Puebla Times\" \/>\n<meta property=\"og:description\" content=\"MORENA Puebla se encuentra con una oportunidad invaluable que en muy pocas partes del pa\u00eds se ha presentado; con una oposici\u00f3n desorganizada, enfrentada, dividida y extraviada, que no ata ni desata\" \/>\n<meta property=\"og:url\" content=\"https:\/\/thepueblatimes.mx\/index.php\/2021\/03\/17\/la-sucesion-en-el-ayuntamiento-poblano\/\" \/>\n<meta property=\"og:site_name\" content=\"The Puebla Times\" \/>\n<meta property=\"article:published_time\" content=\"2021-03-17T14:20:15+00:00\" \/>\n<meta property=\"article:modified_time\" content=\"2021-03-17T14:21:09+00:00\" \/>\n<meta property=\"og:image\" content=\"https:\/\/thepueblatimes.mx\/wp-content\/uploads\/2021\/03\/ayu.png\" \/>\n\t<meta property=\"og:image:width\" content=\"1200\" \/>\n\t<meta property=\"og:image:height\" content=\"635\" \/>\n\t<meta property=\"og:image:type\" content=\"image\/png\" \/>\n<meta name=\"author\" content=\"Claudio De la Llata\" \/>\n<meta name=\"twitter:card\" content=\"summary_large_image\" \/>\n<meta name=\"twitter:label1\" content=\"Escrito por\" \/>\n\t<meta name=\"twitter:data1\" content=\"Claudio De la Llata\" \/>\n\t<meta name=\"twitter:label2\" content=\"Tiempo de lectura\" \/>\n\t<meta name=\"twitter:data2\" content=\"4 minutos\" \/>\n<script type=\"application\/ld+json\" class=\"yoast-schema-graph\">{\"@context\":\"https:\/\/schema.org\",\"@graph\":[{\"@type\":\"WebPage\",\"@id\":\"https:\/\/thepueblatimes.mx\/index.php\/2021\/03\/17\/la-sucesion-en-el-ayuntamiento-poblano\/\",\"url\":\"https:\/\/thepueblatimes.mx\/index.php\/2021\/03\/17\/la-sucesion-en-el-ayuntamiento-poblano\/\",\"name\":\"La sucesi\u00f3n en el ayuntamiento poblano - The Puebla Times\",\"isPartOf\":{\"@id\":\"https:\/\/thepueblatimes.mx\/#website\"},\"datePublished\":\"2021-03-17T14:20:15+00:00\",\"dateModified\":\"2021-03-17T14:21:09+00:00\",\"author\":{\"@id\":\"https:\/\/thepueblatimes.mx\/#\/schema\/person\/bbda7d16f8de72bedcf28a980dfbc8ad\"},\"breadcrumb\":{\"@id\":\"https:\/\/thepueblatimes.mx\/index.php\/2021\/03\/17\/la-sucesion-en-el-ayuntamiento-poblano\/#breadcrumb\"},\"inLanguage\":\"es\",\"potentialAction\":[{\"@type\":\"ReadAction\",\"target\":[\"https:\/\/thepueblatimes.mx\/index.php\/2021\/03\/17\/la-sucesion-en-el-ayuntamiento-poblano\/\"]}]},{\"@type\":\"BreadcrumbList\",\"@id\":\"https:\/\/thepueblatimes.mx\/index.php\/2021\/03\/17\/la-sucesion-en-el-ayuntamiento-poblano\/#breadcrumb\",\"itemListElement\":[{\"@type\":\"ListItem\",\"position\":1,\"name\":\"Portada\",\"item\":\"https:\/\/thepueblatimes.mx\/\"},{\"@type\":\"ListItem\",\"position\":2,\"name\":\"La sucesi\u00f3n en el ayuntamiento poblano\"}]},{\"@type\":\"WebSite\",\"@id\":\"https:\/\/thepueblatimes.mx\/#website\",\"url\":\"https:\/\/thepueblatimes.mx\/\",\"name\":\"The Puebla Times\",\"description\":\"Noticias del Estado de Puebla\",\"potentialAction\":[{\"@type\":\"SearchAction\",\"target\":{\"@type\":\"EntryPoint\",\"urlTemplate\":\"https:\/\/thepueblatimes.mx\/?s={search_term_string}\"},\"query-input\":\"required name=search_term_string\"}],\"inLanguage\":\"es\"},{\"@type\":\"Person\",\"@id\":\"https:\/\/thepueblatimes.mx\/#\/schema\/person\/bbda7d16f8de72bedcf28a980dfbc8ad\",\"name\":\"Claudio De la Llata\",\"image\":{\"@type\":\"ImageObject\",\"inLanguage\":\"es\",\"@id\":\"https:\/\/thepueblatimes.mx\/#\/schema\/person\/image\/\",\"url\":\"https:\/\/secure.gravatar.com\/avatar\/00548df3da11cad70e6ec0c1e51bd2f9?s=96&d=mm&r=g\",\"contentUrl\":\"https:\/\/secure.gravatar.com\/avatar\/00548df3da11cad70e6ec0c1e51bd2f9?s=96&d=mm&r=g\",\"caption\":\"Claudio De la Llata\"},\"url\":\"https:\/\/thepueblatimes.mx\/index.php\/author\/cluadiodelallata\/\"}]}<\/script>\n<!-- \/ Yoast SEO plugin. -->","yoast_head_json":{"title":"La sucesi\u00f3n en el ayuntamiento poblano - The Puebla Times","robots":{"index":"index","follow":"follow","max-snippet":"max-snippet:-1","max-image-preview":"max-image-preview:large","max-video-preview":"max-video-preview:-1"},"canonical":"https:\/\/thepueblatimes.mx\/index.php\/2021\/03\/17\/la-sucesion-en-el-ayuntamiento-poblano\/","og_locale":"es_ES","og_type":"article","og_title":"La sucesi\u00f3n en el ayuntamiento poblano - The Puebla Times","og_description":"MORENA Puebla se encuentra con una oportunidad invaluable que en muy pocas partes del pa\u00eds se ha presentado; con una oposici\u00f3n desorganizada, enfrentada, dividida y extraviada, que no ata ni desata","og_url":"https:\/\/thepueblatimes.mx\/index.php\/2021\/03\/17\/la-sucesion-en-el-ayuntamiento-poblano\/","og_site_name":"The Puebla Times","article_published_time":"2021-03-17T14:20:15+00:00","article_modified_time":"2021-03-17T14:21:09+00:00","og_image":[{"width":1200,"height":635,"url":"https:\/\/thepueblatimes.mx\/wp-content\/uploads\/2021\/03\/ayu.png","type":"image\/png"}],"author":"Claudio De la Llata","twitter_card":"summary_large_image","twitter_misc":{"Escrito por":"Claudio De la Llata","Tiempo de lectura":"4 minutos"},"schema":{"@context":"https:\/\/schema.org","@graph":[{"@type":"WebPage","@id":"https:\/\/thepueblatimes.mx\/index.php\/2021\/03\/17\/la-sucesion-en-el-ayuntamiento-poblano\/","url":"https:\/\/thepueblatimes.mx\/index.php\/2021\/03\/17\/la-sucesion-en-el-ayuntamiento-poblano\/","name":"La sucesi\u00f3n en el ayuntamiento poblano - The Puebla Times","isPartOf":{"@id":"https:\/\/thepueblatimes.mx\/#website"},"datePublished":"2021-03-17T14:20:15+00:00","dateModified":"2021-03-17T14:21:09+00:00","author":{"@id":"https:\/\/thepueblatimes.mx\/#\/schema\/person\/bbda7d16f8de72bedcf28a980dfbc8ad"},"breadcrumb":{"@id":"https:\/\/thepueblatimes.mx\/index.php\/2021\/03\/17\/la-sucesion-en-el-ayuntamiento-poblano\/#breadcrumb"},"inLanguage":"es","potentialAction":[{"@type":"ReadAction","target":["https:\/\/thepueblatimes.mx\/index.php\/2021\/03\/17\/la-sucesion-en-el-ayuntamiento-poblano\/"]}]},{"@type":"BreadcrumbList","@id":"https:\/\/thepueblatimes.mx\/index.php\/2021\/03\/17\/la-sucesion-en-el-ayuntamiento-poblano\/#breadcrumb","itemListElement":[{"@type":"ListItem","position":1,"name":"Portada","item":"https:\/\/thepueblatimes.mx\/"},{"@type":"ListItem","position":2,"name":"La sucesi\u00f3n en el ayuntamiento poblano"}]},{"@type":"WebSite","@id":"https:\/\/thepueblatimes.mx\/#website","url":"https:\/\/thepueblatimes.mx\/","name":"The Puebla Times","description":"Noticias del Estado de Puebla","potentialAction":[{"@type":"SearchAction","target":{"@type":"EntryPoint","urlTemplate":"https:\/\/thepueblatimes.mx\/?s={search_term_string}"},"query-input":"required name=search_term_string"}],"inLanguage":"es"},{"@type":"Person","@id":"https:\/\/thepueblatimes.mx\/#\/schema\/person\/bbda7d16f8de72bedcf28a980dfbc8ad","name":"Claudio De la Llata","image":{"@type":"ImageObject","inLanguage":"es","@id":"https:\/\/thepueblatimes.mx\/#\/schema\/person\/image\/","url":"https:\/\/secure.gravatar.com\/avatar\/00548df3da11cad70e6ec0c1e51bd2f9?s=96&d=mm&r=g","contentUrl":"https:\/\/secure.gravatar.com\/avatar\/00548df3da11cad70e6ec0c1e51bd2f9?s=96&d=mm&r=g","caption":"Claudio De la Llata"},"url":"https:\/\/thepueblatimes.mx\/index.php\/author\/cluadiodelallata\/"}]}},"jetpack_featured_media_url":"https:\/\/thepueblatimes.mx\/wp-content\/uploads\/2021\/03\/ayu.png","_links":{"self":[{"href":"https:\/\/thepueblatimes.mx\/index.php\/wp-json\/wp\/v2\/posts\/11702"}],"collection":[{"href":"https:\/\/thepueblatimes.mx\/index.php\/wp-json\/wp\/v2\/posts"}],"about":[{"href":"https:\/\/thepueblatimes.mx\/index.php\/wp-json\/wp\/v2\/types\/post"}],"author":[{"embeddable":true,"href":"https:\/\/thepueblatimes.mx\/index.php\/wp-json\/wp\/v2\/users\/12"}],"replies":[{"embeddable":true,"href":"https:\/\/thepueblatimes.mx\/index.php\/wp-json\/wp\/v2\/comments?post=11702"}],"version-history":[{"count":1,"href":"https:\/\/thepueblatimes.mx\/index.php\/wp-json\/wp\/v2\/posts\/11702\/revisions"}],"predecessor-version":[{"id":11704,"href":"https:\/\/thepueblatimes.mx\/index.php\/wp-json\/wp\/v2\/posts\/11702\/revisions\/11704"}],"wp:featuredmedia":[{"embeddable":true,"href":"https:\/\/thepueblatimes.mx\/index.php\/wp-json\/wp\/v2\/media\/11703"}],"wp:attachment":[{"href":"https:\/\/thepueblatimes.mx\/index.php\/wp-json\/wp\/v2\/media?parent=11702"}],"wp:term":[{"taxonomy":"category","embeddable":true,"href":"https:\/\/thepueblatimes.mx\/index.php\/wp-json\/wp\/v2\/categories?post=11702"},{"taxonomy":"post_tag","embeddable":true,"href":"https:\/\/thepueblatimes.mx\/index.php\/wp-json\/wp\/v2\/tags?post=11702"}],"curies":[{"name":"wp","href":"https:\/\/api.w.org\/{rel}","templated":true}]}}