{"id":11664,"date":"2021-03-16T14:53:29","date_gmt":"2021-03-16T20:53:29","guid":{"rendered":"https:\/\/thepueblatimes.mx\/?p=11664"},"modified":"2021-03-16T14:53:29","modified_gmt":"2021-03-16T20:53:29","slug":"encuentran-a-dos-ejecutados-en-predios-de-palmar-de-bravo","status":"publish","type":"post","link":"https:\/\/thepueblatimes.mx\/index.php\/2021\/03\/16\/encuentran-a-dos-ejecutados-en-predios-de-palmar-de-bravo\/","title":{"rendered":"Encuentran a dos ejecutados en predios de Palmar de Bravo"},"content":{"rendered":"<p>Palmar de Bravo, Pue.-\u00a0<strong>Durante este lunes fueron encontrados los\u00a0cad\u00e1veres de dos personas en el paraje conocido como \u00abEl Moral\u00bb, perteneciente al municipio de Palmar de Bravo\u00a0<\/strong>y los l\u00edmites\u00a0con la localidad de Cuesta Blanca, hasta donde acudieron autoridades para realizar el levantamiento de los restos humanos.<\/p>\n<p>Al lugar acudieron uniformados quienes confirmaron el hecho y acordonaron la zona para que luego personal de la Fiscal\u00eda General del Estado (FGE) realizaran el levantamiento de los cad\u00e1veres para su traslado al anfiteatro de Tecamachalco.<\/p>\n<p><strong>Hasta el momento se desconocen las caracter\u00edsticas de las v\u00edctimas sin embargo trascendi\u00f3 que presentaban heridas por arma de fuego y huellas de violencia.\u00a0<\/strong><\/p>\n","protected":false},"excerpt":{"rendered":"<p>Palmar de Bravo, Pue.-\u00a0Durante este lunes fueron encontrados los\u00a0cad\u00e1veres de dos personas en el paraje conocido como \u00abEl Moral\u00bb, perteneciente al municipio de Palmar de Bravo\u00a0y los l\u00edmites\u00a0con la localidad de Cuesta Blanca, hasta donde acudieron autoridades para realizar el levantamiento de los restos humanos. Al lugar acudieron uniformados quienes confirmaron el hecho y acordonaron&#8230;<\/p>\n","protected":false},"author":15,"featured_media":11665,"comment_status":"open","ping_status":"open","sticky":false,"template":"","format":"standard","meta":[],"categories":[20],"tags":[481,480],"yoast_head":"<!-- This site is optimized with the Yoast SEO plugin v20.8 - https:\/\/yoast.com\/wordpress\/plugins\/seo\/ -->\n<title>Encuentran a dos ejecutados en predios de Palmar de Bravo - The Puebla Times<\/title>\n<meta name=\"robots\" content=\"index, follow, max-snippet:-1, max-image-preview:large, max-video-preview:-1\" \/>\n<link rel=\"canonical\" href=\"https:\/\/thepueblatimes.mx\/index.php\/2021\/03\/16\/encuentran-a-dos-ejecutados-en-predios-de-palmar-de-bravo\/\" \/>\n<meta property=\"og:locale\" content=\"es_ES\" \/>\n<meta property=\"og:type\" content=\"article\" \/>\n<meta property=\"og:title\" content=\"Encuentran a dos ejecutados en predios de Palmar de Bravo - The Puebla Times\" \/>\n<meta property=\"og:description\" content=\"Palmar de Bravo, Pue.-\u00a0Durante este lunes fueron encontrados los\u00a0cad\u00e1veres de dos personas en el paraje conocido como \u00abEl Moral\u00bb, perteneciente al municipio de Palmar de Bravo\u00a0y los l\u00edmites\u00a0con la localidad de Cuesta Blanca, hasta donde acudieron autoridades para realizar el levantamiento de los restos humanos. Al lugar acudieron uniformados quienes confirmaron el hecho y acordonaron...\" \/>\n<meta property=\"og:url\" content=\"https:\/\/thepueblatimes.mx\/index.php\/2021\/03\/16\/encuentran-a-dos-ejecutados-en-predios-de-palmar-de-bravo\/\" \/>\n<meta property=\"og:site_name\" content=\"The Puebla Times\" \/>\n<meta property=\"article:published_time\" content=\"2021-03-16T20:53:29+00:00\" \/>\n<meta property=\"og:image\" content=\"https:\/\/thepueblatimes.mx\/wp-content\/uploads\/2021\/03\/patrullapalmar.jpeg\" \/>\n\t<meta property=\"og:image:width\" content=\"960\" \/>\n\t<meta property=\"og:image:height\" content=\"720\" \/>\n\t<meta property=\"og:image:type\" content=\"image\/jpeg\" \/>\n<meta name=\"author\" content=\"Francisco S\u00e1nchez Nolasco\" \/>\n<meta name=\"twitter:card\" content=\"summary_large_image\" \/>\n<meta name=\"twitter:label1\" content=\"Escrito por\" \/>\n\t<meta name=\"twitter:data1\" content=\"Francisco S\u00e1nchez Nolasco\" \/>\n\t<meta name=\"twitter:label2\" content=\"Tiempo de lectura\" \/>\n\t<meta name=\"twitter:data2\" content=\"1 minuto\" \/>\n<script type=\"application\/ld+json\" class=\"yoast-schema-graph\">{\"@context\":\"https:\/\/schema.org\",\"@graph\":[{\"@type\":\"WebPage\",\"@id\":\"https:\/\/thepueblatimes.mx\/index.php\/2021\/03\/16\/encuentran-a-dos-ejecutados-en-predios-de-palmar-de-bravo\/\",\"url\":\"https:\/\/thepueblatimes.mx\/index.php\/2021\/03\/16\/encuentran-a-dos-ejecutados-en-predios-de-palmar-de-bravo\/\",\"name\":\"Encuentran a dos ejecutados en predios de Palmar de Bravo - The Puebla Times\",\"isPartOf\":{\"@id\":\"https:\/\/thepueblatimes.mx\/#website\"},\"datePublished\":\"2021-03-16T20:53:29+00:00\",\"dateModified\":\"2021-03-16T20:53:29+00:00\",\"author\":{\"@id\":\"https:\/\/thepueblatimes.mx\/#\/schema\/person\/7bdf2adbc50078b104bba72b5612f774\"},\"breadcrumb\":{\"@id\":\"https:\/\/thepueblatimes.mx\/index.php\/2021\/03\/16\/encuentran-a-dos-ejecutados-en-predios-de-palmar-de-bravo\/#breadcrumb\"},\"inLanguage\":\"es\",\"potentialAction\":[{\"@type\":\"ReadAction\",\"target\":[\"https:\/\/thepueblatimes.mx\/index.php\/2021\/03\/16\/encuentran-a-dos-ejecutados-en-predios-de-palmar-de-bravo\/\"]}]},{\"@type\":\"BreadcrumbList\",\"@id\":\"https:\/\/thepueblatimes.mx\/index.php\/2021\/03\/16\/encuentran-a-dos-ejecutados-en-predios-de-palmar-de-bravo\/#breadcrumb\",\"itemListElement\":[{\"@type\":\"ListItem\",\"position\":1,\"name\":\"Portada\",\"item\":\"https:\/\/thepueblatimes.mx\/\"},{\"@type\":\"ListItem\",\"position\":2,\"name\":\"Encuentran a dos ejecutados en predios de Palmar de Bravo\"}]},{\"@type\":\"WebSite\",\"@id\":\"https:\/\/thepueblatimes.mx\/#website\",\"url\":\"https:\/\/thepueblatimes.mx\/\",\"name\":\"The Puebla Times\",\"description\":\"Noticias del Estado de Puebla\",\"potentialAction\":[{\"@type\":\"SearchAction\",\"target\":{\"@type\":\"EntryPoint\",\"urlTemplate\":\"https:\/\/thepueblatimes.mx\/?s={search_term_string}\"},\"query-input\":\"required name=search_term_string\"}],\"inLanguage\":\"es\"},{\"@type\":\"Person\",\"@id\":\"https:\/\/thepueblatimes.mx\/#\/schema\/person\/7bdf2adbc50078b104bba72b5612f774\",\"name\":\"Francisco S\u00e1nchez Nolasco\",\"image\":{\"@type\":\"ImageObject\",\"inLanguage\":\"es\",\"@id\":\"https:\/\/thepueblatimes.mx\/#\/schema\/person\/image\/\",\"url\":\"https:\/\/secure.gravatar.com\/avatar\/6061d7d20b38bc2742a5218401b198d2?s=96&d=mm&r=g\",\"contentUrl\":\"https:\/\/secure.gravatar.com\/avatar\/6061d7d20b38bc2742a5218401b198d2?s=96&d=mm&r=g\",\"caption\":\"Francisco S\u00e1nchez Nolasco\"},\"url\":\"https:\/\/thepueblatimes.mx\/index.php\/author\/marianitha-reyes\/\"}]}<\/script>\n<!-- \/ Yoast SEO plugin. -->","yoast_head_json":{"title":"Encuentran a dos ejecutados en predios de Palmar de Bravo - The Puebla Times","robots":{"index":"index","follow":"follow","max-snippet":"max-snippet:-1","max-image-preview":"max-image-preview:large","max-video-preview":"max-video-preview:-1"},"canonical":"https:\/\/thepueblatimes.mx\/index.php\/2021\/03\/16\/encuentran-a-dos-ejecutados-en-predios-de-palmar-de-bravo\/","og_locale":"es_ES","og_type":"article","og_title":"Encuentran a dos ejecutados en predios de Palmar de Bravo - The Puebla Times","og_description":"Palmar de Bravo, Pue.-\u00a0Durante este lunes fueron encontrados los\u00a0cad\u00e1veres de dos personas en el paraje conocido como \u00abEl Moral\u00bb, perteneciente al municipio de Palmar de Bravo\u00a0y los l\u00edmites\u00a0con la localidad de Cuesta Blanca, hasta donde acudieron autoridades para realizar el levantamiento de los restos humanos. Al lugar acudieron uniformados quienes confirmaron el hecho y acordonaron...","og_url":"https:\/\/thepueblatimes.mx\/index.php\/2021\/03\/16\/encuentran-a-dos-ejecutados-en-predios-de-palmar-de-bravo\/","og_site_name":"The Puebla Times","article_published_time":"2021-03-16T20:53:29+00:00","og_image":[{"width":960,"height":720,"url":"https:\/\/thepueblatimes.mx\/wp-content\/uploads\/2021\/03\/patrullapalmar.jpeg","type":"image\/jpeg"}],"author":"Francisco S\u00e1nchez Nolasco","twitter_card":"summary_large_image","twitter_misc":{"Escrito por":"Francisco S\u00e1nchez Nolasco","Tiempo de lectura":"1 minuto"},"schema":{"@context":"https:\/\/schema.org","@graph":[{"@type":"WebPage","@id":"https:\/\/thepueblatimes.mx\/index.php\/2021\/03\/16\/encuentran-a-dos-ejecutados-en-predios-de-palmar-de-bravo\/","url":"https:\/\/thepueblatimes.mx\/index.php\/2021\/03\/16\/encuentran-a-dos-ejecutados-en-predios-de-palmar-de-bravo\/","name":"Encuentran a dos ejecutados en predios de Palmar de Bravo - The Puebla Times","isPartOf":{"@id":"https:\/\/thepueblatimes.mx\/#website"},"datePublished":"2021-03-16T20:53:29+00:00","dateModified":"2021-03-16T20:53:29+00:00","author":{"@id":"https:\/\/thepueblatimes.mx\/#\/schema\/person\/7bdf2adbc50078b104bba72b5612f774"},"breadcrumb":{"@id":"https:\/\/thepueblatimes.mx\/index.php\/2021\/03\/16\/encuentran-a-dos-ejecutados-en-predios-de-palmar-de-bravo\/#breadcrumb"},"inLanguage":"es","potentialAction":[{"@type":"ReadAction","target":["https:\/\/thepueblatimes.mx\/index.php\/2021\/03\/16\/encuentran-a-dos-ejecutados-en-predios-de-palmar-de-bravo\/"]}]},{"@type":"BreadcrumbList","@id":"https:\/\/thepueblatimes.mx\/index.php\/2021\/03\/16\/encuentran-a-dos-ejecutados-en-predios-de-palmar-de-bravo\/#breadcrumb","itemListElement":[{"@type":"ListItem","position":1,"name":"Portada","item":"https:\/\/thepueblatimes.mx\/"},{"@type":"ListItem","position":2,"name":"Encuentran a dos ejecutados en predios de Palmar de Bravo"}]},{"@type":"WebSite","@id":"https:\/\/thepueblatimes.mx\/#website","url":"https:\/\/thepueblatimes.mx\/","name":"The Puebla Times","description":"Noticias del Estado de Puebla","potentialAction":[{"@type":"SearchAction","target":{"@type":"EntryPoint","urlTemplate":"https:\/\/thepueblatimes.mx\/?s={search_term_string}"},"query-input":"required name=search_term_string"}],"inLanguage":"es"},{"@type":"Person","@id":"https:\/\/thepueblatimes.mx\/#\/schema\/person\/7bdf2adbc50078b104bba72b5612f774","name":"Francisco S\u00e1nchez Nolasco","image":{"@type":"ImageObject","inLanguage":"es","@id":"https:\/\/thepueblatimes.mx\/#\/schema\/person\/image\/","url":"https:\/\/secure.gravatar.com\/avatar\/6061d7d20b38bc2742a5218401b198d2?s=96&d=mm&r=g","contentUrl":"https:\/\/secure.gravatar.com\/avatar\/6061d7d20b38bc2742a5218401b198d2?s=96&d=mm&r=g","caption":"Francisco S\u00e1nchez Nolasco"},"url":"https:\/\/thepueblatimes.mx\/index.php\/author\/marianitha-reyes\/"}]}},"jetpack_featured_media_url":"https:\/\/thepueblatimes.mx\/wp-content\/uploads\/2021\/03\/patrullapalmar.jpeg","_links":{"self":[{"href":"https:\/\/thepueblatimes.mx\/index.php\/wp-json\/wp\/v2\/posts\/11664"}],"collection":[{"href":"https:\/\/thepueblatimes.mx\/index.php\/wp-json\/wp\/v2\/posts"}],"about":[{"href":"https:\/\/thepueblatimes.mx\/index.php\/wp-json\/wp\/v2\/types\/post"}],"author":[{"embeddable":true,"href":"https:\/\/thepueblatimes.mx\/index.php\/wp-json\/wp\/v2\/users\/15"}],"replies":[{"embeddable":true,"href":"https:\/\/thepueblatimes.mx\/index.php\/wp-json\/wp\/v2\/comments?post=11664"}],"version-history":[{"count":1,"href":"https:\/\/thepueblatimes.mx\/index.php\/wp-json\/wp\/v2\/posts\/11664\/revisions"}],"predecessor-version":[{"id":11666,"href":"https:\/\/thepueblatimes.mx\/index.php\/wp-json\/wp\/v2\/posts\/11664\/revisions\/11666"}],"wp:featuredmedia":[{"embeddable":true,"href":"https:\/\/thepueblatimes.mx\/index.php\/wp-json\/wp\/v2\/media\/11665"}],"wp:attachment":[{"href":"https:\/\/thepueblatimes.mx\/index.php\/wp-json\/wp\/v2\/media?parent=11664"}],"wp:term":[{"taxonomy":"category","embeddable":true,"href":"https:\/\/thepueblatimes.mx\/index.php\/wp-json\/wp\/v2\/categories?post=11664"},{"taxonomy":"post_tag","embeddable":true,"href":"https:\/\/thepueblatimes.mx\/index.php\/wp-json\/wp\/v2\/tags?post=11664"}],"curies":[{"name":"wp","href":"https:\/\/api.w.org\/{rel}","templated":true}]}}