{"id":1139,"date":"2020-07-08T14:41:09","date_gmt":"2020-07-08T19:41:09","guid":{"rendered":"https:\/\/thepueblatimes.mx\/?p=1139"},"modified":"2020-07-08T14:41:09","modified_gmt":"2020-07-08T19:41:09","slug":"miguel-barbosa-afirma-que-nuevo-municipio-de-morelos-no-afecto-territorio-poblano","status":"publish","type":"post","link":"https:\/\/thepueblatimes.mx\/index.php\/2020\/07\/08\/miguel-barbosa-afirma-que-nuevo-municipio-de-morelos-no-afecto-territorio-poblano\/","title":{"rendered":"Miguel Barbosa afirma que nuevo municipio de Morelos no afecto territorio poblano"},"content":{"rendered":"<p>El nuevo municipio ind\u00edgena del estado de Morelos no afect\u00f3 territorio poblano, pues no tom\u00f3 parte de ninguna demarcaci\u00f3n de la entidad, aclar\u00f3 el gobernador Miguel Barbosa Huerta.<\/p>\n<p>En videoconferencia de prensa en Casa Aguayo, el mandatario explic\u00f3 que el municipio ind\u00edgena del vecino estado tom\u00f3 hect\u00e1reas de Tetela del Volc\u00e1n, el cual tiene colindancia con la junta auxiliar de San Antonio Alpanocan, perteneciente al municipio de Tochimilco, Puebla.<\/p>\n<p>Precis\u00f3 que el Gobierno del Estado, a trav\u00e9s de la Direcci\u00f3n de Tenencia de la Tierra, verific\u00f3 que no hubiera afectaciones por esta decisi\u00f3n de Morelos.<\/p>\n<p>Barbosa Huerta reiter\u00f3 que en este tema no participan otros poderes y que el estado mantiene su territorio intacto.<\/p>\n<blockquote class=\"twitter-tweet\" data-width=\"550\" data-dnt=\"true\">\n<p lang=\"es\" dir=\"ltr\">Con los titulares de <a href=\"https:\/\/twitter.com\/SaludGobPue?ref_src=twsrc%5Etfw\">@SaludGobPue<\/a>, Jos\u00e9 Antonio Martinez Garc\u00eda; y de <a href=\"https:\/\/twitter.com\/Segob_Puebla?ref_src=twsrc%5Etfw\">@Segob_Puebla<\/a>, <a href=\"https:\/\/twitter.com\/DavidMendezPue?ref_src=twsrc%5Etfw\">@DavidMendezPue<\/a>; En conferencia de prensa, informamos sobre el estado del <a href=\"https:\/\/twitter.com\/hashtag\/COVID19mx?src=hash&amp;ref_src=twsrc%5Etfw\">#COVID19mx<\/a> en nuestra entidad.<a href=\"https:\/\/t.co\/b7MN5QZEnN\">https:\/\/t.co\/b7MN5QZEnN<\/a><\/p>\n<p>&mdash; Miguel Barbosa \u271e (@MBarbosaMX) <a href=\"https:\/\/twitter.com\/MBarbosaMX\/status\/1280872881690460160?ref_src=twsrc%5Etfw\">July 8, 2020<\/a><\/p><\/blockquote>\n<p><script async src=\"https:\/\/platform.twitter.com\/widgets.js\" charset=\"utf-8\"><\/script><\/p>\n","protected":false},"excerpt":{"rendered":"<p>El nuevo municipio ind\u00edgena del estado de Morelos no afect\u00f3 territorio poblano, pues no tom\u00f3 parte de ninguna demarcaci\u00f3n de la entidad, aclar\u00f3 el gobernador Miguel Barbosa Huerta. En videoconferencia de prensa en Casa Aguayo, el mandatario explic\u00f3 que el municipio ind\u00edgena del vecino estado tom\u00f3 hect\u00e1reas de Tetela del Volc\u00e1n, el cual tiene colindancia&#8230;<\/p>\n","protected":false},"author":4,"featured_media":1141,"comment_status":"open","ping_status":"open","sticky":false,"template":"","format":"standard","meta":[],"categories":[2],"tags":[],"yoast_head":"<!-- This site is optimized with the Yoast SEO plugin v20.8 - https:\/\/yoast.com\/wordpress\/plugins\/seo\/ -->\n<title>Miguel Barbosa afirma que nuevo municipio de Morelos no afecto territorio poblano - The Puebla Times<\/title>\n<meta name=\"robots\" content=\"index, follow, max-snippet:-1, max-image-preview:large, max-video-preview:-1\" \/>\n<link rel=\"canonical\" href=\"https:\/\/thepueblatimes.mx\/index.php\/2020\/07\/08\/miguel-barbosa-afirma-que-nuevo-municipio-de-morelos-no-afecto-territorio-poblano\/\" \/>\n<meta property=\"og:locale\" content=\"es_ES\" \/>\n<meta property=\"og:type\" content=\"article\" \/>\n<meta property=\"og:title\" content=\"Miguel Barbosa afirma que nuevo municipio de Morelos no afecto territorio poblano - The Puebla Times\" \/>\n<meta property=\"og:description\" content=\"El nuevo municipio ind\u00edgena del estado de Morelos no afect\u00f3 territorio poblano, pues no tom\u00f3 parte de ninguna demarcaci\u00f3n de la entidad, aclar\u00f3 el gobernador Miguel Barbosa Huerta. En videoconferencia de prensa en Casa Aguayo, el mandatario explic\u00f3 que el municipio ind\u00edgena del vecino estado tom\u00f3 hect\u00e1reas de Tetela del Volc\u00e1n, el cual tiene colindancia...\" \/>\n<meta property=\"og:url\" content=\"https:\/\/thepueblatimes.mx\/index.php\/2020\/07\/08\/miguel-barbosa-afirma-que-nuevo-municipio-de-morelos-no-afecto-territorio-poblano\/\" \/>\n<meta property=\"og:site_name\" content=\"The Puebla Times\" \/>\n<meta property=\"article:published_time\" content=\"2020-07-08T19:41:09+00:00\" \/>\n<meta property=\"og:image\" content=\"https:\/\/thepueblatimes.mx\/wp-content\/uploads\/2020\/07\/Screenshot-2020-07-08-at-14.40.22.png\" \/>\n\t<meta property=\"og:image:width\" content=\"737\" \/>\n\t<meta property=\"og:image:height\" content=\"350\" \/>\n\t<meta property=\"og:image:type\" content=\"image\/png\" \/>\n<meta name=\"author\" content=\"Marcos Guevara\" \/>\n<meta name=\"twitter:card\" content=\"summary_large_image\" \/>\n<meta name=\"twitter:label1\" content=\"Escrito por\" \/>\n\t<meta name=\"twitter:data1\" content=\"Marcos Guevara\" \/>\n\t<meta name=\"twitter:label2\" content=\"Tiempo de lectura\" \/>\n\t<meta name=\"twitter:data2\" content=\"1 minuto\" \/>\n<script type=\"application\/ld+json\" class=\"yoast-schema-graph\">{\"@context\":\"https:\/\/schema.org\",\"@graph\":[{\"@type\":\"WebPage\",\"@id\":\"https:\/\/thepueblatimes.mx\/index.php\/2020\/07\/08\/miguel-barbosa-afirma-que-nuevo-municipio-de-morelos-no-afecto-territorio-poblano\/\",\"url\":\"https:\/\/thepueblatimes.mx\/index.php\/2020\/07\/08\/miguel-barbosa-afirma-que-nuevo-municipio-de-morelos-no-afecto-territorio-poblano\/\",\"name\":\"Miguel Barbosa afirma que nuevo municipio de Morelos no afecto territorio poblano - The Puebla Times\",\"isPartOf\":{\"@id\":\"https:\/\/thepueblatimes.mx\/#website\"},\"datePublished\":\"2020-07-08T19:41:09+00:00\",\"dateModified\":\"2020-07-08T19:41:09+00:00\",\"author\":{\"@id\":\"https:\/\/thepueblatimes.mx\/#\/schema\/person\/adbf065ee889f68194977e3499c4a51e\"},\"breadcrumb\":{\"@id\":\"https:\/\/thepueblatimes.mx\/index.php\/2020\/07\/08\/miguel-barbosa-afirma-que-nuevo-municipio-de-morelos-no-afecto-territorio-poblano\/#breadcrumb\"},\"inLanguage\":\"es\",\"potentialAction\":[{\"@type\":\"ReadAction\",\"target\":[\"https:\/\/thepueblatimes.mx\/index.php\/2020\/07\/08\/miguel-barbosa-afirma-que-nuevo-municipio-de-morelos-no-afecto-territorio-poblano\/\"]}]},{\"@type\":\"BreadcrumbList\",\"@id\":\"https:\/\/thepueblatimes.mx\/index.php\/2020\/07\/08\/miguel-barbosa-afirma-que-nuevo-municipio-de-morelos-no-afecto-territorio-poblano\/#breadcrumb\",\"itemListElement\":[{\"@type\":\"ListItem\",\"position\":1,\"name\":\"Portada\",\"item\":\"https:\/\/thepueblatimes.mx\/\"},{\"@type\":\"ListItem\",\"position\":2,\"name\":\"Miguel Barbosa afirma que nuevo municipio de Morelos no afecto territorio poblano\"}]},{\"@type\":\"WebSite\",\"@id\":\"https:\/\/thepueblatimes.mx\/#website\",\"url\":\"https:\/\/thepueblatimes.mx\/\",\"name\":\"The Puebla Times\",\"description\":\"Noticias del Estado de Puebla\",\"potentialAction\":[{\"@type\":\"SearchAction\",\"target\":{\"@type\":\"EntryPoint\",\"urlTemplate\":\"https:\/\/thepueblatimes.mx\/?s={search_term_string}\"},\"query-input\":\"required name=search_term_string\"}],\"inLanguage\":\"es\"},{\"@type\":\"Person\",\"@id\":\"https:\/\/thepueblatimes.mx\/#\/schema\/person\/adbf065ee889f68194977e3499c4a51e\",\"name\":\"Marcos Guevara\",\"image\":{\"@type\":\"ImageObject\",\"inLanguage\":\"es\",\"@id\":\"https:\/\/thepueblatimes.mx\/#\/schema\/person\/image\/\",\"url\":\"https:\/\/secure.gravatar.com\/avatar\/c5d5853d70a8cf178bdfd28c1b8cdcdd?s=96&d=mm&r=g\",\"contentUrl\":\"https:\/\/secure.gravatar.com\/avatar\/c5d5853d70a8cf178bdfd28c1b8cdcdd?s=96&d=mm&r=g\",\"caption\":\"Marcos Guevara\"},\"url\":\"https:\/\/thepueblatimes.mx\/index.php\/author\/marcos-guevara\/\"}]}<\/script>\n<!-- \/ Yoast SEO plugin. -->","yoast_head_json":{"title":"Miguel Barbosa afirma que nuevo municipio de Morelos no afecto territorio poblano - The Puebla Times","robots":{"index":"index","follow":"follow","max-snippet":"max-snippet:-1","max-image-preview":"max-image-preview:large","max-video-preview":"max-video-preview:-1"},"canonical":"https:\/\/thepueblatimes.mx\/index.php\/2020\/07\/08\/miguel-barbosa-afirma-que-nuevo-municipio-de-morelos-no-afecto-territorio-poblano\/","og_locale":"es_ES","og_type":"article","og_title":"Miguel Barbosa afirma que nuevo municipio de Morelos no afecto territorio poblano - The Puebla Times","og_description":"El nuevo municipio ind\u00edgena del estado de Morelos no afect\u00f3 territorio poblano, pues no tom\u00f3 parte de ninguna demarcaci\u00f3n de la entidad, aclar\u00f3 el gobernador Miguel Barbosa Huerta. En videoconferencia de prensa en Casa Aguayo, el mandatario explic\u00f3 que el municipio ind\u00edgena del vecino estado tom\u00f3 hect\u00e1reas de Tetela del Volc\u00e1n, el cual tiene colindancia...","og_url":"https:\/\/thepueblatimes.mx\/index.php\/2020\/07\/08\/miguel-barbosa-afirma-que-nuevo-municipio-de-morelos-no-afecto-territorio-poblano\/","og_site_name":"The Puebla Times","article_published_time":"2020-07-08T19:41:09+00:00","og_image":[{"width":737,"height":350,"url":"https:\/\/thepueblatimes.mx\/wp-content\/uploads\/2020\/07\/Screenshot-2020-07-08-at-14.40.22.png","type":"image\/png"}],"author":"Marcos Guevara","twitter_card":"summary_large_image","twitter_misc":{"Escrito por":"Marcos Guevara","Tiempo de lectura":"1 minuto"},"schema":{"@context":"https:\/\/schema.org","@graph":[{"@type":"WebPage","@id":"https:\/\/thepueblatimes.mx\/index.php\/2020\/07\/08\/miguel-barbosa-afirma-que-nuevo-municipio-de-morelos-no-afecto-territorio-poblano\/","url":"https:\/\/thepueblatimes.mx\/index.php\/2020\/07\/08\/miguel-barbosa-afirma-que-nuevo-municipio-de-morelos-no-afecto-territorio-poblano\/","name":"Miguel Barbosa afirma que nuevo municipio de Morelos no afecto territorio poblano - The Puebla Times","isPartOf":{"@id":"https:\/\/thepueblatimes.mx\/#website"},"datePublished":"2020-07-08T19:41:09+00:00","dateModified":"2020-07-08T19:41:09+00:00","author":{"@id":"https:\/\/thepueblatimes.mx\/#\/schema\/person\/adbf065ee889f68194977e3499c4a51e"},"breadcrumb":{"@id":"https:\/\/thepueblatimes.mx\/index.php\/2020\/07\/08\/miguel-barbosa-afirma-que-nuevo-municipio-de-morelos-no-afecto-territorio-poblano\/#breadcrumb"},"inLanguage":"es","potentialAction":[{"@type":"ReadAction","target":["https:\/\/thepueblatimes.mx\/index.php\/2020\/07\/08\/miguel-barbosa-afirma-que-nuevo-municipio-de-morelos-no-afecto-territorio-poblano\/"]}]},{"@type":"BreadcrumbList","@id":"https:\/\/thepueblatimes.mx\/index.php\/2020\/07\/08\/miguel-barbosa-afirma-que-nuevo-municipio-de-morelos-no-afecto-territorio-poblano\/#breadcrumb","itemListElement":[{"@type":"ListItem","position":1,"name":"Portada","item":"https:\/\/thepueblatimes.mx\/"},{"@type":"ListItem","position":2,"name":"Miguel Barbosa afirma que nuevo municipio de Morelos no afecto territorio poblano"}]},{"@type":"WebSite","@id":"https:\/\/thepueblatimes.mx\/#website","url":"https:\/\/thepueblatimes.mx\/","name":"The Puebla Times","description":"Noticias del Estado de Puebla","potentialAction":[{"@type":"SearchAction","target":{"@type":"EntryPoint","urlTemplate":"https:\/\/thepueblatimes.mx\/?s={search_term_string}"},"query-input":"required name=search_term_string"}],"inLanguage":"es"},{"@type":"Person","@id":"https:\/\/thepueblatimes.mx\/#\/schema\/person\/adbf065ee889f68194977e3499c4a51e","name":"Marcos Guevara","image":{"@type":"ImageObject","inLanguage":"es","@id":"https:\/\/thepueblatimes.mx\/#\/schema\/person\/image\/","url":"https:\/\/secure.gravatar.com\/avatar\/c5d5853d70a8cf178bdfd28c1b8cdcdd?s=96&d=mm&r=g","contentUrl":"https:\/\/secure.gravatar.com\/avatar\/c5d5853d70a8cf178bdfd28c1b8cdcdd?s=96&d=mm&r=g","caption":"Marcos Guevara"},"url":"https:\/\/thepueblatimes.mx\/index.php\/author\/marcos-guevara\/"}]}},"jetpack_featured_media_url":"https:\/\/thepueblatimes.mx\/wp-content\/uploads\/2020\/07\/Screenshot-2020-07-08-at-14.40.22.png","_links":{"self":[{"href":"https:\/\/thepueblatimes.mx\/index.php\/wp-json\/wp\/v2\/posts\/1139"}],"collection":[{"href":"https:\/\/thepueblatimes.mx\/index.php\/wp-json\/wp\/v2\/posts"}],"about":[{"href":"https:\/\/thepueblatimes.mx\/index.php\/wp-json\/wp\/v2\/types\/post"}],"author":[{"embeddable":true,"href":"https:\/\/thepueblatimes.mx\/index.php\/wp-json\/wp\/v2\/users\/4"}],"replies":[{"embeddable":true,"href":"https:\/\/thepueblatimes.mx\/index.php\/wp-json\/wp\/v2\/comments?post=1139"}],"version-history":[{"count":1,"href":"https:\/\/thepueblatimes.mx\/index.php\/wp-json\/wp\/v2\/posts\/1139\/revisions"}],"predecessor-version":[{"id":1142,"href":"https:\/\/thepueblatimes.mx\/index.php\/wp-json\/wp\/v2\/posts\/1139\/revisions\/1142"}],"wp:featuredmedia":[{"embeddable":true,"href":"https:\/\/thepueblatimes.mx\/index.php\/wp-json\/wp\/v2\/media\/1141"}],"wp:attachment":[{"href":"https:\/\/thepueblatimes.mx\/index.php\/wp-json\/wp\/v2\/media?parent=1139"}],"wp:term":[{"taxonomy":"category","embeddable":true,"href":"https:\/\/thepueblatimes.mx\/index.php\/wp-json\/wp\/v2\/categories?post=1139"},{"taxonomy":"post_tag","embeddable":true,"href":"https:\/\/thepueblatimes.mx\/index.php\/wp-json\/wp\/v2\/tags?post=1139"}],"curies":[{"name":"wp","href":"https:\/\/api.w.org\/{rel}","templated":true}]}}