{"id":11289,"date":"2021-03-09T11:04:07","date_gmt":"2021-03-09T17:04:07","guid":{"rendered":"https:\/\/thepueblatimes.mx\/?p=11289"},"modified":"2021-03-09T11:04:07","modified_gmt":"2021-03-09T17:04:07","slug":"iban-vestidos-de-militares-sujetos-que-rescataron-a-secuestrador-en-zacatlan-familiares-de-policia-acusado-de-complicidad","status":"publish","type":"post","link":"https:\/\/thepueblatimes.mx\/index.php\/2021\/03\/09\/iban-vestidos-de-militares-sujetos-que-rescataron-a-secuestrador-en-zacatlan-familiares-de-policia-acusado-de-complicidad\/","title":{"rendered":"Iban vestidos de militares, sujetos que rescataron a secuestrador en Zacatl\u00e1n: familiares de polic\u00eda acusado de complicidad"},"content":{"rendered":"<p>\u00ab\u00a1Son inocentes!\u00bb, aseguran familiares de tres de los seis detenidos por la evasi\u00f3n de un secuestrador sentenciado 50 a\u00f1os de c\u00e1rcel y quien la noche del pasado 28 de febrero fue rescatado del hospital general de Zacatl\u00e1n por un comando de al menos 20 sujetos fuertemente armados.<\/p>\n<p>Luego de que un juez les impusiera a los imputados la medida cautelar de prisi\u00f3n preventiva justificada y fueran enviados al penal de San Miguel, donde permanecer\u00e1n mientras se define su situaci\u00f3n legal, los familiares han emprendido una campa\u00f1a trav\u00e9s de redes sociales y colocado cartulinas en diferentes puntos de la ciudad, en cuyo texto se asegura que son inocentes.<\/p>\n<p>Es as\u00ed como se ha difundido el caso de uno de los polic\u00edas identificado como Luis, quien estaba custodiando al mencionado reo en el cuarto del hospital, mientras sus compa\u00f1eros estaban afuera brindando apoyo en una ri\u00f1a. En alg\u00fan momento, el agente se asom\u00f3 hacia el pasillo del nosocomio porque vio a hombres vestidos de \u00abmilitares\u00bb; seg\u00fan los familiares, en ning\u00fan momento pens\u00f3 que no lo eran y menos que fueron a rescatar al reo.<\/p>\n<p>Seg\u00fan los consangu\u00edneos, los hombres armados se acercaron a \u00e9l y lo golpearon. Algunos testimonios recabados en el lugar, dan cuenta que el uniformado se defendi\u00f3 a golpes, pero fue sometido y golpeado con las cachas de las pistolas en el cr\u00e1neo y en el rostro en repetidas ocasiones.<\/p>\n<p>El uniformado pidi\u00f3 apoyo por radio; fue entonces que los agresores le dijeron que apagar\u00e1 el aparato o si no lo matar\u00edan, mientras lo segu\u00edan tundiendo a golpes.<\/p>\n<p>Tras ser sometido, lo obligaron a que caminara frente a ellos por los pasillos, iba enca\u00f1onado.<\/p>\n<p>\u00abNo todos los polic\u00edas son malos, y no todos \u2013 a huevo \u2013 est\u00e1n involucrados, a quien da la vida por esta profesi\u00f3n que la poblaci\u00f3n tanto denigra\u00bb, se lee en uno de los escritos que critica la actuaci\u00f3n de los investigadores de la Fiscal\u00eda que los incriminan.<\/p>\n<div class=\"ece_incoming\nmedia \"><\/p>\n<div class=\"teaser \">\n<div class=\"img-container picture\"><img decoding=\"async\" class=\"media-object adaptive lazy\" title=\"injusticia 3.jpg\" src=\"https:\/\/www.elsoldepuebla.com.mx\/incoming\/58lp24-injusticia-3.jpg\/alternates\/FREE_400\/injusticia%203.jpg\" alt=\"\" data-variant=\"FREE\" data-src-template=\"https:\/\/www.elsoldepuebla.com.mx\/incoming\/58lp24-injusticia-3.jpg\/BINARY\/thumbnail\/injusticia%203.jpg\" data-proxy-image=\"\" data-proxy-width=\"\" data-original=\"https:\/\/www.elsoldepuebla.com.mx\/incoming\/58lp24-injusticia-3.jpg\/alternates\/FREE_400\/injusticia%203.jpg\" data-selected-width=\"400\" \/><\/div>\n<\/div>\n<\/div>\n<p>Por lo anterior, varias cartulinas fueron colocadas en varios puntos de la ciudad, todas con la misma petici\u00f3n: justicia para Armando, Iv\u00e1n y Miguel.<\/p>\n<p>En una de las cartulinas se puede leer: \u00ablos tres polic\u00edas que fueron detenidos por los hechos ocurridos el domingo 28 de febrero est\u00e1n siendo acusados injustamente, ellos arriesgaron su vida, dos de ellos est\u00e1n heridos, uno por arma de fuego y el otro por golpes, de gravedad; sus familiares los queremos de regreso\u00bb.<\/p>\n<p>A trav\u00e9s de cuentas de Facebook con el hashtag \u00abJusticia para Luis Armando\u00bb, as\u00ed como \u00abJusticia para Miguel \u00c1ngel\u00bb, los consangu\u00edneos exponen que los elementos estaban en la custodia de la persona privada de su libertad y no tiene nada que ver con la fuga, por lo que pidieron al gobierno estatal que se esclarezca y se investigue a fondo.<\/p>\n<p>Por otra parte, nadie se ha pronunciado en el caso del jefe de custodios, el director del Centro de Reinserci\u00f3n Social (Cereso), ni del Secretario de Seguridad Ciudadana.<\/p>\n<p>Mientras tanto, este lunes inici\u00f3 el plazo de ampliaci\u00f3n que hab\u00edan solicitado las respectivas defensas de los detenidos, por lo que se espera que entre el jueves o viernes quede resuelta su situaci\u00f3n jur\u00eddica, es decir, si quedar\u00e1n sujetos o no a proceso.<\/p>\n","protected":false},"excerpt":{"rendered":"<p>\u00ab\u00a1Son inocentes!\u00bb, aseguran familiares de tres de los seis detenidos por la evasi\u00f3n de un secuestrador sentenciado 50 a\u00f1os de c\u00e1rcel y quien la noche del pasado 28 de febrero fue rescatado del hospital general de Zacatl\u00e1n por un comando de al menos 20 sujetos fuertemente armados. Luego de que un juez les impusiera a&#8230;<\/p>\n","protected":false},"author":15,"featured_media":11290,"comment_status":"open","ping_status":"open","sticky":false,"template":"","format":"standard","meta":[],"categories":[20],"tags":[49,199,195],"yoast_head":"<!-- This site is optimized with the Yoast SEO plugin v20.8 - https:\/\/yoast.com\/wordpress\/plugins\/seo\/ -->\n<title>Iban vestidos de militares, sujetos que rescataron a secuestrador en Zacatl\u00e1n: familiares de polic\u00eda acusado de complicidad - The Puebla Times<\/title>\n<meta name=\"robots\" content=\"index, follow, max-snippet:-1, max-image-preview:large, max-video-preview:-1\" \/>\n<link rel=\"canonical\" href=\"https:\/\/thepueblatimes.mx\/index.php\/2021\/03\/09\/iban-vestidos-de-militares-sujetos-que-rescataron-a-secuestrador-en-zacatlan-familiares-de-policia-acusado-de-complicidad\/\" \/>\n<meta property=\"og:locale\" content=\"es_ES\" \/>\n<meta property=\"og:type\" content=\"article\" \/>\n<meta property=\"og:title\" content=\"Iban vestidos de militares, sujetos que rescataron a secuestrador en Zacatl\u00e1n: familiares de polic\u00eda acusado de complicidad - The Puebla Times\" \/>\n<meta property=\"og:description\" content=\"\u00ab\u00a1Son inocentes!\u00bb, aseguran familiares de tres de los seis detenidos por la evasi\u00f3n de un secuestrador sentenciado 50 a\u00f1os de c\u00e1rcel y quien la noche del pasado 28 de febrero fue rescatado del hospital general de Zacatl\u00e1n por un comando de al menos 20 sujetos fuertemente armados. Luego de que un juez les impusiera a...\" \/>\n<meta property=\"og:url\" content=\"https:\/\/thepueblatimes.mx\/index.php\/2021\/03\/09\/iban-vestidos-de-militares-sujetos-que-rescataron-a-secuestrador-en-zacatlan-familiares-de-policia-acusado-de-complicidad\/\" \/>\n<meta property=\"og:site_name\" content=\"The Puebla Times\" \/>\n<meta property=\"article:published_time\" content=\"2021-03-09T17:04:07+00:00\" \/>\n<meta property=\"og:image\" content=\"https:\/\/thepueblatimes.mx\/wp-content\/uploads\/2021\/03\/3F12E191-C817-4A7A-AF5D-3D5DC92CA54A.png\" \/>\n\t<meta property=\"og:image:width\" content=\"400\" \/>\n\t<meta property=\"og:image:height\" content=\"250\" \/>\n\t<meta property=\"og:image:type\" content=\"image\/png\" \/>\n<meta name=\"author\" content=\"Francisco S\u00e1nchez Nolasco\" \/>\n<meta name=\"twitter:card\" content=\"summary_large_image\" \/>\n<meta name=\"twitter:label1\" content=\"Escrito por\" \/>\n\t<meta name=\"twitter:data1\" content=\"Francisco S\u00e1nchez Nolasco\" \/>\n\t<meta name=\"twitter:label2\" content=\"Tiempo de lectura\" \/>\n\t<meta name=\"twitter:data2\" content=\"3 minutos\" \/>\n<script type=\"application\/ld+json\" class=\"yoast-schema-graph\">{\"@context\":\"https:\/\/schema.org\",\"@graph\":[{\"@type\":\"WebPage\",\"@id\":\"https:\/\/thepueblatimes.mx\/index.php\/2021\/03\/09\/iban-vestidos-de-militares-sujetos-que-rescataron-a-secuestrador-en-zacatlan-familiares-de-policia-acusado-de-complicidad\/\",\"url\":\"https:\/\/thepueblatimes.mx\/index.php\/2021\/03\/09\/iban-vestidos-de-militares-sujetos-que-rescataron-a-secuestrador-en-zacatlan-familiares-de-policia-acusado-de-complicidad\/\",\"name\":\"Iban vestidos de militares, sujetos que rescataron a secuestrador en Zacatl\u00e1n: familiares de polic\u00eda acusado de complicidad - The Puebla Times\",\"isPartOf\":{\"@id\":\"https:\/\/thepueblatimes.mx\/#website\"},\"datePublished\":\"2021-03-09T17:04:07+00:00\",\"dateModified\":\"2021-03-09T17:04:07+00:00\",\"author\":{\"@id\":\"https:\/\/thepueblatimes.mx\/#\/schema\/person\/7bdf2adbc50078b104bba72b5612f774\"},\"breadcrumb\":{\"@id\":\"https:\/\/thepueblatimes.mx\/index.php\/2021\/03\/09\/iban-vestidos-de-militares-sujetos-que-rescataron-a-secuestrador-en-zacatlan-familiares-de-policia-acusado-de-complicidad\/#breadcrumb\"},\"inLanguage\":\"es\",\"potentialAction\":[{\"@type\":\"ReadAction\",\"target\":[\"https:\/\/thepueblatimes.mx\/index.php\/2021\/03\/09\/iban-vestidos-de-militares-sujetos-que-rescataron-a-secuestrador-en-zacatlan-familiares-de-policia-acusado-de-complicidad\/\"]}]},{\"@type\":\"BreadcrumbList\",\"@id\":\"https:\/\/thepueblatimes.mx\/index.php\/2021\/03\/09\/iban-vestidos-de-militares-sujetos-que-rescataron-a-secuestrador-en-zacatlan-familiares-de-policia-acusado-de-complicidad\/#breadcrumb\",\"itemListElement\":[{\"@type\":\"ListItem\",\"position\":1,\"name\":\"Portada\",\"item\":\"https:\/\/thepueblatimes.mx\/\"},{\"@type\":\"ListItem\",\"position\":2,\"name\":\"Iban vestidos de militares, sujetos que rescataron a secuestrador en Zacatl\u00e1n: familiares de polic\u00eda acusado de complicidad\"}]},{\"@type\":\"WebSite\",\"@id\":\"https:\/\/thepueblatimes.mx\/#website\",\"url\":\"https:\/\/thepueblatimes.mx\/\",\"name\":\"The Puebla Times\",\"description\":\"Noticias del Estado de Puebla\",\"potentialAction\":[{\"@type\":\"SearchAction\",\"target\":{\"@type\":\"EntryPoint\",\"urlTemplate\":\"https:\/\/thepueblatimes.mx\/?s={search_term_string}\"},\"query-input\":\"required name=search_term_string\"}],\"inLanguage\":\"es\"},{\"@type\":\"Person\",\"@id\":\"https:\/\/thepueblatimes.mx\/#\/schema\/person\/7bdf2adbc50078b104bba72b5612f774\",\"name\":\"Francisco S\u00e1nchez Nolasco\",\"image\":{\"@type\":\"ImageObject\",\"inLanguage\":\"es\",\"@id\":\"https:\/\/thepueblatimes.mx\/#\/schema\/person\/image\/\",\"url\":\"https:\/\/secure.gravatar.com\/avatar\/6061d7d20b38bc2742a5218401b198d2?s=96&d=mm&r=g\",\"contentUrl\":\"https:\/\/secure.gravatar.com\/avatar\/6061d7d20b38bc2742a5218401b198d2?s=96&d=mm&r=g\",\"caption\":\"Francisco S\u00e1nchez Nolasco\"},\"url\":\"https:\/\/thepueblatimes.mx\/index.php\/author\/marianitha-reyes\/\"}]}<\/script>\n<!-- \/ Yoast SEO plugin. -->","yoast_head_json":{"title":"Iban vestidos de militares, sujetos que rescataron a secuestrador en Zacatl\u00e1n: familiares de polic\u00eda acusado de complicidad - The Puebla Times","robots":{"index":"index","follow":"follow","max-snippet":"max-snippet:-1","max-image-preview":"max-image-preview:large","max-video-preview":"max-video-preview:-1"},"canonical":"https:\/\/thepueblatimes.mx\/index.php\/2021\/03\/09\/iban-vestidos-de-militares-sujetos-que-rescataron-a-secuestrador-en-zacatlan-familiares-de-policia-acusado-de-complicidad\/","og_locale":"es_ES","og_type":"article","og_title":"Iban vestidos de militares, sujetos que rescataron a secuestrador en Zacatl\u00e1n: familiares de polic\u00eda acusado de complicidad - The Puebla Times","og_description":"\u00ab\u00a1Son inocentes!\u00bb, aseguran familiares de tres de los seis detenidos por la evasi\u00f3n de un secuestrador sentenciado 50 a\u00f1os de c\u00e1rcel y quien la noche del pasado 28 de febrero fue rescatado del hospital general de Zacatl\u00e1n por un comando de al menos 20 sujetos fuertemente armados. Luego de que un juez les impusiera a...","og_url":"https:\/\/thepueblatimes.mx\/index.php\/2021\/03\/09\/iban-vestidos-de-militares-sujetos-que-rescataron-a-secuestrador-en-zacatlan-familiares-de-policia-acusado-de-complicidad\/","og_site_name":"The Puebla Times","article_published_time":"2021-03-09T17:04:07+00:00","og_image":[{"width":400,"height":250,"url":"https:\/\/thepueblatimes.mx\/wp-content\/uploads\/2021\/03\/3F12E191-C817-4A7A-AF5D-3D5DC92CA54A.png","type":"image\/png"}],"author":"Francisco S\u00e1nchez Nolasco","twitter_card":"summary_large_image","twitter_misc":{"Escrito por":"Francisco S\u00e1nchez Nolasco","Tiempo de lectura":"3 minutos"},"schema":{"@context":"https:\/\/schema.org","@graph":[{"@type":"WebPage","@id":"https:\/\/thepueblatimes.mx\/index.php\/2021\/03\/09\/iban-vestidos-de-militares-sujetos-que-rescataron-a-secuestrador-en-zacatlan-familiares-de-policia-acusado-de-complicidad\/","url":"https:\/\/thepueblatimes.mx\/index.php\/2021\/03\/09\/iban-vestidos-de-militares-sujetos-que-rescataron-a-secuestrador-en-zacatlan-familiares-de-policia-acusado-de-complicidad\/","name":"Iban vestidos de militares, sujetos que rescataron a secuestrador en Zacatl\u00e1n: familiares de polic\u00eda acusado de complicidad - The Puebla Times","isPartOf":{"@id":"https:\/\/thepueblatimes.mx\/#website"},"datePublished":"2021-03-09T17:04:07+00:00","dateModified":"2021-03-09T17:04:07+00:00","author":{"@id":"https:\/\/thepueblatimes.mx\/#\/schema\/person\/7bdf2adbc50078b104bba72b5612f774"},"breadcrumb":{"@id":"https:\/\/thepueblatimes.mx\/index.php\/2021\/03\/09\/iban-vestidos-de-militares-sujetos-que-rescataron-a-secuestrador-en-zacatlan-familiares-de-policia-acusado-de-complicidad\/#breadcrumb"},"inLanguage":"es","potentialAction":[{"@type":"ReadAction","target":["https:\/\/thepueblatimes.mx\/index.php\/2021\/03\/09\/iban-vestidos-de-militares-sujetos-que-rescataron-a-secuestrador-en-zacatlan-familiares-de-policia-acusado-de-complicidad\/"]}]},{"@type":"BreadcrumbList","@id":"https:\/\/thepueblatimes.mx\/index.php\/2021\/03\/09\/iban-vestidos-de-militares-sujetos-que-rescataron-a-secuestrador-en-zacatlan-familiares-de-policia-acusado-de-complicidad\/#breadcrumb","itemListElement":[{"@type":"ListItem","position":1,"name":"Portada","item":"https:\/\/thepueblatimes.mx\/"},{"@type":"ListItem","position":2,"name":"Iban vestidos de militares, sujetos que rescataron a secuestrador en Zacatl\u00e1n: familiares de polic\u00eda acusado de complicidad"}]},{"@type":"WebSite","@id":"https:\/\/thepueblatimes.mx\/#website","url":"https:\/\/thepueblatimes.mx\/","name":"The Puebla Times","description":"Noticias del Estado de Puebla","potentialAction":[{"@type":"SearchAction","target":{"@type":"EntryPoint","urlTemplate":"https:\/\/thepueblatimes.mx\/?s={search_term_string}"},"query-input":"required name=search_term_string"}],"inLanguage":"es"},{"@type":"Person","@id":"https:\/\/thepueblatimes.mx\/#\/schema\/person\/7bdf2adbc50078b104bba72b5612f774","name":"Francisco S\u00e1nchez Nolasco","image":{"@type":"ImageObject","inLanguage":"es","@id":"https:\/\/thepueblatimes.mx\/#\/schema\/person\/image\/","url":"https:\/\/secure.gravatar.com\/avatar\/6061d7d20b38bc2742a5218401b198d2?s=96&d=mm&r=g","contentUrl":"https:\/\/secure.gravatar.com\/avatar\/6061d7d20b38bc2742a5218401b198d2?s=96&d=mm&r=g","caption":"Francisco S\u00e1nchez Nolasco"},"url":"https:\/\/thepueblatimes.mx\/index.php\/author\/marianitha-reyes\/"}]}},"jetpack_featured_media_url":"https:\/\/thepueblatimes.mx\/wp-content\/uploads\/2021\/03\/3F12E191-C817-4A7A-AF5D-3D5DC92CA54A.png","_links":{"self":[{"href":"https:\/\/thepueblatimes.mx\/index.php\/wp-json\/wp\/v2\/posts\/11289"}],"collection":[{"href":"https:\/\/thepueblatimes.mx\/index.php\/wp-json\/wp\/v2\/posts"}],"about":[{"href":"https:\/\/thepueblatimes.mx\/index.php\/wp-json\/wp\/v2\/types\/post"}],"author":[{"embeddable":true,"href":"https:\/\/thepueblatimes.mx\/index.php\/wp-json\/wp\/v2\/users\/15"}],"replies":[{"embeddable":true,"href":"https:\/\/thepueblatimes.mx\/index.php\/wp-json\/wp\/v2\/comments?post=11289"}],"version-history":[{"count":1,"href":"https:\/\/thepueblatimes.mx\/index.php\/wp-json\/wp\/v2\/posts\/11289\/revisions"}],"predecessor-version":[{"id":11291,"href":"https:\/\/thepueblatimes.mx\/index.php\/wp-json\/wp\/v2\/posts\/11289\/revisions\/11291"}],"wp:featuredmedia":[{"embeddable":true,"href":"https:\/\/thepueblatimes.mx\/index.php\/wp-json\/wp\/v2\/media\/11290"}],"wp:attachment":[{"href":"https:\/\/thepueblatimes.mx\/index.php\/wp-json\/wp\/v2\/media?parent=11289"}],"wp:term":[{"taxonomy":"category","embeddable":true,"href":"https:\/\/thepueblatimes.mx\/index.php\/wp-json\/wp\/v2\/categories?post=11289"},{"taxonomy":"post_tag","embeddable":true,"href":"https:\/\/thepueblatimes.mx\/index.php\/wp-json\/wp\/v2\/tags?post=11289"}],"curies":[{"name":"wp","href":"https:\/\/api.w.org\/{rel}","templated":true}]}}