{"id":11064,"date":"2021-03-04T18:55:24","date_gmt":"2021-03-05T00:55:24","guid":{"rendered":"https:\/\/thepueblatimes.mx\/?p=11064"},"modified":"2021-03-04T18:55:24","modified_gmt":"2021-03-05T00:55:24","slug":"pascual-agredio-sexualmente-a-13-anos-en-la-colonia-san-pedro","status":"publish","type":"post","link":"https:\/\/thepueblatimes.mx\/index.php\/2021\/03\/04\/pascual-agredio-sexualmente-a-13-anos-en-la-colonia-san-pedro\/","title":{"rendered":"Pascual agredi\u00f3 sexualmente a 13 a\u00f1os en la colonia San Pedro"},"content":{"rendered":"<p>La Fiscal\u00eda General del Estado de Puebla obtuvo\u00a0<strong>vinculaci\u00f3n a proceso contra Pascual N.,\u00a0<\/strong>de 35 a\u00f1os de edad, por su presunta responsabilidad en el\u00a0<strong>delito de abuso sexual en agravio de una adolescente de 13 a\u00f1os.<\/strong><\/p>\n<p>De acuerdo con la denuncia, el 5 de noviembre de 2019 la v\u00edctima estaba en el centro de trabajo de su madre ubicado en la colonia San Pedro de la ciudad de Puebla, cuando fue sorprendida por el imputado al interior del sanitario, quien le realiz\u00f3 tocamientos lascivos en diversas partes de su cuerpo.<\/p>\n<p>Al tener conocimiento del hecho, el Agente del Ministerio P\u00fablico solicit\u00f3 a la autoridad judicial la orden de aprehensi\u00f3n contra Pascual N. a quien elementos de la Agencia Estatal de Investigaci\u00f3n detuvieron el pasado 24 de febrero de 2021.<\/p>\n<p>La Fiscal\u00eda Especializada en Investigaci\u00f3n de Delitos de Violencia de G\u00e9nero contra las Mujeres aport\u00f3 elementos de prueba contra el imputado ante el Juez de Control. Pascual N. est\u00e1 vinculado a proceso y en prisi\u00f3n preventiva oficiosa.<\/p>\n","protected":false},"excerpt":{"rendered":"<p>La Fiscal\u00eda General del Estado de Puebla obtuvo\u00a0vinculaci\u00f3n a proceso contra Pascual N.,\u00a0de 35 a\u00f1os de edad, por su presunta responsabilidad en el\u00a0delito de abuso sexual en agravio de una adolescente de 13 a\u00f1os. De acuerdo con la denuncia, el 5 de noviembre de 2019 la v\u00edctima estaba en el centro de trabajo de su&#8230;<\/p>\n","protected":false},"author":15,"featured_media":11065,"comment_status":"open","ping_status":"open","sticky":false,"template":"","format":"standard","meta":[],"categories":[15],"tags":[49,167],"yoast_head":"<!-- This site is optimized with the Yoast SEO plugin v20.8 - https:\/\/yoast.com\/wordpress\/plugins\/seo\/ -->\n<title>Pascual agredi\u00f3 sexualmente a 13 a\u00f1os en la colonia San Pedro - The Puebla Times<\/title>\n<meta name=\"robots\" content=\"index, follow, max-snippet:-1, max-image-preview:large, max-video-preview:-1\" \/>\n<link rel=\"canonical\" href=\"https:\/\/thepueblatimes.mx\/index.php\/2021\/03\/04\/pascual-agredio-sexualmente-a-13-anos-en-la-colonia-san-pedro\/\" \/>\n<meta property=\"og:locale\" content=\"es_ES\" \/>\n<meta property=\"og:type\" content=\"article\" \/>\n<meta property=\"og:title\" content=\"Pascual agredi\u00f3 sexualmente a 13 a\u00f1os en la colonia San Pedro - The Puebla Times\" \/>\n<meta property=\"og:description\" content=\"La Fiscal\u00eda General del Estado de Puebla obtuvo\u00a0vinculaci\u00f3n a proceso contra Pascual N.,\u00a0de 35 a\u00f1os de edad, por su presunta responsabilidad en el\u00a0delito de abuso sexual en agravio de una adolescente de 13 a\u00f1os. De acuerdo con la denuncia, el 5 de noviembre de 2019 la v\u00edctima estaba en el centro de trabajo de su...\" \/>\n<meta property=\"og:url\" content=\"https:\/\/thepueblatimes.mx\/index.php\/2021\/03\/04\/pascual-agredio-sexualmente-a-13-anos-en-la-colonia-san-pedro\/\" \/>\n<meta property=\"og:site_name\" content=\"The Puebla Times\" \/>\n<meta property=\"article:published_time\" content=\"2021-03-05T00:55:24+00:00\" \/>\n<meta property=\"og:image\" content=\"https:\/\/thepueblatimes.mx\/wp-content\/uploads\/2021\/03\/pascual_0.jpg\" \/>\n\t<meta property=\"og:image:width\" content=\"1920\" \/>\n\t<meta property=\"og:image:height\" content=\"1080\" \/>\n\t<meta property=\"og:image:type\" content=\"image\/jpeg\" \/>\n<meta name=\"author\" content=\"Francisco S\u00e1nchez Nolasco\" \/>\n<meta name=\"twitter:card\" content=\"summary_large_image\" \/>\n<meta name=\"twitter:label1\" content=\"Escrito por\" \/>\n\t<meta name=\"twitter:data1\" content=\"Francisco S\u00e1nchez Nolasco\" \/>\n\t<meta name=\"twitter:label2\" content=\"Tiempo de lectura\" \/>\n\t<meta name=\"twitter:data2\" content=\"1 minuto\" \/>\n<script type=\"application\/ld+json\" class=\"yoast-schema-graph\">{\"@context\":\"https:\/\/schema.org\",\"@graph\":[{\"@type\":\"WebPage\",\"@id\":\"https:\/\/thepueblatimes.mx\/index.php\/2021\/03\/04\/pascual-agredio-sexualmente-a-13-anos-en-la-colonia-san-pedro\/\",\"url\":\"https:\/\/thepueblatimes.mx\/index.php\/2021\/03\/04\/pascual-agredio-sexualmente-a-13-anos-en-la-colonia-san-pedro\/\",\"name\":\"Pascual agredi\u00f3 sexualmente a 13 a\u00f1os en la colonia San Pedro - The Puebla Times\",\"isPartOf\":{\"@id\":\"https:\/\/thepueblatimes.mx\/#website\"},\"datePublished\":\"2021-03-05T00:55:24+00:00\",\"dateModified\":\"2021-03-05T00:55:24+00:00\",\"author\":{\"@id\":\"https:\/\/thepueblatimes.mx\/#\/schema\/person\/7bdf2adbc50078b104bba72b5612f774\"},\"breadcrumb\":{\"@id\":\"https:\/\/thepueblatimes.mx\/index.php\/2021\/03\/04\/pascual-agredio-sexualmente-a-13-anos-en-la-colonia-san-pedro\/#breadcrumb\"},\"inLanguage\":\"es\",\"potentialAction\":[{\"@type\":\"ReadAction\",\"target\":[\"https:\/\/thepueblatimes.mx\/index.php\/2021\/03\/04\/pascual-agredio-sexualmente-a-13-anos-en-la-colonia-san-pedro\/\"]}]},{\"@type\":\"BreadcrumbList\",\"@id\":\"https:\/\/thepueblatimes.mx\/index.php\/2021\/03\/04\/pascual-agredio-sexualmente-a-13-anos-en-la-colonia-san-pedro\/#breadcrumb\",\"itemListElement\":[{\"@type\":\"ListItem\",\"position\":1,\"name\":\"Portada\",\"item\":\"https:\/\/thepueblatimes.mx\/\"},{\"@type\":\"ListItem\",\"position\":2,\"name\":\"Pascual agredi\u00f3 sexualmente a 13 a\u00f1os en la colonia San Pedro\"}]},{\"@type\":\"WebSite\",\"@id\":\"https:\/\/thepueblatimes.mx\/#website\",\"url\":\"https:\/\/thepueblatimes.mx\/\",\"name\":\"The Puebla Times\",\"description\":\"Noticias del Estado de Puebla\",\"potentialAction\":[{\"@type\":\"SearchAction\",\"target\":{\"@type\":\"EntryPoint\",\"urlTemplate\":\"https:\/\/thepueblatimes.mx\/?s={search_term_string}\"},\"query-input\":\"required name=search_term_string\"}],\"inLanguage\":\"es\"},{\"@type\":\"Person\",\"@id\":\"https:\/\/thepueblatimes.mx\/#\/schema\/person\/7bdf2adbc50078b104bba72b5612f774\",\"name\":\"Francisco S\u00e1nchez Nolasco\",\"image\":{\"@type\":\"ImageObject\",\"inLanguage\":\"es\",\"@id\":\"https:\/\/thepueblatimes.mx\/#\/schema\/person\/image\/\",\"url\":\"https:\/\/secure.gravatar.com\/avatar\/6061d7d20b38bc2742a5218401b198d2?s=96&d=mm&r=g\",\"contentUrl\":\"https:\/\/secure.gravatar.com\/avatar\/6061d7d20b38bc2742a5218401b198d2?s=96&d=mm&r=g\",\"caption\":\"Francisco S\u00e1nchez Nolasco\"},\"url\":\"https:\/\/thepueblatimes.mx\/index.php\/author\/marianitha-reyes\/\"}]}<\/script>\n<!-- \/ Yoast SEO plugin. -->","yoast_head_json":{"title":"Pascual agredi\u00f3 sexualmente a 13 a\u00f1os en la colonia San Pedro - The Puebla Times","robots":{"index":"index","follow":"follow","max-snippet":"max-snippet:-1","max-image-preview":"max-image-preview:large","max-video-preview":"max-video-preview:-1"},"canonical":"https:\/\/thepueblatimes.mx\/index.php\/2021\/03\/04\/pascual-agredio-sexualmente-a-13-anos-en-la-colonia-san-pedro\/","og_locale":"es_ES","og_type":"article","og_title":"Pascual agredi\u00f3 sexualmente a 13 a\u00f1os en la colonia San Pedro - The Puebla Times","og_description":"La Fiscal\u00eda General del Estado de Puebla obtuvo\u00a0vinculaci\u00f3n a proceso contra Pascual N.,\u00a0de 35 a\u00f1os de edad, por su presunta responsabilidad en el\u00a0delito de abuso sexual en agravio de una adolescente de 13 a\u00f1os. De acuerdo con la denuncia, el 5 de noviembre de 2019 la v\u00edctima estaba en el centro de trabajo de su...","og_url":"https:\/\/thepueblatimes.mx\/index.php\/2021\/03\/04\/pascual-agredio-sexualmente-a-13-anos-en-la-colonia-san-pedro\/","og_site_name":"The Puebla Times","article_published_time":"2021-03-05T00:55:24+00:00","og_image":[{"width":1920,"height":1080,"url":"https:\/\/thepueblatimes.mx\/wp-content\/uploads\/2021\/03\/pascual_0.jpg","type":"image\/jpeg"}],"author":"Francisco S\u00e1nchez Nolasco","twitter_card":"summary_large_image","twitter_misc":{"Escrito por":"Francisco S\u00e1nchez Nolasco","Tiempo de lectura":"1 minuto"},"schema":{"@context":"https:\/\/schema.org","@graph":[{"@type":"WebPage","@id":"https:\/\/thepueblatimes.mx\/index.php\/2021\/03\/04\/pascual-agredio-sexualmente-a-13-anos-en-la-colonia-san-pedro\/","url":"https:\/\/thepueblatimes.mx\/index.php\/2021\/03\/04\/pascual-agredio-sexualmente-a-13-anos-en-la-colonia-san-pedro\/","name":"Pascual agredi\u00f3 sexualmente a 13 a\u00f1os en la colonia San Pedro - The Puebla Times","isPartOf":{"@id":"https:\/\/thepueblatimes.mx\/#website"},"datePublished":"2021-03-05T00:55:24+00:00","dateModified":"2021-03-05T00:55:24+00:00","author":{"@id":"https:\/\/thepueblatimes.mx\/#\/schema\/person\/7bdf2adbc50078b104bba72b5612f774"},"breadcrumb":{"@id":"https:\/\/thepueblatimes.mx\/index.php\/2021\/03\/04\/pascual-agredio-sexualmente-a-13-anos-en-la-colonia-san-pedro\/#breadcrumb"},"inLanguage":"es","potentialAction":[{"@type":"ReadAction","target":["https:\/\/thepueblatimes.mx\/index.php\/2021\/03\/04\/pascual-agredio-sexualmente-a-13-anos-en-la-colonia-san-pedro\/"]}]},{"@type":"BreadcrumbList","@id":"https:\/\/thepueblatimes.mx\/index.php\/2021\/03\/04\/pascual-agredio-sexualmente-a-13-anos-en-la-colonia-san-pedro\/#breadcrumb","itemListElement":[{"@type":"ListItem","position":1,"name":"Portada","item":"https:\/\/thepueblatimes.mx\/"},{"@type":"ListItem","position":2,"name":"Pascual agredi\u00f3 sexualmente a 13 a\u00f1os en la colonia San Pedro"}]},{"@type":"WebSite","@id":"https:\/\/thepueblatimes.mx\/#website","url":"https:\/\/thepueblatimes.mx\/","name":"The Puebla Times","description":"Noticias del Estado de Puebla","potentialAction":[{"@type":"SearchAction","target":{"@type":"EntryPoint","urlTemplate":"https:\/\/thepueblatimes.mx\/?s={search_term_string}"},"query-input":"required name=search_term_string"}],"inLanguage":"es"},{"@type":"Person","@id":"https:\/\/thepueblatimes.mx\/#\/schema\/person\/7bdf2adbc50078b104bba72b5612f774","name":"Francisco S\u00e1nchez Nolasco","image":{"@type":"ImageObject","inLanguage":"es","@id":"https:\/\/thepueblatimes.mx\/#\/schema\/person\/image\/","url":"https:\/\/secure.gravatar.com\/avatar\/6061d7d20b38bc2742a5218401b198d2?s=96&d=mm&r=g","contentUrl":"https:\/\/secure.gravatar.com\/avatar\/6061d7d20b38bc2742a5218401b198d2?s=96&d=mm&r=g","caption":"Francisco S\u00e1nchez Nolasco"},"url":"https:\/\/thepueblatimes.mx\/index.php\/author\/marianitha-reyes\/"}]}},"jetpack_featured_media_url":"https:\/\/thepueblatimes.mx\/wp-content\/uploads\/2021\/03\/pascual_0.jpg","_links":{"self":[{"href":"https:\/\/thepueblatimes.mx\/index.php\/wp-json\/wp\/v2\/posts\/11064"}],"collection":[{"href":"https:\/\/thepueblatimes.mx\/index.php\/wp-json\/wp\/v2\/posts"}],"about":[{"href":"https:\/\/thepueblatimes.mx\/index.php\/wp-json\/wp\/v2\/types\/post"}],"author":[{"embeddable":true,"href":"https:\/\/thepueblatimes.mx\/index.php\/wp-json\/wp\/v2\/users\/15"}],"replies":[{"embeddable":true,"href":"https:\/\/thepueblatimes.mx\/index.php\/wp-json\/wp\/v2\/comments?post=11064"}],"version-history":[{"count":1,"href":"https:\/\/thepueblatimes.mx\/index.php\/wp-json\/wp\/v2\/posts\/11064\/revisions"}],"predecessor-version":[{"id":11066,"href":"https:\/\/thepueblatimes.mx\/index.php\/wp-json\/wp\/v2\/posts\/11064\/revisions\/11066"}],"wp:featuredmedia":[{"embeddable":true,"href":"https:\/\/thepueblatimes.mx\/index.php\/wp-json\/wp\/v2\/media\/11065"}],"wp:attachment":[{"href":"https:\/\/thepueblatimes.mx\/index.php\/wp-json\/wp\/v2\/media?parent=11064"}],"wp:term":[{"taxonomy":"category","embeddable":true,"href":"https:\/\/thepueblatimes.mx\/index.php\/wp-json\/wp\/v2\/categories?post=11064"},{"taxonomy":"post_tag","embeddable":true,"href":"https:\/\/thepueblatimes.mx\/index.php\/wp-json\/wp\/v2\/tags?post=11064"}],"curies":[{"name":"wp","href":"https:\/\/api.w.org\/{rel}","templated":true}]}}