{"id":10970,"date":"2021-03-03T22:50:57","date_gmt":"2021-03-04T04:50:57","guid":{"rendered":"https:\/\/thepueblatimes.mx\/?p=10970"},"modified":"2021-03-03T22:50:57","modified_gmt":"2021-03-04T04:50:57","slug":"por-covid-murieron-3-sentenciados-en-penales-de-tepeaca-y-tecamachalco","status":"publish","type":"post","link":"https:\/\/thepueblatimes.mx\/index.php\/2021\/03\/03\/por-covid-murieron-3-sentenciados-en-penales-de-tepeaca-y-tecamachalco\/","title":{"rendered":"Por Covid murieron 3 sentenciados en penales de Tepeaca y Tecamachalco"},"content":{"rendered":"<div class=\"row\">\n<div class=\"col-xs-12 col-sm-12 note-social-btns\">\n<p>Tecamachalco, Pue.- Por lo menos tres personas privadas de su libertad, que se encontraban en los centros penitenciarios de <strong>Tepeaca y Tecamachalco<\/strong>, perdieron la vida durante 2020 a consecuencia del <strong>COVID-19<\/strong>, esto, seg\u00fan el <strong>Diagn\u00f3stico Penitenciario de la Comisi\u00f3n Estatal de Derechos Humanos 2020.<\/strong><\/p>\n<p>El COVID-19 cobr\u00f3 la vida de por lo menos 2 personas privadas de su libertad sentenciadas del Centro Penitenciario ubicado en el municipio de <strong>Tecamachalco, para sumarse al deceso del subdirector Alejandro S\u00e1nchez Garc\u00eda, <\/strong>sin embargo los contagios se registraron durante los meses de julio, de los cuales solo uno se logr\u00f3 recuperar.<\/p>\n<p>Respecto al Centro Penitenciario de <strong>Tepeaca,<\/strong>en junio se infectaron tres sentenciados, de los cuales uno perdi\u00f3 la vida y dos m\u00e1s lograron recuperarse.<\/p>\n<p>Cabe se\u00f1alar que en la mayor\u00eda de los Centros Penitenciarios se vivi\u00f3 el mismo efecto que en la sociedad civil, registr\u00e1ndose el mayor n\u00famero de contagios durante la primera oleada, durante junio y julio de 2020.<\/p>\n<\/div>\n<\/div>\n","protected":false},"excerpt":{"rendered":"<p>Tecamachalco, Pue.- Por lo menos tres personas privadas de su libertad, que se encontraban en los centros penitenciarios de Tepeaca y Tecamachalco, perdieron la vida durante 2020 a consecuencia del COVID-19, esto, seg\u00fan el Diagn\u00f3stico Penitenciario de la Comisi\u00f3n Estatal de Derechos Humanos 2020. El COVID-19 cobr\u00f3 la vida de por lo menos 2 personas&#8230;<\/p>\n","protected":false},"author":15,"featured_media":10971,"comment_status":"open","ping_status":"open","sticky":false,"template":"","format":"standard","meta":[],"categories":[20],"tags":[71,49],"yoast_head":"<!-- This site is optimized with the Yoast SEO plugin v20.8 - https:\/\/yoast.com\/wordpress\/plugins\/seo\/ -->\n<title>Por Covid murieron 3 sentenciados en penales de Tepeaca y Tecamachalco - The Puebla Times<\/title>\n<meta name=\"robots\" content=\"index, follow, max-snippet:-1, max-image-preview:large, max-video-preview:-1\" \/>\n<link rel=\"canonical\" href=\"https:\/\/thepueblatimes.mx\/index.php\/2021\/03\/03\/por-covid-murieron-3-sentenciados-en-penales-de-tepeaca-y-tecamachalco\/\" \/>\n<meta property=\"og:locale\" content=\"es_ES\" \/>\n<meta property=\"og:type\" content=\"article\" \/>\n<meta property=\"og:title\" content=\"Por Covid murieron 3 sentenciados en penales de Tepeaca y Tecamachalco - The Puebla Times\" \/>\n<meta property=\"og:description\" content=\"Tecamachalco, Pue.- Por lo menos tres personas privadas de su libertad, que se encontraban en los centros penitenciarios de Tepeaca y Tecamachalco, perdieron la vida durante 2020 a consecuencia del COVID-19, esto, seg\u00fan el Diagn\u00f3stico Penitenciario de la Comisi\u00f3n Estatal de Derechos Humanos 2020. El COVID-19 cobr\u00f3 la vida de por lo menos 2 personas...\" \/>\n<meta property=\"og:url\" content=\"https:\/\/thepueblatimes.mx\/index.php\/2021\/03\/03\/por-covid-murieron-3-sentenciados-en-penales-de-tepeaca-y-tecamachalco\/\" \/>\n<meta property=\"og:site_name\" content=\"The Puebla Times\" \/>\n<meta property=\"article:published_time\" content=\"2021-03-04T04:50:57+00:00\" \/>\n<meta property=\"og:image\" content=\"https:\/\/thepueblatimes.mx\/wp-content\/uploads\/2021\/03\/9218F72A-DED4-42F1-ACA1-7D16C52F1EDC-scaled.jpeg\" \/>\n\t<meta property=\"og:image:width\" content=\"2560\" \/>\n\t<meta property=\"og:image:height\" content=\"1437\" \/>\n\t<meta property=\"og:image:type\" content=\"image\/jpeg\" \/>\n<meta name=\"author\" content=\"Francisco S\u00e1nchez Nolasco\" \/>\n<meta name=\"twitter:card\" content=\"summary_large_image\" \/>\n<meta name=\"twitter:label1\" content=\"Escrito por\" \/>\n\t<meta name=\"twitter:data1\" content=\"Francisco S\u00e1nchez Nolasco\" \/>\n\t<meta name=\"twitter:label2\" content=\"Tiempo de lectura\" \/>\n\t<meta name=\"twitter:data2\" content=\"1 minuto\" \/>\n<script type=\"application\/ld+json\" class=\"yoast-schema-graph\">{\"@context\":\"https:\/\/schema.org\",\"@graph\":[{\"@type\":\"WebPage\",\"@id\":\"https:\/\/thepueblatimes.mx\/index.php\/2021\/03\/03\/por-covid-murieron-3-sentenciados-en-penales-de-tepeaca-y-tecamachalco\/\",\"url\":\"https:\/\/thepueblatimes.mx\/index.php\/2021\/03\/03\/por-covid-murieron-3-sentenciados-en-penales-de-tepeaca-y-tecamachalco\/\",\"name\":\"Por Covid murieron 3 sentenciados en penales de Tepeaca y Tecamachalco - The Puebla Times\",\"isPartOf\":{\"@id\":\"https:\/\/thepueblatimes.mx\/#website\"},\"datePublished\":\"2021-03-04T04:50:57+00:00\",\"dateModified\":\"2021-03-04T04:50:57+00:00\",\"author\":{\"@id\":\"https:\/\/thepueblatimes.mx\/#\/schema\/person\/7bdf2adbc50078b104bba72b5612f774\"},\"breadcrumb\":{\"@id\":\"https:\/\/thepueblatimes.mx\/index.php\/2021\/03\/03\/por-covid-murieron-3-sentenciados-en-penales-de-tepeaca-y-tecamachalco\/#breadcrumb\"},\"inLanguage\":\"es\",\"potentialAction\":[{\"@type\":\"ReadAction\",\"target\":[\"https:\/\/thepueblatimes.mx\/index.php\/2021\/03\/03\/por-covid-murieron-3-sentenciados-en-penales-de-tepeaca-y-tecamachalco\/\"]}]},{\"@type\":\"BreadcrumbList\",\"@id\":\"https:\/\/thepueblatimes.mx\/index.php\/2021\/03\/03\/por-covid-murieron-3-sentenciados-en-penales-de-tepeaca-y-tecamachalco\/#breadcrumb\",\"itemListElement\":[{\"@type\":\"ListItem\",\"position\":1,\"name\":\"Portada\",\"item\":\"https:\/\/thepueblatimes.mx\/\"},{\"@type\":\"ListItem\",\"position\":2,\"name\":\"Por Covid murieron 3 sentenciados en penales de Tepeaca y Tecamachalco\"}]},{\"@type\":\"WebSite\",\"@id\":\"https:\/\/thepueblatimes.mx\/#website\",\"url\":\"https:\/\/thepueblatimes.mx\/\",\"name\":\"The Puebla Times\",\"description\":\"Noticias del Estado de Puebla\",\"potentialAction\":[{\"@type\":\"SearchAction\",\"target\":{\"@type\":\"EntryPoint\",\"urlTemplate\":\"https:\/\/thepueblatimes.mx\/?s={search_term_string}\"},\"query-input\":\"required name=search_term_string\"}],\"inLanguage\":\"es\"},{\"@type\":\"Person\",\"@id\":\"https:\/\/thepueblatimes.mx\/#\/schema\/person\/7bdf2adbc50078b104bba72b5612f774\",\"name\":\"Francisco S\u00e1nchez Nolasco\",\"image\":{\"@type\":\"ImageObject\",\"inLanguage\":\"es\",\"@id\":\"https:\/\/thepueblatimes.mx\/#\/schema\/person\/image\/\",\"url\":\"https:\/\/secure.gravatar.com\/avatar\/6061d7d20b38bc2742a5218401b198d2?s=96&d=mm&r=g\",\"contentUrl\":\"https:\/\/secure.gravatar.com\/avatar\/6061d7d20b38bc2742a5218401b198d2?s=96&d=mm&r=g\",\"caption\":\"Francisco S\u00e1nchez Nolasco\"},\"url\":\"https:\/\/thepueblatimes.mx\/index.php\/author\/marianitha-reyes\/\"}]}<\/script>\n<!-- \/ Yoast SEO plugin. -->","yoast_head_json":{"title":"Por Covid murieron 3 sentenciados en penales de Tepeaca y Tecamachalco - The Puebla Times","robots":{"index":"index","follow":"follow","max-snippet":"max-snippet:-1","max-image-preview":"max-image-preview:large","max-video-preview":"max-video-preview:-1"},"canonical":"https:\/\/thepueblatimes.mx\/index.php\/2021\/03\/03\/por-covid-murieron-3-sentenciados-en-penales-de-tepeaca-y-tecamachalco\/","og_locale":"es_ES","og_type":"article","og_title":"Por Covid murieron 3 sentenciados en penales de Tepeaca y Tecamachalco - The Puebla Times","og_description":"Tecamachalco, Pue.- Por lo menos tres personas privadas de su libertad, que se encontraban en los centros penitenciarios de Tepeaca y Tecamachalco, perdieron la vida durante 2020 a consecuencia del COVID-19, esto, seg\u00fan el Diagn\u00f3stico Penitenciario de la Comisi\u00f3n Estatal de Derechos Humanos 2020. El COVID-19 cobr\u00f3 la vida de por lo menos 2 personas...","og_url":"https:\/\/thepueblatimes.mx\/index.php\/2021\/03\/03\/por-covid-murieron-3-sentenciados-en-penales-de-tepeaca-y-tecamachalco\/","og_site_name":"The Puebla Times","article_published_time":"2021-03-04T04:50:57+00:00","og_image":[{"width":2560,"height":1437,"url":"https:\/\/thepueblatimes.mx\/wp-content\/uploads\/2021\/03\/9218F72A-DED4-42F1-ACA1-7D16C52F1EDC-scaled.jpeg","type":"image\/jpeg"}],"author":"Francisco S\u00e1nchez Nolasco","twitter_card":"summary_large_image","twitter_misc":{"Escrito por":"Francisco S\u00e1nchez Nolasco","Tiempo de lectura":"1 minuto"},"schema":{"@context":"https:\/\/schema.org","@graph":[{"@type":"WebPage","@id":"https:\/\/thepueblatimes.mx\/index.php\/2021\/03\/03\/por-covid-murieron-3-sentenciados-en-penales-de-tepeaca-y-tecamachalco\/","url":"https:\/\/thepueblatimes.mx\/index.php\/2021\/03\/03\/por-covid-murieron-3-sentenciados-en-penales-de-tepeaca-y-tecamachalco\/","name":"Por Covid murieron 3 sentenciados en penales de Tepeaca y Tecamachalco - The Puebla Times","isPartOf":{"@id":"https:\/\/thepueblatimes.mx\/#website"},"datePublished":"2021-03-04T04:50:57+00:00","dateModified":"2021-03-04T04:50:57+00:00","author":{"@id":"https:\/\/thepueblatimes.mx\/#\/schema\/person\/7bdf2adbc50078b104bba72b5612f774"},"breadcrumb":{"@id":"https:\/\/thepueblatimes.mx\/index.php\/2021\/03\/03\/por-covid-murieron-3-sentenciados-en-penales-de-tepeaca-y-tecamachalco\/#breadcrumb"},"inLanguage":"es","potentialAction":[{"@type":"ReadAction","target":["https:\/\/thepueblatimes.mx\/index.php\/2021\/03\/03\/por-covid-murieron-3-sentenciados-en-penales-de-tepeaca-y-tecamachalco\/"]}]},{"@type":"BreadcrumbList","@id":"https:\/\/thepueblatimes.mx\/index.php\/2021\/03\/03\/por-covid-murieron-3-sentenciados-en-penales-de-tepeaca-y-tecamachalco\/#breadcrumb","itemListElement":[{"@type":"ListItem","position":1,"name":"Portada","item":"https:\/\/thepueblatimes.mx\/"},{"@type":"ListItem","position":2,"name":"Por Covid murieron 3 sentenciados en penales de Tepeaca y Tecamachalco"}]},{"@type":"WebSite","@id":"https:\/\/thepueblatimes.mx\/#website","url":"https:\/\/thepueblatimes.mx\/","name":"The Puebla Times","description":"Noticias del Estado de Puebla","potentialAction":[{"@type":"SearchAction","target":{"@type":"EntryPoint","urlTemplate":"https:\/\/thepueblatimes.mx\/?s={search_term_string}"},"query-input":"required name=search_term_string"}],"inLanguage":"es"},{"@type":"Person","@id":"https:\/\/thepueblatimes.mx\/#\/schema\/person\/7bdf2adbc50078b104bba72b5612f774","name":"Francisco S\u00e1nchez Nolasco","image":{"@type":"ImageObject","inLanguage":"es","@id":"https:\/\/thepueblatimes.mx\/#\/schema\/person\/image\/","url":"https:\/\/secure.gravatar.com\/avatar\/6061d7d20b38bc2742a5218401b198d2?s=96&d=mm&r=g","contentUrl":"https:\/\/secure.gravatar.com\/avatar\/6061d7d20b38bc2742a5218401b198d2?s=96&d=mm&r=g","caption":"Francisco S\u00e1nchez Nolasco"},"url":"https:\/\/thepueblatimes.mx\/index.php\/author\/marianitha-reyes\/"}]}},"jetpack_featured_media_url":"https:\/\/thepueblatimes.mx\/wp-content\/uploads\/2021\/03\/9218F72A-DED4-42F1-ACA1-7D16C52F1EDC-scaled.jpeg","_links":{"self":[{"href":"https:\/\/thepueblatimes.mx\/index.php\/wp-json\/wp\/v2\/posts\/10970"}],"collection":[{"href":"https:\/\/thepueblatimes.mx\/index.php\/wp-json\/wp\/v2\/posts"}],"about":[{"href":"https:\/\/thepueblatimes.mx\/index.php\/wp-json\/wp\/v2\/types\/post"}],"author":[{"embeddable":true,"href":"https:\/\/thepueblatimes.mx\/index.php\/wp-json\/wp\/v2\/users\/15"}],"replies":[{"embeddable":true,"href":"https:\/\/thepueblatimes.mx\/index.php\/wp-json\/wp\/v2\/comments?post=10970"}],"version-history":[{"count":1,"href":"https:\/\/thepueblatimes.mx\/index.php\/wp-json\/wp\/v2\/posts\/10970\/revisions"}],"predecessor-version":[{"id":10972,"href":"https:\/\/thepueblatimes.mx\/index.php\/wp-json\/wp\/v2\/posts\/10970\/revisions\/10972"}],"wp:featuredmedia":[{"embeddable":true,"href":"https:\/\/thepueblatimes.mx\/index.php\/wp-json\/wp\/v2\/media\/10971"}],"wp:attachment":[{"href":"https:\/\/thepueblatimes.mx\/index.php\/wp-json\/wp\/v2\/media?parent=10970"}],"wp:term":[{"taxonomy":"category","embeddable":true,"href":"https:\/\/thepueblatimes.mx\/index.php\/wp-json\/wp\/v2\/categories?post=10970"},{"taxonomy":"post_tag","embeddable":true,"href":"https:\/\/thepueblatimes.mx\/index.php\/wp-json\/wp\/v2\/tags?post=10970"}],"curies":[{"name":"wp","href":"https:\/\/api.w.org\/{rel}","templated":true}]}}