{"id":10810,"date":"2021-03-01T22:43:46","date_gmt":"2021-03-02T04:43:46","guid":{"rendered":"https:\/\/thepueblatimes.mx\/?p=10810"},"modified":"2021-03-01T22:43:46","modified_gmt":"2021-03-02T04:43:46","slug":"los-detienen-por-robar-vivienda-en-huejotzingo","status":"publish","type":"post","link":"https:\/\/thepueblatimes.mx\/index.php\/2021\/03\/01\/los-detienen-por-robar-vivienda-en-huejotzingo\/","title":{"rendered":"Los detienen por robar vivienda en Huejotzingo"},"content":{"rendered":"<p>Huejotzingo, Pue.- Elementos de la Secretar\u00eda de Seguridad P\u00fablica de Huejotzingo <strong>detuvieron en el bulevar Aeropuerto, perteneciente al Primer Barrio de la cabecera municipal, a Ir\u00e1n X. de 25 a\u00f1os de edad, Ismael Ulises Z. de 20 a\u00f1os y Edith Magalli M., de 19 a\u00f1os de edad, por ser presuntamente responsables del robo a una vivienda ubicada en el fraccionamiento Valle de San Miguel.<\/strong><\/p>\n<p>Uniformados municipales efectuaban un recorrido de vigilancia en el fraccionamiento Valle de San Miguel, cuando fueron alertados por un masculino, el cual <strong>refiri\u00f3 que tres personas a bordo de una camioneta marca Chevrolet color blanco, hab\u00edan ingresado a su domicilio para robar algunas de sus pertenencias<\/strong>.<\/p>\n<p>Tras estos hechos, r\u00e1pidamente se activaron los protocolos de b\u00fasqueda, <strong>los cuales arrojaron la localizaci\u00f3n de las personas y el veh\u00edculo en el que viajaban<\/strong>. Cabe se\u00f1alar que, los ahora detenidos pretendieron huir sin tener \u00e9xito.<\/p>\n<p>En estricto apego a los derechos humanos se le realiz\u00f3 una inspecci\u00f3n preventiva, <strong>encontr\u00e1ndoles una pantalla y art\u00edculos de uso personal de la v\u00edctima.<\/strong><\/p>\n<p>Los asegurados fueron puestos a disposici\u00f3n de las instancias correspondientes para las investigaciones a las que haya lugar.<\/p>\n<p>La Secretar\u00eda de Seguridad P\u00fablica de Huejotzingo, atiende con eficiencia los reportes ciudadanos y reafirma el trabajo coordinado entre los tres \u00f3rdenes de gobierno, con el firme compromiso de procurar el orden en Cabecera Municipal, Fraccionamientos y Juntas Auxiliares.<\/p>\n","protected":false},"excerpt":{"rendered":"<p>Huejotzingo, Pue.- Elementos de la Secretar\u00eda de Seguridad P\u00fablica de Huejotzingo detuvieron en el bulevar Aeropuerto, perteneciente al Primer Barrio de la cabecera municipal, a Ir\u00e1n X. de 25 a\u00f1os de edad, Ismael Ulises Z. de 20 a\u00f1os y Edith Magalli M., de 19 a\u00f1os de edad, por ser presuntamente responsables del robo a una&#8230;<\/p>\n","protected":false},"author":15,"featured_media":10812,"comment_status":"open","ping_status":"open","sticky":false,"template":"","format":"standard","meta":[],"categories":[20],"tags":[],"yoast_head":"<!-- This site is optimized with the Yoast SEO plugin v20.8 - https:\/\/yoast.com\/wordpress\/plugins\/seo\/ -->\n<title>Los detienen por robar vivienda en Huejotzingo - The Puebla Times<\/title>\n<meta name=\"robots\" content=\"index, follow, max-snippet:-1, max-image-preview:large, max-video-preview:-1\" \/>\n<link rel=\"canonical\" href=\"https:\/\/thepueblatimes.mx\/index.php\/2021\/03\/01\/los-detienen-por-robar-vivienda-en-huejotzingo\/\" \/>\n<meta property=\"og:locale\" content=\"es_ES\" \/>\n<meta property=\"og:type\" content=\"article\" \/>\n<meta property=\"og:title\" content=\"Los detienen por robar vivienda en Huejotzingo - The Puebla Times\" \/>\n<meta property=\"og:description\" content=\"Huejotzingo, Pue.- Elementos de la Secretar\u00eda de Seguridad P\u00fablica de Huejotzingo detuvieron en el bulevar Aeropuerto, perteneciente al Primer Barrio de la cabecera municipal, a Ir\u00e1n X. de 25 a\u00f1os de edad, Ismael Ulises Z. de 20 a\u00f1os y Edith Magalli M., de 19 a\u00f1os de edad, por ser presuntamente responsables del robo a una...\" \/>\n<meta property=\"og:url\" content=\"https:\/\/thepueblatimes.mx\/index.php\/2021\/03\/01\/los-detienen-por-robar-vivienda-en-huejotzingo\/\" \/>\n<meta property=\"og:site_name\" content=\"The Puebla Times\" \/>\n<meta property=\"article:published_time\" content=\"2021-03-02T04:43:46+00:00\" \/>\n<meta property=\"og:image\" content=\"https:\/\/thepueblatimes.mx\/wp-content\/uploads\/2021\/03\/BB3CB1C9-5850-434B-B5C2-4CDE3360C2D7.jpeg\" \/>\n\t<meta property=\"og:image:width\" content=\"1014\" \/>\n\t<meta property=\"og:image:height\" content=\"554\" \/>\n\t<meta property=\"og:image:type\" content=\"image\/jpeg\" \/>\n<meta name=\"author\" content=\"Francisco S\u00e1nchez Nolasco\" \/>\n<meta name=\"twitter:card\" content=\"summary_large_image\" \/>\n<meta name=\"twitter:label1\" content=\"Escrito por\" \/>\n\t<meta name=\"twitter:data1\" content=\"Francisco S\u00e1nchez Nolasco\" \/>\n\t<meta name=\"twitter:label2\" content=\"Tiempo de lectura\" \/>\n\t<meta name=\"twitter:data2\" content=\"1 minuto\" \/>\n<script type=\"application\/ld+json\" class=\"yoast-schema-graph\">{\"@context\":\"https:\/\/schema.org\",\"@graph\":[{\"@type\":\"WebPage\",\"@id\":\"https:\/\/thepueblatimes.mx\/index.php\/2021\/03\/01\/los-detienen-por-robar-vivienda-en-huejotzingo\/\",\"url\":\"https:\/\/thepueblatimes.mx\/index.php\/2021\/03\/01\/los-detienen-por-robar-vivienda-en-huejotzingo\/\",\"name\":\"Los detienen por robar vivienda en Huejotzingo - The Puebla Times\",\"isPartOf\":{\"@id\":\"https:\/\/thepueblatimes.mx\/#website\"},\"datePublished\":\"2021-03-02T04:43:46+00:00\",\"dateModified\":\"2021-03-02T04:43:46+00:00\",\"author\":{\"@id\":\"https:\/\/thepueblatimes.mx\/#\/schema\/person\/7bdf2adbc50078b104bba72b5612f774\"},\"breadcrumb\":{\"@id\":\"https:\/\/thepueblatimes.mx\/index.php\/2021\/03\/01\/los-detienen-por-robar-vivienda-en-huejotzingo\/#breadcrumb\"},\"inLanguage\":\"es\",\"potentialAction\":[{\"@type\":\"ReadAction\",\"target\":[\"https:\/\/thepueblatimes.mx\/index.php\/2021\/03\/01\/los-detienen-por-robar-vivienda-en-huejotzingo\/\"]}]},{\"@type\":\"BreadcrumbList\",\"@id\":\"https:\/\/thepueblatimes.mx\/index.php\/2021\/03\/01\/los-detienen-por-robar-vivienda-en-huejotzingo\/#breadcrumb\",\"itemListElement\":[{\"@type\":\"ListItem\",\"position\":1,\"name\":\"Portada\",\"item\":\"https:\/\/thepueblatimes.mx\/\"},{\"@type\":\"ListItem\",\"position\":2,\"name\":\"Los detienen por robar vivienda en Huejotzingo\"}]},{\"@type\":\"WebSite\",\"@id\":\"https:\/\/thepueblatimes.mx\/#website\",\"url\":\"https:\/\/thepueblatimes.mx\/\",\"name\":\"The Puebla Times\",\"description\":\"Noticias del Estado de Puebla\",\"potentialAction\":[{\"@type\":\"SearchAction\",\"target\":{\"@type\":\"EntryPoint\",\"urlTemplate\":\"https:\/\/thepueblatimes.mx\/?s={search_term_string}\"},\"query-input\":\"required name=search_term_string\"}],\"inLanguage\":\"es\"},{\"@type\":\"Person\",\"@id\":\"https:\/\/thepueblatimes.mx\/#\/schema\/person\/7bdf2adbc50078b104bba72b5612f774\",\"name\":\"Francisco S\u00e1nchez Nolasco\",\"image\":{\"@type\":\"ImageObject\",\"inLanguage\":\"es\",\"@id\":\"https:\/\/thepueblatimes.mx\/#\/schema\/person\/image\/\",\"url\":\"https:\/\/secure.gravatar.com\/avatar\/6061d7d20b38bc2742a5218401b198d2?s=96&d=mm&r=g\",\"contentUrl\":\"https:\/\/secure.gravatar.com\/avatar\/6061d7d20b38bc2742a5218401b198d2?s=96&d=mm&r=g\",\"caption\":\"Francisco S\u00e1nchez Nolasco\"},\"url\":\"https:\/\/thepueblatimes.mx\/index.php\/author\/marianitha-reyes\/\"}]}<\/script>\n<!-- \/ Yoast SEO plugin. -->","yoast_head_json":{"title":"Los detienen por robar vivienda en Huejotzingo - The Puebla Times","robots":{"index":"index","follow":"follow","max-snippet":"max-snippet:-1","max-image-preview":"max-image-preview:large","max-video-preview":"max-video-preview:-1"},"canonical":"https:\/\/thepueblatimes.mx\/index.php\/2021\/03\/01\/los-detienen-por-robar-vivienda-en-huejotzingo\/","og_locale":"es_ES","og_type":"article","og_title":"Los detienen por robar vivienda en Huejotzingo - The Puebla Times","og_description":"Huejotzingo, Pue.- Elementos de la Secretar\u00eda de Seguridad P\u00fablica de Huejotzingo detuvieron en el bulevar Aeropuerto, perteneciente al Primer Barrio de la cabecera municipal, a Ir\u00e1n X. de 25 a\u00f1os de edad, Ismael Ulises Z. de 20 a\u00f1os y Edith Magalli M., de 19 a\u00f1os de edad, por ser presuntamente responsables del robo a una...","og_url":"https:\/\/thepueblatimes.mx\/index.php\/2021\/03\/01\/los-detienen-por-robar-vivienda-en-huejotzingo\/","og_site_name":"The Puebla Times","article_published_time":"2021-03-02T04:43:46+00:00","og_image":[{"width":1014,"height":554,"url":"https:\/\/thepueblatimes.mx\/wp-content\/uploads\/2021\/03\/BB3CB1C9-5850-434B-B5C2-4CDE3360C2D7.jpeg","type":"image\/jpeg"}],"author":"Francisco S\u00e1nchez Nolasco","twitter_card":"summary_large_image","twitter_misc":{"Escrito por":"Francisco S\u00e1nchez Nolasco","Tiempo de lectura":"1 minuto"},"schema":{"@context":"https:\/\/schema.org","@graph":[{"@type":"WebPage","@id":"https:\/\/thepueblatimes.mx\/index.php\/2021\/03\/01\/los-detienen-por-robar-vivienda-en-huejotzingo\/","url":"https:\/\/thepueblatimes.mx\/index.php\/2021\/03\/01\/los-detienen-por-robar-vivienda-en-huejotzingo\/","name":"Los detienen por robar vivienda en Huejotzingo - The Puebla Times","isPartOf":{"@id":"https:\/\/thepueblatimes.mx\/#website"},"datePublished":"2021-03-02T04:43:46+00:00","dateModified":"2021-03-02T04:43:46+00:00","author":{"@id":"https:\/\/thepueblatimes.mx\/#\/schema\/person\/7bdf2adbc50078b104bba72b5612f774"},"breadcrumb":{"@id":"https:\/\/thepueblatimes.mx\/index.php\/2021\/03\/01\/los-detienen-por-robar-vivienda-en-huejotzingo\/#breadcrumb"},"inLanguage":"es","potentialAction":[{"@type":"ReadAction","target":["https:\/\/thepueblatimes.mx\/index.php\/2021\/03\/01\/los-detienen-por-robar-vivienda-en-huejotzingo\/"]}]},{"@type":"BreadcrumbList","@id":"https:\/\/thepueblatimes.mx\/index.php\/2021\/03\/01\/los-detienen-por-robar-vivienda-en-huejotzingo\/#breadcrumb","itemListElement":[{"@type":"ListItem","position":1,"name":"Portada","item":"https:\/\/thepueblatimes.mx\/"},{"@type":"ListItem","position":2,"name":"Los detienen por robar vivienda en Huejotzingo"}]},{"@type":"WebSite","@id":"https:\/\/thepueblatimes.mx\/#website","url":"https:\/\/thepueblatimes.mx\/","name":"The Puebla Times","description":"Noticias del Estado de Puebla","potentialAction":[{"@type":"SearchAction","target":{"@type":"EntryPoint","urlTemplate":"https:\/\/thepueblatimes.mx\/?s={search_term_string}"},"query-input":"required name=search_term_string"}],"inLanguage":"es"},{"@type":"Person","@id":"https:\/\/thepueblatimes.mx\/#\/schema\/person\/7bdf2adbc50078b104bba72b5612f774","name":"Francisco S\u00e1nchez Nolasco","image":{"@type":"ImageObject","inLanguage":"es","@id":"https:\/\/thepueblatimes.mx\/#\/schema\/person\/image\/","url":"https:\/\/secure.gravatar.com\/avatar\/6061d7d20b38bc2742a5218401b198d2?s=96&d=mm&r=g","contentUrl":"https:\/\/secure.gravatar.com\/avatar\/6061d7d20b38bc2742a5218401b198d2?s=96&d=mm&r=g","caption":"Francisco S\u00e1nchez Nolasco"},"url":"https:\/\/thepueblatimes.mx\/index.php\/author\/marianitha-reyes\/"}]}},"jetpack_featured_media_url":"https:\/\/thepueblatimes.mx\/wp-content\/uploads\/2021\/03\/BB3CB1C9-5850-434B-B5C2-4CDE3360C2D7.jpeg","_links":{"self":[{"href":"https:\/\/thepueblatimes.mx\/index.php\/wp-json\/wp\/v2\/posts\/10810"}],"collection":[{"href":"https:\/\/thepueblatimes.mx\/index.php\/wp-json\/wp\/v2\/posts"}],"about":[{"href":"https:\/\/thepueblatimes.mx\/index.php\/wp-json\/wp\/v2\/types\/post"}],"author":[{"embeddable":true,"href":"https:\/\/thepueblatimes.mx\/index.php\/wp-json\/wp\/v2\/users\/15"}],"replies":[{"embeddable":true,"href":"https:\/\/thepueblatimes.mx\/index.php\/wp-json\/wp\/v2\/comments?post=10810"}],"version-history":[{"count":1,"href":"https:\/\/thepueblatimes.mx\/index.php\/wp-json\/wp\/v2\/posts\/10810\/revisions"}],"predecessor-version":[{"id":10813,"href":"https:\/\/thepueblatimes.mx\/index.php\/wp-json\/wp\/v2\/posts\/10810\/revisions\/10813"}],"wp:featuredmedia":[{"embeddable":true,"href":"https:\/\/thepueblatimes.mx\/index.php\/wp-json\/wp\/v2\/media\/10812"}],"wp:attachment":[{"href":"https:\/\/thepueblatimes.mx\/index.php\/wp-json\/wp\/v2\/media?parent=10810"}],"wp:term":[{"taxonomy":"category","embeddable":true,"href":"https:\/\/thepueblatimes.mx\/index.php\/wp-json\/wp\/v2\/categories?post=10810"},{"taxonomy":"post_tag","embeddable":true,"href":"https:\/\/thepueblatimes.mx\/index.php\/wp-json\/wp\/v2\/tags?post=10810"}],"curies":[{"name":"wp","href":"https:\/\/api.w.org\/{rel}","templated":true}]}}