{"id":10502,"date":"2021-02-23T22:16:57","date_gmt":"2021-02-24T04:16:57","guid":{"rendered":"https:\/\/thepueblatimes.mx\/?p=10502"},"modified":"2021-02-23T22:16:57","modified_gmt":"2021-02-24T04:16:57","slug":"les-cae-la-justicia-en-pleno-asalto-en-la-ruta-angelopolis","status":"publish","type":"post","link":"https:\/\/thepueblatimes.mx\/index.php\/2021\/02\/23\/les-cae-la-justicia-en-pleno-asalto-en-la-ruta-angelopolis\/","title":{"rendered":"Les cae la justicia en pleno asalto en la ruta Angel\u00f3polis"},"content":{"rendered":"<div class=\"content-body clearfix \">\n<div id=\"content-body-225-6394724\">\n<p>Dos mujeres y un hombre, presuntos asaltantes de transporte p\u00fablico, fueron detenidos en flagrancia por elementos de la Polic\u00eda Estatal, tras una solicitud de ayuda en el parador de Angel\u00f3polis, frente al Centro Integral de Servicios (CIS), la ma\u00f1ana de este lunes.<\/p>\n<p>Fuentes polic\u00edacas revelaron que al menos cuatro sujetos abordaron la unidad 22 de la ruta Angel\u00f3polis sobre la V\u00eda Atlixc\u00e1yotl y antes de llegar al CIS comenzaron a desvalijar a los pasajeros.<\/p>\n<\/div>\n<\/div>\n<article class=\"content-continued-body clearfix \">\n<div id=\"content-body-5851641-6394724\">\n<p>Dado a los patrullajes por la zona, uniformados estatales lograron percatarse de los hechos y en flagrancia detuvieron al par de f\u00e9minas y a un var\u00f3n, aunque otro logr\u00f3 escapar.<\/p>\n<p>Los acusados fueron remitidos para hacerles su puesta a disposici\u00f3n de las autoridades ministeriales y resolver su situaci\u00f3n legal.<\/p>\n<p>Trascendi\u00f3 que ten\u00edan en su poder las pertenec\u00edas de los afectados y algunas dosis de drogas, adem\u00e1s de que estar\u00edan relacionados a m\u00e1s asaltos similares.<\/p>\n<\/div>\n<\/article>\n","protected":false},"excerpt":{"rendered":"<p>Dos mujeres y un hombre, presuntos asaltantes de transporte p\u00fablico, fueron detenidos en flagrancia por elementos de la Polic\u00eda Estatal, tras una solicitud de ayuda en el parador de Angel\u00f3polis, frente al Centro Integral de Servicios (CIS), la ma\u00f1ana de este lunes. Fuentes polic\u00edacas revelaron que al menos cuatro sujetos abordaron la unidad 22 de&#8230;<\/p>\n","protected":false},"author":15,"featured_media":10503,"comment_status":"open","ping_status":"open","sticky":false,"template":"","format":"standard","meta":[],"categories":[1],"tags":[430,179],"yoast_head":"<!-- This site is optimized with the Yoast SEO plugin v20.8 - https:\/\/yoast.com\/wordpress\/plugins\/seo\/ -->\n<title>Les cae la justicia en pleno asalto en la ruta Angel\u00f3polis - The Puebla Times<\/title>\n<meta name=\"robots\" content=\"index, follow, max-snippet:-1, max-image-preview:large, max-video-preview:-1\" \/>\n<link rel=\"canonical\" href=\"https:\/\/thepueblatimes.mx\/index.php\/2021\/02\/23\/les-cae-la-justicia-en-pleno-asalto-en-la-ruta-angelopolis\/\" \/>\n<meta property=\"og:locale\" content=\"es_ES\" \/>\n<meta property=\"og:type\" content=\"article\" \/>\n<meta property=\"og:title\" content=\"Les cae la justicia en pleno asalto en la ruta Angel\u00f3polis - The Puebla Times\" \/>\n<meta property=\"og:description\" content=\"Dos mujeres y un hombre, presuntos asaltantes de transporte p\u00fablico, fueron detenidos en flagrancia por elementos de la Polic\u00eda Estatal, tras una solicitud de ayuda en el parador de Angel\u00f3polis, frente al Centro Integral de Servicios (CIS), la ma\u00f1ana de este lunes. Fuentes polic\u00edacas revelaron que al menos cuatro sujetos abordaron la unidad 22 de...\" \/>\n<meta property=\"og:url\" content=\"https:\/\/thepueblatimes.mx\/index.php\/2021\/02\/23\/les-cae-la-justicia-en-pleno-asalto-en-la-ruta-angelopolis\/\" \/>\n<meta property=\"og:site_name\" content=\"The Puebla Times\" \/>\n<meta property=\"article:published_time\" content=\"2021-02-24T04:16:57+00:00\" \/>\n<meta property=\"og:image\" content=\"https:\/\/thepueblatimes.mx\/wp-content\/uploads\/2021\/02\/sirena-patrulla.jpg\" \/>\n\t<meta property=\"og:image:width\" content=\"768\" \/>\n\t<meta property=\"og:image:height\" content=\"479\" \/>\n\t<meta property=\"og:image:type\" content=\"image\/jpeg\" \/>\n<meta name=\"author\" content=\"Francisco S\u00e1nchez Nolasco\" \/>\n<meta name=\"twitter:card\" content=\"summary_large_image\" \/>\n<meta name=\"twitter:label1\" content=\"Escrito por\" \/>\n\t<meta name=\"twitter:data1\" content=\"Francisco S\u00e1nchez Nolasco\" \/>\n\t<meta name=\"twitter:label2\" content=\"Tiempo de lectura\" \/>\n\t<meta name=\"twitter:data2\" content=\"1 minuto\" \/>\n<script type=\"application\/ld+json\" class=\"yoast-schema-graph\">{\"@context\":\"https:\/\/schema.org\",\"@graph\":[{\"@type\":\"WebPage\",\"@id\":\"https:\/\/thepueblatimes.mx\/index.php\/2021\/02\/23\/les-cae-la-justicia-en-pleno-asalto-en-la-ruta-angelopolis\/\",\"url\":\"https:\/\/thepueblatimes.mx\/index.php\/2021\/02\/23\/les-cae-la-justicia-en-pleno-asalto-en-la-ruta-angelopolis\/\",\"name\":\"Les cae la justicia en pleno asalto en la ruta Angel\u00f3polis - The Puebla Times\",\"isPartOf\":{\"@id\":\"https:\/\/thepueblatimes.mx\/#website\"},\"datePublished\":\"2021-02-24T04:16:57+00:00\",\"dateModified\":\"2021-02-24T04:16:57+00:00\",\"author\":{\"@id\":\"https:\/\/thepueblatimes.mx\/#\/schema\/person\/7bdf2adbc50078b104bba72b5612f774\"},\"breadcrumb\":{\"@id\":\"https:\/\/thepueblatimes.mx\/index.php\/2021\/02\/23\/les-cae-la-justicia-en-pleno-asalto-en-la-ruta-angelopolis\/#breadcrumb\"},\"inLanguage\":\"es\",\"potentialAction\":[{\"@type\":\"ReadAction\",\"target\":[\"https:\/\/thepueblatimes.mx\/index.php\/2021\/02\/23\/les-cae-la-justicia-en-pleno-asalto-en-la-ruta-angelopolis\/\"]}]},{\"@type\":\"BreadcrumbList\",\"@id\":\"https:\/\/thepueblatimes.mx\/index.php\/2021\/02\/23\/les-cae-la-justicia-en-pleno-asalto-en-la-ruta-angelopolis\/#breadcrumb\",\"itemListElement\":[{\"@type\":\"ListItem\",\"position\":1,\"name\":\"Portada\",\"item\":\"https:\/\/thepueblatimes.mx\/\"},{\"@type\":\"ListItem\",\"position\":2,\"name\":\"Les cae la justicia en pleno asalto en la ruta Angel\u00f3polis\"}]},{\"@type\":\"WebSite\",\"@id\":\"https:\/\/thepueblatimes.mx\/#website\",\"url\":\"https:\/\/thepueblatimes.mx\/\",\"name\":\"The Puebla Times\",\"description\":\"Noticias del Estado de Puebla\",\"potentialAction\":[{\"@type\":\"SearchAction\",\"target\":{\"@type\":\"EntryPoint\",\"urlTemplate\":\"https:\/\/thepueblatimes.mx\/?s={search_term_string}\"},\"query-input\":\"required name=search_term_string\"}],\"inLanguage\":\"es\"},{\"@type\":\"Person\",\"@id\":\"https:\/\/thepueblatimes.mx\/#\/schema\/person\/7bdf2adbc50078b104bba72b5612f774\",\"name\":\"Francisco S\u00e1nchez Nolasco\",\"image\":{\"@type\":\"ImageObject\",\"inLanguage\":\"es\",\"@id\":\"https:\/\/thepueblatimes.mx\/#\/schema\/person\/image\/\",\"url\":\"https:\/\/secure.gravatar.com\/avatar\/6061d7d20b38bc2742a5218401b198d2?s=96&d=mm&r=g\",\"contentUrl\":\"https:\/\/secure.gravatar.com\/avatar\/6061d7d20b38bc2742a5218401b198d2?s=96&d=mm&r=g\",\"caption\":\"Francisco S\u00e1nchez Nolasco\"},\"url\":\"https:\/\/thepueblatimes.mx\/index.php\/author\/marianitha-reyes\/\"}]}<\/script>\n<!-- \/ Yoast SEO plugin. -->","yoast_head_json":{"title":"Les cae la justicia en pleno asalto en la ruta Angel\u00f3polis - The Puebla Times","robots":{"index":"index","follow":"follow","max-snippet":"max-snippet:-1","max-image-preview":"max-image-preview:large","max-video-preview":"max-video-preview:-1"},"canonical":"https:\/\/thepueblatimes.mx\/index.php\/2021\/02\/23\/les-cae-la-justicia-en-pleno-asalto-en-la-ruta-angelopolis\/","og_locale":"es_ES","og_type":"article","og_title":"Les cae la justicia en pleno asalto en la ruta Angel\u00f3polis - The Puebla Times","og_description":"Dos mujeres y un hombre, presuntos asaltantes de transporte p\u00fablico, fueron detenidos en flagrancia por elementos de la Polic\u00eda Estatal, tras una solicitud de ayuda en el parador de Angel\u00f3polis, frente al Centro Integral de Servicios (CIS), la ma\u00f1ana de este lunes. Fuentes polic\u00edacas revelaron que al menos cuatro sujetos abordaron la unidad 22 de...","og_url":"https:\/\/thepueblatimes.mx\/index.php\/2021\/02\/23\/les-cae-la-justicia-en-pleno-asalto-en-la-ruta-angelopolis\/","og_site_name":"The Puebla Times","article_published_time":"2021-02-24T04:16:57+00:00","og_image":[{"width":768,"height":479,"url":"https:\/\/thepueblatimes.mx\/wp-content\/uploads\/2021\/02\/sirena-patrulla.jpg","type":"image\/jpeg"}],"author":"Francisco S\u00e1nchez Nolasco","twitter_card":"summary_large_image","twitter_misc":{"Escrito por":"Francisco S\u00e1nchez Nolasco","Tiempo de lectura":"1 minuto"},"schema":{"@context":"https:\/\/schema.org","@graph":[{"@type":"WebPage","@id":"https:\/\/thepueblatimes.mx\/index.php\/2021\/02\/23\/les-cae-la-justicia-en-pleno-asalto-en-la-ruta-angelopolis\/","url":"https:\/\/thepueblatimes.mx\/index.php\/2021\/02\/23\/les-cae-la-justicia-en-pleno-asalto-en-la-ruta-angelopolis\/","name":"Les cae la justicia en pleno asalto en la ruta Angel\u00f3polis - The Puebla Times","isPartOf":{"@id":"https:\/\/thepueblatimes.mx\/#website"},"datePublished":"2021-02-24T04:16:57+00:00","dateModified":"2021-02-24T04:16:57+00:00","author":{"@id":"https:\/\/thepueblatimes.mx\/#\/schema\/person\/7bdf2adbc50078b104bba72b5612f774"},"breadcrumb":{"@id":"https:\/\/thepueblatimes.mx\/index.php\/2021\/02\/23\/les-cae-la-justicia-en-pleno-asalto-en-la-ruta-angelopolis\/#breadcrumb"},"inLanguage":"es","potentialAction":[{"@type":"ReadAction","target":["https:\/\/thepueblatimes.mx\/index.php\/2021\/02\/23\/les-cae-la-justicia-en-pleno-asalto-en-la-ruta-angelopolis\/"]}]},{"@type":"BreadcrumbList","@id":"https:\/\/thepueblatimes.mx\/index.php\/2021\/02\/23\/les-cae-la-justicia-en-pleno-asalto-en-la-ruta-angelopolis\/#breadcrumb","itemListElement":[{"@type":"ListItem","position":1,"name":"Portada","item":"https:\/\/thepueblatimes.mx\/"},{"@type":"ListItem","position":2,"name":"Les cae la justicia en pleno asalto en la ruta Angel\u00f3polis"}]},{"@type":"WebSite","@id":"https:\/\/thepueblatimes.mx\/#website","url":"https:\/\/thepueblatimes.mx\/","name":"The Puebla Times","description":"Noticias del Estado de Puebla","potentialAction":[{"@type":"SearchAction","target":{"@type":"EntryPoint","urlTemplate":"https:\/\/thepueblatimes.mx\/?s={search_term_string}"},"query-input":"required name=search_term_string"}],"inLanguage":"es"},{"@type":"Person","@id":"https:\/\/thepueblatimes.mx\/#\/schema\/person\/7bdf2adbc50078b104bba72b5612f774","name":"Francisco S\u00e1nchez Nolasco","image":{"@type":"ImageObject","inLanguage":"es","@id":"https:\/\/thepueblatimes.mx\/#\/schema\/person\/image\/","url":"https:\/\/secure.gravatar.com\/avatar\/6061d7d20b38bc2742a5218401b198d2?s=96&d=mm&r=g","contentUrl":"https:\/\/secure.gravatar.com\/avatar\/6061d7d20b38bc2742a5218401b198d2?s=96&d=mm&r=g","caption":"Francisco S\u00e1nchez Nolasco"},"url":"https:\/\/thepueblatimes.mx\/index.php\/author\/marianitha-reyes\/"}]}},"jetpack_featured_media_url":"https:\/\/thepueblatimes.mx\/wp-content\/uploads\/2021\/02\/sirena-patrulla.jpg","_links":{"self":[{"href":"https:\/\/thepueblatimes.mx\/index.php\/wp-json\/wp\/v2\/posts\/10502"}],"collection":[{"href":"https:\/\/thepueblatimes.mx\/index.php\/wp-json\/wp\/v2\/posts"}],"about":[{"href":"https:\/\/thepueblatimes.mx\/index.php\/wp-json\/wp\/v2\/types\/post"}],"author":[{"embeddable":true,"href":"https:\/\/thepueblatimes.mx\/index.php\/wp-json\/wp\/v2\/users\/15"}],"replies":[{"embeddable":true,"href":"https:\/\/thepueblatimes.mx\/index.php\/wp-json\/wp\/v2\/comments?post=10502"}],"version-history":[{"count":1,"href":"https:\/\/thepueblatimes.mx\/index.php\/wp-json\/wp\/v2\/posts\/10502\/revisions"}],"predecessor-version":[{"id":10504,"href":"https:\/\/thepueblatimes.mx\/index.php\/wp-json\/wp\/v2\/posts\/10502\/revisions\/10504"}],"wp:featuredmedia":[{"embeddable":true,"href":"https:\/\/thepueblatimes.mx\/index.php\/wp-json\/wp\/v2\/media\/10503"}],"wp:attachment":[{"href":"https:\/\/thepueblatimes.mx\/index.php\/wp-json\/wp\/v2\/media?parent=10502"}],"wp:term":[{"taxonomy":"category","embeddable":true,"href":"https:\/\/thepueblatimes.mx\/index.php\/wp-json\/wp\/v2\/categories?post=10502"},{"taxonomy":"post_tag","embeddable":true,"href":"https:\/\/thepueblatimes.mx\/index.php\/wp-json\/wp\/v2\/tags?post=10502"}],"curies":[{"name":"wp","href":"https:\/\/api.w.org\/{rel}","templated":true}]}}