{"id":1032,"date":"2020-07-06T18:13:35","date_gmt":"2020-07-06T23:13:35","guid":{"rendered":"https:\/\/thepueblatimes.mx\/?p=1032"},"modified":"2020-07-06T18:13:35","modified_gmt":"2020-07-06T23:13:35","slug":"en-puebla-no-habra-medidas-restrictivas-que-atenten-contra-los-derechos-humanos-miguel-barbosa","status":"publish","type":"post","link":"https:\/\/thepueblatimes.mx\/index.php\/2020\/07\/06\/en-puebla-no-habra-medidas-restrictivas-que-atenten-contra-los-derechos-humanos-miguel-barbosa\/","title":{"rendered":"En Puebla no habr\u00e1 medidas restrictivas que atenten contra los derechos humanos: Miguel Barbosa"},"content":{"rendered":"<div id=\"contentsContainer\">\n<div id=\"contents\">\n<p id=\"E177\"><span id=\"E180\" class=\"qowt-font6-CalibriLight\">Al reportar 824 nuevos contagios de <\/span><span id=\"E182\" class=\"qowt-font6-CalibriLight\">COVID<\/span><span id=\"E184\" class=\"qowt-font6-CalibriLight\">-19 y 168 fallecimientos durante el fin de semana, el gobernador Miguel Barbosa Huerta llam\u00f3 nuevamente a las y los poblanos a mantener la disciplina social, pues aclar\u00f3 que desde el Gobierno del Estado no se establecer\u00e1n medidas restrictivas que atenten contra las libertades e inclusive contra los derechos humanos.<\/span><\/p>\n<p id=\"E186\"><span id=\"E187\" class=\"qowt-font6-CalibriLight\">En videoconferencia de prensa en Casa Aguayo, el titular del Ejecutivo <\/span>destac\u00f3 que hoy la entidad est\u00e1 en sem\u00e1foro rojo, por lo que su gobierno tiene que hablar con la verdad y no tomar acciones que pongan en riesgo la salud de las y los poblanos.<\/p>\n<\/div>\n<\/div>\n<div id=\"contentsContainer\">\n<div id=\"contents\">\n<p id=\"E189\"><span id=\"E190\" class=\"qowt-font6-CalibriLight\">Refiri\u00f3 que en el estado se sigue la lucha para reducir el n\u00famero de casos de dicha enfermedad, ya que la curva sigue en ascenso. <\/span><\/p>\n<p id=\"E192\"><span id=\"E193\" class=\"qowt-font6-CalibriLight\">Por \u00faltimo, Barbosa Huerta dijo que entiende el impacto econ\u00f3mico negativo que ha generado esta pandemia; sin embargo, record\u00f3 que a\u00fan no existen condiciones para restablecer las actividades econ\u00f3micas, sociales y religiosas<\/span><span id=\"E194\" class=\"qowt-font6-CalibriLight\">.<\/span><\/p>\n<\/div>\n<\/div>\n","protected":false},"excerpt":{"rendered":"<p>Al reportar 824 nuevos contagios de COVID-19 y 168 fallecimientos durante el fin de semana, el gobernador Miguel Barbosa Huerta llam\u00f3 nuevamente a las y los poblanos a mantener la disciplina social, pues aclar\u00f3 que desde el Gobierno del Estado no se establecer\u00e1n medidas restrictivas que atenten contra las libertades e inclusive contra los derechos&#8230;<\/p>\n","protected":false},"author":4,"featured_media":983,"comment_status":"open","ping_status":"open","sticky":false,"template":"","format":"standard","meta":[],"categories":[20],"tags":[108],"yoast_head":"<!-- This site is optimized with the Yoast SEO plugin v20.8 - https:\/\/yoast.com\/wordpress\/plugins\/seo\/ -->\n<title>En Puebla no habr\u00e1 medidas restrictivas que atenten contra los derechos humanos: Miguel Barbosa - The Puebla Times<\/title>\n<meta name=\"robots\" content=\"index, follow, max-snippet:-1, max-image-preview:large, max-video-preview:-1\" \/>\n<link rel=\"canonical\" href=\"https:\/\/thepueblatimes.mx\/index.php\/2020\/07\/06\/en-puebla-no-habra-medidas-restrictivas-que-atenten-contra-los-derechos-humanos-miguel-barbosa\/\" \/>\n<meta property=\"og:locale\" content=\"es_ES\" \/>\n<meta property=\"og:type\" content=\"article\" \/>\n<meta property=\"og:title\" content=\"En Puebla no habr\u00e1 medidas restrictivas que atenten contra los derechos humanos: Miguel Barbosa - The Puebla Times\" \/>\n<meta property=\"og:description\" content=\"Al reportar 824 nuevos contagios de COVID-19 y 168 fallecimientos durante el fin de semana, el gobernador Miguel Barbosa Huerta llam\u00f3 nuevamente a las y los poblanos a mantener la disciplina social, pues aclar\u00f3 que desde el Gobierno del Estado no se establecer\u00e1n medidas restrictivas que atenten contra las libertades e inclusive contra los derechos...\" \/>\n<meta property=\"og:url\" content=\"https:\/\/thepueblatimes.mx\/index.php\/2020\/07\/06\/en-puebla-no-habra-medidas-restrictivas-que-atenten-contra-los-derechos-humanos-miguel-barbosa\/\" \/>\n<meta property=\"og:site_name\" content=\"The Puebla Times\" \/>\n<meta property=\"article:published_time\" content=\"2020-07-06T23:13:35+00:00\" \/>\n<meta property=\"og:image\" content=\"https:\/\/thepueblatimes.mx\/wp-content\/uploads\/2020\/07\/WhatsApp-Image-2020-07-03-at-11.14.15-AM.jpeg\" \/>\n\t<meta property=\"og:image:width\" content=\"1280\" \/>\n\t<meta property=\"og:image:height\" content=\"853\" \/>\n\t<meta property=\"og:image:type\" content=\"image\/jpeg\" \/>\n<meta name=\"author\" content=\"Marcos Guevara\" \/>\n<meta name=\"twitter:card\" content=\"summary_large_image\" \/>\n<meta name=\"twitter:label1\" content=\"Escrito por\" \/>\n\t<meta name=\"twitter:data1\" content=\"Marcos Guevara\" \/>\n\t<meta name=\"twitter:label2\" content=\"Tiempo de lectura\" \/>\n\t<meta name=\"twitter:data2\" content=\"1 minuto\" \/>\n<script type=\"application\/ld+json\" class=\"yoast-schema-graph\">{\"@context\":\"https:\/\/schema.org\",\"@graph\":[{\"@type\":\"WebPage\",\"@id\":\"https:\/\/thepueblatimes.mx\/index.php\/2020\/07\/06\/en-puebla-no-habra-medidas-restrictivas-que-atenten-contra-los-derechos-humanos-miguel-barbosa\/\",\"url\":\"https:\/\/thepueblatimes.mx\/index.php\/2020\/07\/06\/en-puebla-no-habra-medidas-restrictivas-que-atenten-contra-los-derechos-humanos-miguel-barbosa\/\",\"name\":\"En Puebla no habr\u00e1 medidas restrictivas que atenten contra los derechos humanos: Miguel Barbosa - The Puebla Times\",\"isPartOf\":{\"@id\":\"https:\/\/thepueblatimes.mx\/#website\"},\"datePublished\":\"2020-07-06T23:13:35+00:00\",\"dateModified\":\"2020-07-06T23:13:35+00:00\",\"author\":{\"@id\":\"https:\/\/thepueblatimes.mx\/#\/schema\/person\/adbf065ee889f68194977e3499c4a51e\"},\"breadcrumb\":{\"@id\":\"https:\/\/thepueblatimes.mx\/index.php\/2020\/07\/06\/en-puebla-no-habra-medidas-restrictivas-que-atenten-contra-los-derechos-humanos-miguel-barbosa\/#breadcrumb\"},\"inLanguage\":\"es\",\"potentialAction\":[{\"@type\":\"ReadAction\",\"target\":[\"https:\/\/thepueblatimes.mx\/index.php\/2020\/07\/06\/en-puebla-no-habra-medidas-restrictivas-que-atenten-contra-los-derechos-humanos-miguel-barbosa\/\"]}]},{\"@type\":\"BreadcrumbList\",\"@id\":\"https:\/\/thepueblatimes.mx\/index.php\/2020\/07\/06\/en-puebla-no-habra-medidas-restrictivas-que-atenten-contra-los-derechos-humanos-miguel-barbosa\/#breadcrumb\",\"itemListElement\":[{\"@type\":\"ListItem\",\"position\":1,\"name\":\"Portada\",\"item\":\"https:\/\/thepueblatimes.mx\/\"},{\"@type\":\"ListItem\",\"position\":2,\"name\":\"En Puebla no habr\u00e1 medidas restrictivas que atenten contra los derechos humanos: Miguel Barbosa\"}]},{\"@type\":\"WebSite\",\"@id\":\"https:\/\/thepueblatimes.mx\/#website\",\"url\":\"https:\/\/thepueblatimes.mx\/\",\"name\":\"The Puebla Times\",\"description\":\"Noticias del Estado de Puebla\",\"potentialAction\":[{\"@type\":\"SearchAction\",\"target\":{\"@type\":\"EntryPoint\",\"urlTemplate\":\"https:\/\/thepueblatimes.mx\/?s={search_term_string}\"},\"query-input\":\"required name=search_term_string\"}],\"inLanguage\":\"es\"},{\"@type\":\"Person\",\"@id\":\"https:\/\/thepueblatimes.mx\/#\/schema\/person\/adbf065ee889f68194977e3499c4a51e\",\"name\":\"Marcos Guevara\",\"image\":{\"@type\":\"ImageObject\",\"inLanguage\":\"es\",\"@id\":\"https:\/\/thepueblatimes.mx\/#\/schema\/person\/image\/\",\"url\":\"https:\/\/secure.gravatar.com\/avatar\/c5d5853d70a8cf178bdfd28c1b8cdcdd?s=96&d=mm&r=g\",\"contentUrl\":\"https:\/\/secure.gravatar.com\/avatar\/c5d5853d70a8cf178bdfd28c1b8cdcdd?s=96&d=mm&r=g\",\"caption\":\"Marcos Guevara\"},\"url\":\"https:\/\/thepueblatimes.mx\/index.php\/author\/marcos-guevara\/\"}]}<\/script>\n<!-- \/ Yoast SEO plugin. -->","yoast_head_json":{"title":"En Puebla no habr\u00e1 medidas restrictivas que atenten contra los derechos humanos: Miguel Barbosa - The Puebla Times","robots":{"index":"index","follow":"follow","max-snippet":"max-snippet:-1","max-image-preview":"max-image-preview:large","max-video-preview":"max-video-preview:-1"},"canonical":"https:\/\/thepueblatimes.mx\/index.php\/2020\/07\/06\/en-puebla-no-habra-medidas-restrictivas-que-atenten-contra-los-derechos-humanos-miguel-barbosa\/","og_locale":"es_ES","og_type":"article","og_title":"En Puebla no habr\u00e1 medidas restrictivas que atenten contra los derechos humanos: Miguel Barbosa - The Puebla Times","og_description":"Al reportar 824 nuevos contagios de COVID-19 y 168 fallecimientos durante el fin de semana, el gobernador Miguel Barbosa Huerta llam\u00f3 nuevamente a las y los poblanos a mantener la disciplina social, pues aclar\u00f3 que desde el Gobierno del Estado no se establecer\u00e1n medidas restrictivas que atenten contra las libertades e inclusive contra los derechos...","og_url":"https:\/\/thepueblatimes.mx\/index.php\/2020\/07\/06\/en-puebla-no-habra-medidas-restrictivas-que-atenten-contra-los-derechos-humanos-miguel-barbosa\/","og_site_name":"The Puebla Times","article_published_time":"2020-07-06T23:13:35+00:00","og_image":[{"width":1280,"height":853,"url":"https:\/\/thepueblatimes.mx\/wp-content\/uploads\/2020\/07\/WhatsApp-Image-2020-07-03-at-11.14.15-AM.jpeg","type":"image\/jpeg"}],"author":"Marcos Guevara","twitter_card":"summary_large_image","twitter_misc":{"Escrito por":"Marcos Guevara","Tiempo de lectura":"1 minuto"},"schema":{"@context":"https:\/\/schema.org","@graph":[{"@type":"WebPage","@id":"https:\/\/thepueblatimes.mx\/index.php\/2020\/07\/06\/en-puebla-no-habra-medidas-restrictivas-que-atenten-contra-los-derechos-humanos-miguel-barbosa\/","url":"https:\/\/thepueblatimes.mx\/index.php\/2020\/07\/06\/en-puebla-no-habra-medidas-restrictivas-que-atenten-contra-los-derechos-humanos-miguel-barbosa\/","name":"En Puebla no habr\u00e1 medidas restrictivas que atenten contra los derechos humanos: Miguel Barbosa - The Puebla Times","isPartOf":{"@id":"https:\/\/thepueblatimes.mx\/#website"},"datePublished":"2020-07-06T23:13:35+00:00","dateModified":"2020-07-06T23:13:35+00:00","author":{"@id":"https:\/\/thepueblatimes.mx\/#\/schema\/person\/adbf065ee889f68194977e3499c4a51e"},"breadcrumb":{"@id":"https:\/\/thepueblatimes.mx\/index.php\/2020\/07\/06\/en-puebla-no-habra-medidas-restrictivas-que-atenten-contra-los-derechos-humanos-miguel-barbosa\/#breadcrumb"},"inLanguage":"es","potentialAction":[{"@type":"ReadAction","target":["https:\/\/thepueblatimes.mx\/index.php\/2020\/07\/06\/en-puebla-no-habra-medidas-restrictivas-que-atenten-contra-los-derechos-humanos-miguel-barbosa\/"]}]},{"@type":"BreadcrumbList","@id":"https:\/\/thepueblatimes.mx\/index.php\/2020\/07\/06\/en-puebla-no-habra-medidas-restrictivas-que-atenten-contra-los-derechos-humanos-miguel-barbosa\/#breadcrumb","itemListElement":[{"@type":"ListItem","position":1,"name":"Portada","item":"https:\/\/thepueblatimes.mx\/"},{"@type":"ListItem","position":2,"name":"En Puebla no habr\u00e1 medidas restrictivas que atenten contra los derechos humanos: Miguel Barbosa"}]},{"@type":"WebSite","@id":"https:\/\/thepueblatimes.mx\/#website","url":"https:\/\/thepueblatimes.mx\/","name":"The Puebla Times","description":"Noticias del Estado de Puebla","potentialAction":[{"@type":"SearchAction","target":{"@type":"EntryPoint","urlTemplate":"https:\/\/thepueblatimes.mx\/?s={search_term_string}"},"query-input":"required name=search_term_string"}],"inLanguage":"es"},{"@type":"Person","@id":"https:\/\/thepueblatimes.mx\/#\/schema\/person\/adbf065ee889f68194977e3499c4a51e","name":"Marcos Guevara","image":{"@type":"ImageObject","inLanguage":"es","@id":"https:\/\/thepueblatimes.mx\/#\/schema\/person\/image\/","url":"https:\/\/secure.gravatar.com\/avatar\/c5d5853d70a8cf178bdfd28c1b8cdcdd?s=96&d=mm&r=g","contentUrl":"https:\/\/secure.gravatar.com\/avatar\/c5d5853d70a8cf178bdfd28c1b8cdcdd?s=96&d=mm&r=g","caption":"Marcos Guevara"},"url":"https:\/\/thepueblatimes.mx\/index.php\/author\/marcos-guevara\/"}]}},"jetpack_featured_media_url":"https:\/\/thepueblatimes.mx\/wp-content\/uploads\/2020\/07\/WhatsApp-Image-2020-07-03-at-11.14.15-AM.jpeg","_links":{"self":[{"href":"https:\/\/thepueblatimes.mx\/index.php\/wp-json\/wp\/v2\/posts\/1032"}],"collection":[{"href":"https:\/\/thepueblatimes.mx\/index.php\/wp-json\/wp\/v2\/posts"}],"about":[{"href":"https:\/\/thepueblatimes.mx\/index.php\/wp-json\/wp\/v2\/types\/post"}],"author":[{"embeddable":true,"href":"https:\/\/thepueblatimes.mx\/index.php\/wp-json\/wp\/v2\/users\/4"}],"replies":[{"embeddable":true,"href":"https:\/\/thepueblatimes.mx\/index.php\/wp-json\/wp\/v2\/comments?post=1032"}],"version-history":[{"count":1,"href":"https:\/\/thepueblatimes.mx\/index.php\/wp-json\/wp\/v2\/posts\/1032\/revisions"}],"predecessor-version":[{"id":1039,"href":"https:\/\/thepueblatimes.mx\/index.php\/wp-json\/wp\/v2\/posts\/1032\/revisions\/1039"}],"wp:featuredmedia":[{"embeddable":true,"href":"https:\/\/thepueblatimes.mx\/index.php\/wp-json\/wp\/v2\/media\/983"}],"wp:attachment":[{"href":"https:\/\/thepueblatimes.mx\/index.php\/wp-json\/wp\/v2\/media?parent=1032"}],"wp:term":[{"taxonomy":"category","embeddable":true,"href":"https:\/\/thepueblatimes.mx\/index.php\/wp-json\/wp\/v2\/categories?post=1032"},{"taxonomy":"post_tag","embeddable":true,"href":"https:\/\/thepueblatimes.mx\/index.php\/wp-json\/wp\/v2\/tags?post=1032"}],"curies":[{"name":"wp","href":"https:\/\/api.w.org\/{rel}","templated":true}]}}